{"id":22466,"date":"2023-11-19T20:30:51","date_gmt":"2023-11-19T20:30:51","guid":{"rendered":"https:\/\/kraios.app\/news\/siyaset\/2023\/11\/19\/cumhurbaskani-erdoganin-haftalik-mesaisi-sosyal-medyadan-paylasildi-3\/"},"modified":"2023-11-19T20:30:51","modified_gmt":"2023-11-19T20:30:51","slug":"cumhurbaskani-erdoganin-haftalik-mesaisi-sosyal-medyadan-paylasildi-3","status":"publish","type":"post","link":"https:\/\/kraios.app\/news\/siyaset\/2023\/11\/19\/cumhurbaskani-erdoganin-haftalik-mesaisi-sosyal-medyadan-paylasildi-3\/","title":{"rendered":"Cumhurba\u015fkan\u0131 Erdo\u011fan&#039;\u0131n haftal\u0131k mesaisi sosyal medyadan payla\u015f\u0131ld\u0131"},"content":{"rendered":"<p>Cumhurba\u015fkan\u0131 Recep Tayyip Erdo\u011fan&#8217;\u0131n, 13-19 Kas\u0131m tarihlerindeki haftal\u0131k mesaisinde ger\u00e7ekle\u015ftirdi\u011fi g\u00f6r\u00fc\u015fme, ziyaret ve programlar sosyal medya hesab\u0131ndan payla\u015f\u0131ld\u0131.<\/p>\n","protected":false},"excerpt":{"rendered":"<p>Cumhurba\u015fkan\u0131 Recep Tayyip Erdo\u011fan&#8217;\u0131n, 13-19 Kas\u0131m tarihlerindeki haftal\u0131k mesaisinde ger\u00e7ekle\u015ftirdi\u011fi g\u00f6r\u00fc\u015fme, ziyaret ve programlar sosyal medya hesab\u0131ndan payla\u015f\u0131ld\u0131.<\/p>\n","protected":false},"author":1,"featured_media":22467,"comment_status":"","ping_status":"","sticky":false,"template":"","format":"standard","meta":[],"categories":[47],"tags":[],"_links":{"self":[{"href":"https:\/\/kraios.app\/news\/wp-json\/wp\/v2\/posts\/22466"}],"collection":[{"href":"https:\/\/kraios.app\/news\/wp-json\/wp\/v2\/posts"}],"about":[{"href":"https:\/\/kraios.app\/news\/wp-json\/wp\/v2\/types\/post"}],"author":[{"embeddable":true,"href":"https:\/\/kraios.app\/news\/wp-json\/wp\/v2\/users\/1"}],"replies":[{"embeddable":true,"href":"https:\/\/kraios.app\/news\/wp-json\/wp\/v2\/comments?post=22466"}],"version-history":[{"count":0,"href":"https:\/\/kraios.app\/news\/wp-json\/wp\/v2\/posts\/22466\/revisions"}],"wp:featuredmedia":[{"embeddable":true,"href":"https:\/\/kraios.app\/news\/wp-json\/wp\/v2\/media\/22467"}],"wp:attachment":[{"href":"https:\/\/kraios.app\/news\/wp-json\/wp\/v2\/media?parent=22466"}],"wp:term":[{"taxonomy":"category","embeddable":true,"href":"https:\/\/kraios.app\/news\/wp-json\/wp\/v2\/categories?post=22466"},{"taxonomy":"post_tag","embeddable":true,"href":"https:\/\/kraios.app\/news\/wp-json\/wp\/v2\/tags?post=22466"}],"curies":[{"name":"wp","href":"https:\/\/api.w.org\/{rel}","templated":true}]}}