{"id":2236,"date":"2023-04-15T12:20:05","date_gmt":"2023-04-15T12:20:05","guid":{"rendered":"https:\/\/kraios.app\/news\/gundem\/2023\/04\/15\/basortusu-meselesini-kulturel-bir-yaklasimla-cozmeye-calisiyoruz\/"},"modified":"2023-04-15T12:20:05","modified_gmt":"2023-04-15T12:20:05","slug":"basortusu-meselesini-kulturel-bir-yaklasimla-cozmeye-calisiyoruz","status":"publish","type":"post","link":"https:\/\/kraios.app\/news\/gundem\/2023\/04\/15\/basortusu-meselesini-kulturel-bir-yaklasimla-cozmeye-calisiyoruz\/","title":{"rendered":"Ba\u015f\u00f6rt\u00fcs\u00fc meselesini k\u00fclt\u00fcrel bir yakla\u015f\u0131mla \u00e7\u00f6zmeye \u00e7al\u0131\u015f\u0131yoruz"},"content":{"rendered":"<p><\/p>\n<div>\n<p>\u0130ran Cumhurba\u015fkanl\u0131\u011f\u0131&#8217;n\u0131n a\u00e7\u0131klamas\u0131na g\u00f6re, Reisi, \u00fclke genelindeki \u00f6\u011frenci derneklerinin temsilcilerini kabul etti\u011fi g\u00f6r\u00fc\u015fmede, \u00f6\u011frencilerin sorunlar\u0131n\u0131 dinledi.<\/p>\n<p>\u00dclkede baz\u0131 yabanc\u0131 sosyal medya platformlar\u0131na uygulanan eri\u015fim engelinin sorulmas\u0131 \u00fczerine Reisi, yabanc\u0131 platformlar\u0131n \u0130ran&#8217;da faaliyet g\u00f6stermesi i\u00e7in \u00fclkede bir temsilcili\u011finin olmas\u0131 gerekti\u011fini s\u00f6yledi.<\/p>\n<p>Reisi, &#8220;H\u00fck\u00fcmetin politikas\u0131 siber alan\u0131n \u00fclkede g\u00fcvensizlik yaratmak i\u00e7in bir platform haline gelmesini \u00f6nlemektir. Bu do\u011frultuda da \u00fclke i\u00e7inde bir ofis kurarak sorumluluklar\u0131n\u0131 bilen taleplere cevap vermeye istekli herhangi bir yabanc\u0131 platformun faaliyeti yasaklanmam\u0131\u015ft\u0131r.&#8221; dedi. <\/p>\n<p>\u0130ran&#8217;da zorunlu ba\u015f\u00f6rt\u00fcs\u00fc uygulamas\u0131 konusundaki tart\u0131\u015fmalara da de\u011finen Reisi, &#8220;H\u00fck\u00fcmet, ba\u015f\u00f6rt\u00fcs\u00fc sorununu k\u00fclt\u00fcrel bir bak\u0131\u015f a\u00e7\u0131s\u0131yla \u00e7\u00f6zmeye \u00e7al\u0131\u015f\u0131yor \u00e7\u00fcnk\u00fc d\u00fc\u015fman bunu bir g\u00fcvenlik meselesine d\u00f6n\u00fc\u015ft\u00fcrmeyi planl\u0131yor ve h\u00fck\u00fcmet de planlamayla d\u00fc\u015fman\u0131n isteklerinin ger\u00e7ekle\u015fmesine kesinlikle izin vermeyecektir.&#8221; ifadelerini kulland\u0131. <\/p>\n<h3>\u0130ran&#8217;daki g\u00f6steriler ve ba\u015f\u00f6rt\u00fcs\u00fc zorunlulu\u011fu<\/h3>\n<p>Tahran&#8217;da 13 Eyl\u00fcl 2022&#8217;de &#8220;ahlak polisi&#8221; olarak bilinen \u0130r\u015fat devriyeleri taraf\u0131ndan g\u00f6zalt\u0131na al\u0131nd\u0131ktan sonra rahats\u0131zlanarak hastaneye kald\u0131r\u0131lan 22 ya\u015f\u0131ndaki Mahsa Emini&#8217;nin 16 Eyl\u00fcl&#8217;de ya\u015fam\u0131n\u0131 yitirmesi, \u00fclke y\u00f6netimine kar\u015f\u0131 protestolara yol a\u00e7m\u0131\u015ft\u0131. G\u00f6steriler s\u0131ras\u0131nda y\u00fczlerce ki\u015finin hayat\u0131n\u0131 kaybetti\u011fi a\u00e7\u0131klanm\u0131\u015ft\u0131.<\/p>\n<p>Emini&#8217;nin \u00f6l\u00fcm\u00fc \u00fczerine ba\u015flayan protestolar, 1979&#8217;dan bu yana uygulanan zorunlu ba\u015f\u00f6rt\u00fcs\u00fc yasas\u0131n\u0131n esnetilmesi taleplerini yeniden g\u00fcndeme getirmi\u015fti.<\/p>\n<p>\u0130ran&#8217;da &#8220;\u0130yili\u011fi Emretme ve K\u00f6t\u00fcl\u00fckten Sak\u0131nd\u0131rma Merkezi&#8221; S\u00f6zc\u00fcs\u00fc Ali Hanmuhammedi, 5 Aral\u0131k 2022&#8217;de yapt\u0131\u011f\u0131 a\u00e7\u0131klamada, ele\u015ftirilerin hedefindeki \u0130r\u015fat devriyelerinin g\u00f6revinin sona erdi\u011fini ve ba\u015f\u00f6rt\u00fcs\u00fc uygulamas\u0131n\u0131n &#8220;daha modern y\u00f6ntemlerle teknolojiden de faydalan\u0131larak devam edebilece\u011fini&#8221; belirtmi\u015fti.<\/p>\n<p>Bu s\u00fcre\u00e7te \u00fclkede baz\u0131 kad\u0131nlar\u0131n ba\u015f\u00f6rt\u00fcs\u00fc kurallar\u0131na uymad\u0131\u011f\u0131na dair g\u00f6r\u00fcnt\u00fcler sosyal medyada yer bulmu\u015ftu. Bununla birlikte zorunlu ba\u015f\u00f6rt\u00fcs\u00fc yasas\u0131na uymad\u0131\u011f\u0131 tespit edilen baz\u0131 i\u015fletmelerin kapat\u0131ld\u0131\u011f\u0131na dair haberler \u00fclke medyas\u0131na yans\u0131m\u0131\u015ft\u0131.<\/p>\n<p>\u0130ran lideri Ayetullah Ali Hamaney ise 4 Ocak&#8217;ta yapt\u0131\u011f\u0131 konu\u015fmada, \u00fclkedeki zorunlu ba\u015f\u00f6rt\u00fcs\u00fc kurallar\u0131na tam riayet etmeyen kad\u0131nlar\u0131n &#8220;dinsizlik ve rejim kar\u015f\u0131tl\u0131\u011f\u0131yla&#8221; itham edilmemesi gerekti\u011fini s\u00f6ylemi\u015fti.<\/p>\n<p>\u0130\u00e7i\u015fleri Bakanl\u0131\u011f\u0131 ve Yarg\u0131 Erki taraf\u0131ndan ayr\u0131 ayr\u0131 yap\u0131lan a\u00e7\u0131klamalarda, zorunlu ba\u015f\u00f6rt\u00fcs\u00fc kural\u0131na ayk\u0131r\u0131 hareket edenlere kar\u015f\u0131 harekete ge\u00e7ilece\u011fi ifade edilmi\u015f ve daha sonra sokak ve caddelerdeki kameralar\u0131n ba\u015f\u00f6rt\u00fcs\u00fc denetimleri i\u00e7in kullan\u0131laca\u011f\u0131 belirtilmi\u015fti. Kameralarla yap\u0131lacak ba\u015f\u00f6rt\u00fcs\u00fc denetimleri bug\u00fcn uygulamaya girmi\u015fti.<\/p>\n<p>                            <span class=\"detay-foto-editor\">&#13;<br \/>\n                                <a href=\"https:\/\/www.aa.com.tr\/tr\/p\/abonelik-talep-formu\/1001\" target=\"_blank\" style=\"font-size:12px; color:#444; text-decoration:none;\" rel=\"noopener\">&#13;<br \/>\n                                    Anadolu Ajans\u0131 web sitesinde, AA Haber Ak\u0131\u015f Sistemi (HAS) \u00fczerinden abonelere sunulan haberler, \u00f6zetlenerek yay\u0131mlanmaktad\u0131r. <b style=\"color:#1897F7\">Abonelik i\u00e7in l\u00fctfen ileti\u015fime ge\u00e7iniz.<\/b>&#13;<br \/>\n                                <\/a>&#13;<br \/>\n                            <\/span>\n                        <\/div>\n<p><script>\n\t  window.fbAsyncInit = function() {\n\t\tFB.init({\n\t\t  appId: '1855843514662870',\n\t\t  status : true, \/\/ check login status\n\t\t  cookie : true, \/\/ enable cookies to allow the server to access the session\n\t\t  xfbml  : true  \/\/ parse XFBML\n\t\t});\n\t  };<\/p>\n<p>\t  (function() {\n\t\tvar e = document.createElement('script');\n\t\te.src=\"https:\/\/connect.facebook.net\/tr_TR\/all.js\";\n\t\te.async = true;\n\t\tdocument.getElementById('fb-root').appendChild(e);\n\t  }());\n    <\/script><\/p>\n","protected":false},"excerpt":{"rendered":"<p>\u0130ran Cumhurba\u015fkanl\u0131\u011f\u0131&#8217;n\u0131n a\u00e7\u0131klamas\u0131na g\u00f6re, Reisi, \u00fclke genelindeki \u00f6\u011frenci derneklerinin temsilcilerini kabul etti\u011fi g\u00f6r\u00fc\u015fmede, \u00f6\u011frencilerin sorunlar\u0131n\u0131 dinledi. \u00dclkede baz\u0131 yabanc\u0131 sosyal medya platformlar\u0131na uygulanan eri\u015fim engelinin sorulmas\u0131 \u00fczerine Reisi, yabanc\u0131 platformlar\u0131n \u0130ran&#8217;da faaliyet g\u00f6stermesi i\u00e7in \u00fclkede bir temsilcili\u011finin olmas\u0131 gerekti\u011fini s\u00f6yledi. Reisi, &#8220;H\u00fck\u00fcmetin politikas\u0131 siber alan\u0131n \u00fclkede g\u00fcvensizlik yaratmak i\u00e7in bir platform haline gelmesini \u00f6nlemektir. Bu [&hellip;]<\/p>\n","protected":false},"author":1,"featured_media":2237,"comment_status":"","ping_status":"","sticky":false,"template":"","format":"standard","meta":[],"categories":[1],"tags":[],"_links":{"self":[{"href":"https:\/\/kraios.app\/news\/wp-json\/wp\/v2\/posts\/2236"}],"collection":[{"href":"https:\/\/kraios.app\/news\/wp-json\/wp\/v2\/posts"}],"about":[{"href":"https:\/\/kraios.app\/news\/wp-json\/wp\/v2\/types\/post"}],"author":[{"embeddable":true,"href":"https:\/\/kraios.app\/news\/wp-json\/wp\/v2\/users\/1"}],"replies":[{"embeddable":true,"href":"https:\/\/kraios.app\/news\/wp-json\/wp\/v2\/comments?post=2236"}],"version-history":[{"count":0,"href":"https:\/\/kraios.app\/news\/wp-json\/wp\/v2\/posts\/2236\/revisions"}],"wp:featuredmedia":[{"embeddable":true,"href":"https:\/\/kraios.app\/news\/wp-json\/wp\/v2\/media\/2237"}],"wp:attachment":[{"href":"https:\/\/kraios.app\/news\/wp-json\/wp\/v2\/media?parent=2236"}],"wp:term":[{"taxonomy":"category","embeddable":true,"href":"https:\/\/kraios.app\/news\/wp-json\/wp\/v2\/categories?post=2236"},{"taxonomy":"post_tag","embeddable":true,"href":"https:\/\/kraios.app\/news\/wp-json\/wp\/v2\/tags?post=2236"}],"curies":[{"name":"wp","href":"https:\/\/api.w.org\/{rel}","templated":true}]}}