{"id":22323,"date":"2023-11-17T23:13:00","date_gmt":"2023-11-17T23:13:00","guid":{"rendered":"https:\/\/kraios.app\/news\/siyaset\/2023\/11\/17\/meclis-insan-haklari-komisyonu-gazze-ziyareti-icin-misirdan-tarih-bekliyor\/"},"modified":"2023-11-17T23:13:00","modified_gmt":"2023-11-17T23:13:00","slug":"meclis-insan-haklari-komisyonu-gazze-ziyareti-icin-misirdan-tarih-bekliyor","status":"publish","type":"post","link":"https:\/\/kraios.app\/news\/siyaset\/2023\/11\/17\/meclis-insan-haklari-komisyonu-gazze-ziyareti-icin-misirdan-tarih-bekliyor\/","title":{"rendered":"Meclis \u0130nsan Haklar\u0131 Komisyonu Gazze ziyareti i\u00e7in M\u0131s\u0131r&#8217;dan tarih bekliyor"},"content":{"rendered":"<p><\/p>\n<div>\n<p>Komisyon Ba\u015fkan\u0131 ve AK Parti Osmaniye Milletvekili Derya Yan\u0131k, komisyonun \u00e7al\u0131\u015fmalar\u0131 ve Gazze ziyareti planlamas\u0131na ili\u015fkin AA muhabirine a\u00e7\u0131klamalarda bulundu.<\/p>\n<p>Yan\u0131k, Filistin topraklar\u0131n\u0131n \u0130srail taraf\u0131ndan i\u015fgal edildi\u011fini belirterek, 7 Ekim&#8217;de ba\u015flayan sald\u0131r\u0131lar\u0131n yo\u011fun bi\u00e7imde devam etti\u011fini, \u0130srail&#8217;in sivil, \u00e7ocuk, kad\u0131n ayr\u0131m\u0131 yapmadan son olarak hastaneleri de bombalad\u0131\u011f\u0131n\u0131 s\u00f6yledi.<\/p>\n<p>Derya Yan\u0131k, T\u00fcrkiye&#8217;nin Gazze&#8217;de ya\u015fanan geli\u015fmeleri en ba\u015f\u0131ndan itibaren \u00e7ok yak\u0131ndan takip etti\u011fini ve tepkisini de en \u00fcst noktadan dile getirdi\u011finin alt\u0131n\u0131 \u00e7izdi.<\/p>\n<p>Cumhurba\u015fkan\u0131 Recep Tayyip Erdo\u011fan&#8217;\u0131n da \u00e7at\u0131\u015fmalar s\u0131ras\u0131nda \u00e7ocuklar, hastalar, ya\u015fl\u0131lar\u0131n sivillerin korunmas\u0131 noktas\u0131ndaki ifadelerinin b\u00fct\u00fcn d\u00fcnyaya duyuruldu\u011funu ifade eden Yan\u0131k, TBMM&#8217;de de Filistin&#8217;in i\u015fgali ve Gazze&#8217;nin bombalanmas\u0131na ili\u015fkin b\u00fct\u00fcn siyasi partilerin kat\u0131l\u0131m\u0131yla ortak bir bildiri yay\u0131mlad\u0131\u011f\u0131n\u0131, Meclis Ba\u015fkan\u0131 Numan Kurtulmu\u015f&#8217;un da bu konuda giri\u015fimlerinin oldu\u011funu an\u0131msatt\u0131.<\/p>\n<h3>&#8220;Takvim bize ba\u011fl\u0131 de\u011fil&#8221;<\/h3>\n<p>\u0130nsan Haklar\u0131n\u0131 \u0130nceleme Komisyonu&#8217;nun da Gazze&#8217;de ya\u015fananlar konusunda bir sorumlulu\u011funun bulundu\u011funun belirten Yan\u0131k, &#8220;Birle\u015fmi\u015f Milletler \u0130nsan Haklar\u0131 Komitesi ve Birle\u015fmi\u015f Milletler Kad\u0131n\u0131n Stat\u00fcs\u00fc, UNICEF ba\u015fta olmak \u00fczere bu konuda ilgili b\u00fct\u00fcn uluslararas\u0131 kurulu\u015flara insanl\u0131\u011f\u0131n, mazlumlar\u0131n yan\u0131nda yer almalar\u0131 gerekti\u011fi ve \u0130srail&#8217;in sald\u0131r\u0131lar\u0131n\u0131n bir an \u00f6nce sona ermesi i\u00e7in giri\u015fimlerin yap\u0131lmas\u0131 noktas\u0131nda bir mektup yazd\u0131k g\u00f6nderdik. \u00dclkemizde bulunan b\u00fcy\u00fckel\u00e7iliklere ve yabanc\u0131 misyon temsilciliklerine ayn\u0131 mektubu g\u00f6nderdik.&#8221; dedi.<\/p>\n<p>Komisyonun insan haklar\u0131n\u0131 inceleme yetkisinin bulundu\u011funun alt\u0131n\u0131 \u00e7izen Yan\u0131k, &#8220;\u0130nsan haklar\u0131 ihlallerini yerinde incelemek \u00fczere Gazze&#8217;ye ziyaret ger\u00e7ekle\u015ftirme irademiz var. Bununla ilgili de gerekli yaz\u0131\u015fmalar\u0131, s\u00fcreci ba\u015flatt\u0131k. \u0130lk etapta Gazze&#8217;ye ula\u015fmam\u0131z biraz zor olacak ama M\u0131s\u0131r Refah Kap\u0131s\u0131&#8217;ndan oraya ge\u00e7i\u015f i\u00e7in M\u0131s\u0131r makamlar\u0131yla yaz\u0131\u015fmalar\u0131m\u0131z devam ediyor. Onlar\u0131n uygun g\u00f6rd\u00fc\u011f\u00fc, oradaki \u015fartlar\u0131 olu\u015fturduktan sonra hem bizim D\u0131\u015fi\u015flerimizin hem de M\u0131s\u0131r taraf\u0131n\u0131n kabul\u00fcne ba\u011fl\u0131 olarak i\u015faret ettikleri, verdikleri bir tarihte bu ziyaretimizi ger\u00e7ekle\u015ftirmek istiyoruz. Bu s\u00fcreci bekliyoruz. Takvim maalesef bize ba\u011fl\u0131 de\u011fil. Biz bir tarih aral\u0131\u011f\u0131 bildirmi\u015ftik ama \u015fartlar gere\u011fi kar\u015f\u0131 tarafta ziyaret edece\u011fimiz lokasyonu, bizim D\u0131\u015fi\u015flerimizin de uygun g\u00f6rece\u011fi tarih aral\u0131\u011f\u0131n\u0131 belirlemeye \u00e7al\u0131\u015f\u0131yoruz. \u015eu anda bir takvim vermek sa\u011fl\u0131kl\u0131 olmaz.&#8221; diye konu\u015ftu.<\/p>\n<p>Yan\u0131k, uluslararas\u0131 medya kurulu\u015flar\u0131ndan baz\u0131lar\u0131n\u0131n \u0130srail&#8217;in i\u015fgalini me\u015frula\u015ft\u0131ran ve normalle\u015ftiren bir dil kullanmas\u0131na tepki g\u00f6stererek, bu konuda da giri\u015fimlerde bulunduklar\u0131n\u0131 s\u00f6yledi.<\/p>\n<p>Derya Yan\u0131k, \u015funlar\u0131 kaydetti:<\/p>\n<p>&#8220;Komisyon olarak muadil kurulu\u015flar\u0131m\u0131z, parlamentolar\u0131n bizim muadilimiz komiteleri, komisyonlar\u0131 ile ileti\u015fimimizi s\u00fcrd\u00fcr\u00fcyoruz. \u00c7al\u0131\u015fmalar\u0131m\u0131z\u0131, \u0130srail&#8217;in Gazze&#8217;ye y\u00f6nelik sald\u0131r\u0131lar\u0131 sona erinceye kadar aral\u0131ks\u0131z devam ettirece\u011fiz. T\u00fcrkiye Cumhuriyeti&#8217;nin b\u00fct\u00fcn birimlerinde oldu\u011fu gibi Cumhurba\u015fkan\u0131m\u0131z\u0131n temsil etti\u011fi iradeyi biz de TBMM&#8217;de komisyon olarak devam ettiriyoruz.<\/p>\n<p>T\u00fcrkiye olarak elimizden gelen her t\u00fcrl\u00fc \u00e7abay\u0131 g\u00f6steriyoruz; b\u00fct\u00fcn birimlerimizle. AFAD, Refah S\u0131n\u0131r Kap\u0131s\u0131&#8217;nda bir Sahra Hastanesi kurdu. T\u00fcrk K\u0131z\u0131lay en ba\u015f\u0131ndan itibaren orada yard\u0131m \u00e7al\u0131\u015fmalar\u0131n\u0131 devam ettiriyor. Sa\u011fl\u0131k hizmeti noktas\u0131nda Sa\u011fl\u0131k Bakanl\u0131\u011f\u0131m\u0131z hasta gruplar\u0131n\u0131 yak\u0131ndan takip ediyor. Emine Erdo\u011fan han\u0131mefendinin \u00f6nc\u00fcl\u00fc\u011f\u00fcnde \u00e7ocuk grubu takip ediliyor. Oradan bir grup \u00e7ocuk T\u00fcrkiye&#8217;ye getirilerek bak\u0131mlar\u0131 ve g\u00f6zetimleri sa\u011flanacak. T\u00fcrkiye olarak maddi ve manevi her t\u00fcrl\u00fc katk\u0131y\u0131 sa\u011flamaya devam ediyoruz.&#8221;<\/p>\n<p>                            <span class=\"detay-foto-editor\">&#13;<br \/>\n                                <a href=\"https:\/\/www.aa.com.tr\/tr\/p\/abonelik-talep-formu\/1001\" target=\"_blank\" style=\"font-size:12px; color:#444; text-decoration:none;\" rel=\"noopener\">&#13;<br \/>\n                                    Anadolu Ajans\u0131 web sitesinde, AA Haber Ak\u0131\u015f Sistemi (HAS) \u00fczerinden abonelere sunulan haberler, \u00f6zetlenerek yay\u0131mlanmaktad\u0131r. <b style=\"color:#1897F7\">Abonelik i\u00e7in l\u00fctfen ileti\u015fime ge\u00e7iniz.<\/b>&#13;<br \/>\n                                <\/a>&#13;<br \/>\n                            <\/span>\n                        <\/div>\n<p><script>\n\t  window.fbAsyncInit = function() {\n\t\tFB.init({\n\t\t  appId: '1855843514662870',\n\t\t  status : true, \/\/ check login status\n\t\t  cookie : true, \/\/ enable cookies to allow the server to access the session\n\t\t  xfbml  : true  \/\/ parse XFBML\n\t\t});\n\t  };<\/p>\n<p>\t  (function() {\n\t\tvar e = document.createElement('script');\n\t\te.src=\"https:\/\/connect.facebook.net\/tr_TR\/all.js\";\n\t\te.async = true;\n\t\tdocument.getElementById('fb-root').appendChild(e);\n\t  }());\n    <\/script><\/p>\n","protected":false},"excerpt":{"rendered":"<p>Komisyon Ba\u015fkan\u0131 ve AK Parti Osmaniye Milletvekili Derya Yan\u0131k, komisyonun \u00e7al\u0131\u015fmalar\u0131 ve Gazze ziyareti planlamas\u0131na ili\u015fkin AA muhabirine a\u00e7\u0131klamalarda bulundu. Yan\u0131k, Filistin topraklar\u0131n\u0131n \u0130srail taraf\u0131ndan i\u015fgal edildi\u011fini belirterek, 7 Ekim&#8217;de ba\u015flayan sald\u0131r\u0131lar\u0131n yo\u011fun bi\u00e7imde devam etti\u011fini, \u0130srail&#8217;in sivil, \u00e7ocuk, kad\u0131n ayr\u0131m\u0131 yapmadan son olarak hastaneleri de bombalad\u0131\u011f\u0131n\u0131 s\u00f6yledi. Derya Yan\u0131k, T\u00fcrkiye&#8217;nin Gazze&#8217;de ya\u015fanan geli\u015fmeleri en [&hellip;]<\/p>\n","protected":false},"author":1,"featured_media":22324,"comment_status":"","ping_status":"","sticky":false,"template":"","format":"standard","meta":[],"categories":[47],"tags":[],"_links":{"self":[{"href":"https:\/\/kraios.app\/news\/wp-json\/wp\/v2\/posts\/22323"}],"collection":[{"href":"https:\/\/kraios.app\/news\/wp-json\/wp\/v2\/posts"}],"about":[{"href":"https:\/\/kraios.app\/news\/wp-json\/wp\/v2\/types\/post"}],"author":[{"embeddable":true,"href":"https:\/\/kraios.app\/news\/wp-json\/wp\/v2\/users\/1"}],"replies":[{"embeddable":true,"href":"https:\/\/kraios.app\/news\/wp-json\/wp\/v2\/comments?post=22323"}],"version-history":[{"count":0,"href":"https:\/\/kraios.app\/news\/wp-json\/wp\/v2\/posts\/22323\/revisions"}],"wp:featuredmedia":[{"embeddable":true,"href":"https:\/\/kraios.app\/news\/wp-json\/wp\/v2\/media\/22324"}],"wp:attachment":[{"href":"https:\/\/kraios.app\/news\/wp-json\/wp\/v2\/media?parent=22323"}],"wp:term":[{"taxonomy":"category","embeddable":true,"href":"https:\/\/kraios.app\/news\/wp-json\/wp\/v2\/categories?post=22323"},{"taxonomy":"post_tag","embeddable":true,"href":"https:\/\/kraios.app\/news\/wp-json\/wp\/v2\/tags?post=22323"}],"curies":[{"name":"wp","href":"https:\/\/api.w.org\/{rel}","templated":true}]}}