{"id":22303,"date":"2023-11-17T21:38:58","date_gmt":"2023-11-17T21:38:58","guid":{"rendered":"https:\/\/kraios.app\/news\/siyaset\/2023\/11\/17\/bizim-israile-borcumuz-yok-ama-borclu-olanlar-rahat-konusamiyor\/"},"modified":"2023-11-17T21:38:58","modified_gmt":"2023-11-17T21:38:58","slug":"bizim-israile-borcumuz-yok-ama-borclu-olanlar-rahat-konusamiyor","status":"publish","type":"post","link":"https:\/\/kraios.app\/news\/siyaset\/2023\/11\/17\/bizim-israile-borcumuz-yok-ama-borclu-olanlar-rahat-konusamiyor\/","title":{"rendered":"Bizim \u0130srail&#8217;e borcumuz yok, ama bor\u00e7lu olanlar rahat konu\u015fam\u0131yor"},"content":{"rendered":"<p><\/p>\n<div>\n<p>Cumhurba\u015fkan\u0131 Recep Tayyip Erdo\u011fan, Almanya Ba\u015fbakan\u0131 Olaf Scholz ile ba\u015f ba\u015fa g\u00f6r\u00fc\u015fme ve heyetler aras\u0131 \u00e7al\u0131\u015fma yeme\u011fi \u00f6ncesinde ortak bas\u0131n toplant\u0131s\u0131 d\u00fczenledi.<\/p>\n<p>Cumhurba\u015fkan\u0131 Erdo\u011fan, Ba\u015fbakanl\u0131k binas\u0131na geli\u015finde kendisini kar\u015f\u0131layan Scholz ile tokala\u015ft\u0131 ve bas\u0131n mensuplar\u0131na poz verdi.<\/p>\n<p>Erdo\u011fan, burada yapt\u0131\u011f\u0131 konu\u015fmada, \u015fahs\u0131na ve heyetine g\u00f6sterilen misafirperverlik i\u00e7in ba\u015fta Almanya Cumhurba\u015fkan\u0131 Frank-Walter Steinmeier ve Scholz olmak \u00fczere t\u00fcm Alman dostlar\u0131na te\u015fekk\u00fcr etti.<\/p>\n<p class=\"videoWrapper\">\n<div class=\"jeg_video_container jeg_video_content\"><iframe loading=\"lazy\" title=\"Cumhurba\u015fkan\u0131 Erdo\u011fan Almanya\u2019da konu\u015ftu: Biz Holokost cenderesinden ge\u00e7medik\" width=\"500\" height=\"281\" src=\"https:\/\/www.youtube.com\/embed\/Yc9z48MqMWk?feature=oembed\" frameborder=\"0\" allow=\"accelerometer; autoplay; clipboard-write; encrypted-media; gyroscope; picture-in-picture; web-share\" allowfullscreen><\/iframe><\/div>\n<p>&amp;amp;amp;lt;br class=&#8221;k-br&#8221; \/&amp;amp;amp;gt;<\/iframe><\/p>\n<p>Scholz&#8217;un daveti \u00fczerine ger\u00e7ekle\u015ftirdi\u011fi ziyarete b\u00fcy\u00fck \u00f6nem verdi\u011fini ifade eden Erdo\u011fan, Scholz ile T\u00fcrkiye ve Almanya aras\u0131ndaki ili\u015fkileri t\u00fcm y\u00f6nleriyle ele alacaklar\u0131n\u0131 s\u00f6yledi.<\/p>\n<h3>\u0130srail&#8217;in Filistin&#8217;e sald\u0131r\u0131s\u0131<\/h3>\n<p>Erdo\u011fan, g\u00f6r\u00fc\u015fmenin, ticari, siyasi, askeri ili\u015fkiler boyutunun, \u00f6zellikle de Rusya-Ukrayna aras\u0131ndaki geli\u015fmeler ve son olarak \u0130srail-Filistin aras\u0131ndaki geli\u015fmeler boyutunun olaca\u011f\u0131n\u0131 belirtti.<\/p>\n<p>A\u00e7\u0131k ve net konu\u015fmay\u0131 sevdi\u011fine dikkati \u00e7eken Erdo\u011fan, s\u00f6zlerini \u015f\u00f6yle s\u00fcrd\u00fcrd\u00fc:<\/p>\n<p>&#8220;Burada da a\u00e7\u0131k ve net konu\u015faca\u011f\u0131m. \u00c7\u00fcnk\u00fc 7 Ekim tarihi bir ba\u015flang\u0131\u00e7 olarak anlat\u0131l\u0131yor. 7 Ekim&#8217;den sonraki s\u00fcre\u00e7 hi\u00e7 konu\u015fulmuyor. \u015eu an itibar\u0131yla malum 13 bin Filistinli \u00e7ocuk, kad\u0131n, ya\u015fl\u0131 ne yaz\u0131k ki \u00f6ld\u00fcr\u00fclm\u00fc\u015ft\u00fcr. Bunun yan\u0131nda art\u0131k neredeyse Gazze diye bir yer kalmad\u0131, her taraf yerle yeksan oldu. \u015eu anda yat\u0131yorlar, kalk\u0131yorlar, Hamas, Hamas, Hamas&#8230; Hamas&#8217;\u0131n silah varl\u0131\u011f\u0131 ve g\u00fcc\u00fc ile acaba \u0130srail&#8217;in silah varl\u0131\u011f\u0131, g\u00fcc\u00fc mukayese edilebilir mi? \u015eu anda \u0130srail&#8217;in n\u00fckleer silah\u0131 var m\u0131? Var ama bunu \u0130srail&#8217;e sorarsan\u0131z &#8216;var&#8217; demez. \u00c7\u00fcnk\u00fc onlar yalan\u0131 \u00e7ok iyi kullan\u0131rlar. B\u00fct\u00fcn bunlarla beraber \u015fu anda \u015fu kadar mali destek verildi\u011finden bahsediliyor. Peki, Hamas&#8217;a b\u00f6yle bir mali destek veriliyor mu? B\u00f6yle bir \u015fey s\u00f6z konusu mu? Hay\u0131r, b\u00f6yle bir \u015fey de yok. Filistin&#8217;in kendisine verilmesi gereken destekler de verilmiyor.&#8221;<\/p>\n<p><img decoding=\"async\" alt=\"\" src=\"https:\/\/www.aa.com.tr\/uploads\/userFiles\/54a427bf-71c5-4e63-a83d-6196709e92a3\/009_2023%2F002_2023%2F14_Kasim%2F13%2FAA-32944592.jpg\"\/><\/p>\n<h3>&#8220;Tevrat&#8217;ta bunlar\u0131n hi\u00e7birisi yoktur&#8221;<\/h3>\n<p>Erdo\u011fan, b\u00fct\u00fcn bu yokluklar i\u00e7erisinde, ibadethanelerin, kiliselerin, hastanelerin vuruldu\u011funu an\u0131msatt\u0131.<\/p>\n<blockquote class=\"twitter-tweet\">\n<p dir=\"ltr\" lang=\"tr\">\u275dBizim \u0130srail\u2019e borcumuz yok. Bor\u00e7lu olsak bu kadar rahat konu\u015famay\u0131z ama bor\u00e7lu olanlar rahat konu\u015fam\u0131yor. Biz Holokost cenderesinden ge\u00e7medik. \u00d6yle bir durumumuz da yok\u275e<\/p>\n<p>Cumhurba\u015fkan\u0131 Erdo\u011fan, Almanya Ba\u015fbakan\u0131 Scholz ile d\u00fczenlenen ortak bas\u0131n toplant\u0131s\u0131nda konu\u015ftu\u2026 <a href=\"https:\/\/t.co\/6a3W2qnAbk\">pic.twitter.com\/6a3W2qnAbk<\/a><\/p>\n<p>\u2014 Anadolu Ajans\u0131 (@anadoluajansi) <a href=\"https:\/\/twitter.com\/anadoluajansi\/status\/1725592714132009412?ref_src=twsrc%5Etfw\">November 17, 2023<\/a><\/p><\/blockquote>\n<p>B\u00fct\u00fcn bunlar\u0131n yan\u0131nda hastanelerin vurulmas\u0131n\u0131n, \u00e7ocuklar\u0131n \u00f6ld\u00fcr\u00fclmesinin Tevrat&#8217;ta olmad\u0131\u011f\u0131na i\u015faret eden Erdo\u011fan, \u015funlar\u0131 s\u00f6yledi:<\/p>\n<p>&#8220;Tevrat&#8217;ta bunlar\u0131n hi\u00e7birisi yoktur. Yapamazs\u0131n. \u0130nsan haklar\u0131 beyannamesinde yapamazs\u0131n. Ama burada g\u00f6r\u00fcld\u00fc\u011f\u00fc gibi bu \u00e7ocuklar nas\u0131l vuruluyor? Hastanelerde bunlar nas\u0131l \u00f6ld\u00fcr\u00fcl\u00fcyor? Bunlar kar\u015f\u0131s\u0131nda biz elimiz, kolumuz ba\u011fl\u0131 m\u0131 duraca\u011f\u0131z? Buna kar\u015f\u0131 hi\u00e7 sesimizi \u00e7\u0131karmayacak m\u0131y\u0131z? E\u011fer burada elimiz, kolumuz, dilimiz ba\u011fl\u0131 kal\u0131rsak bunun tarihe hesab\u0131n\u0131 veremeyiz. Onun i\u00e7in bir bor\u00e7luluk psikolojisi i\u00e7erisinde \u0130srail-Filistin sava\u015f\u0131n\u0131 de\u011ferlendirmemek gerekir. Bak\u0131n ben rahat konu\u015fuyorum. \u00c7\u00fcnk\u00fc bizim \u0130srail&#8217;e borcumuz yok. Bor\u00e7lu olsak bu kadar rahat konu\u015famay\u0131z. Ama bor\u00e7lu olanlar, rahat konu\u015fam\u0131yorlar. Biz Holokost cenderesinden ge\u00e7medik. \u00d6yle bir durumumuz da yok. \u00c7\u00fcnk\u00fc insana sayg\u0131m\u0131z bizim \u00e7ok \u00e7ok farkl\u0131d\u0131r. Ba\u015fbakanl\u0131\u011f\u0131m d\u00f6neminde ben ilk defa antisemitizm noktas\u0131nda tav\u0131r koymu\u015f bir liderim. D\u00fcnyada hi\u00e7bir ba\u015fbakan bu tavr\u0131 koymam\u0131\u015ft\u0131r. Ama ben koydum. Ta o zamanda. Bundan dolay\u0131 da kimseye borcumuz yok.&#8221;<\/p>\n<p><img decoding=\"async\" alt=\"\" src=\"https:\/\/www.aa.com.tr\/uploads\/userFiles\/54a427bf-71c5-4e63-a83d-6196709e92a3\/009_2023%2F002_2023%2F14_Kasim%2F13%2FAA-32945035.jpg\"\/><\/p>\n<h3>&#8220;Rehinelerin takas\u0131&#8221;<\/h3>\n<p>Cumhurba\u015fkan\u0131 Erdo\u011fan, bu seyahatte b\u00fct\u00fcn bu konular\u0131 konu\u015facaklar\u0131n\u0131 ancak konu\u015fmalar\u0131 gereken \u00f6nemli bir meselenin, sorunun nas\u0131l \u00e7\u00f6z\u00fclece\u011fi oldu\u011funu dile getirdi.<\/p>\n<p>\u0130nsani ate\u015fkese T\u00fcrkiye&#8217;nin, Almanya&#8217;n\u0131n ne kadar katk\u0131da bulunabilece\u011finin ve bu ad\u0131mlar\u0131n nas\u0131l at\u0131laca\u011f\u0131n\u0131n \u00f6nemli oldu\u011funu vurgulayan Erdo\u011fan, \u015funlar\u0131 kaydetti:<\/p>\n<p>&#8220;Buna var m\u0131y\u0131z, yok muyuz? Bir hafta sonra Say\u0131n Steinmeier, \u0130srail&#8217;e gidiyor. Kendisinden ricada bulundum. Dedim, siz bir taraftan tutun, bize d\u00fc\u015fen g\u00f6rev neyse biz de di\u011fer taraftan tutal\u0131m. \u00d6nemli olan bu insani ate\u015fkesi birlikte sa\u011flayal\u0131m. Bu ad\u0131m\u0131 e\u011fer atar, b\u00f6yle bir insani ate\u015fkesi birlikte Almanya-T\u00fcrkiye, di\u011fer, sa\u011flayabilirsek, bu ate\u015f \u00e7emberinden b\u00f6lgeyi kurtarma imkan\u0131 yakalar\u0131z. Rehinelerin takas\u0131 deniliyor. Eyvallah, biz buna da var\u0131z. Fakat rehine dedi\u011finiz zaman, rehine say\u0131s\u0131 itibar\u0131yla \u0130srail&#8217;deki rehinelerin say\u0131s\u0131 nedir? \u00d6b\u00fcr tarafta, Hamas&#8217;\u0131n veya Filistin&#8217;in elindeki rehinelerin say\u0131s\u0131 nedir? Buna da bakt\u0131\u011f\u0131m\u0131z zaman katbekat fazlas\u0131yla \u0130srail&#8217;in elinde rehine var. Y\u0131llar\u0131n rehineleri, tutsaklar\u0131 \u0130srail&#8217;in elinde. Bunu da g\u00f6rmemiz laz\u0131m. Bunu g\u00f6rmezsek bu da haks\u0131zl\u0131k olur. Biz b\u00fct\u00fcn bunlara var\u0131z.&#8221;<\/p>\n<p><img decoding=\"async\" alt=\"\" src=\"https:\/\/www.aa.com.tr\/uploads\/userFiles\/54a427bf-71c5-4e63-a83d-6196709e92a3\/009_2023%2F002_2023%2F14_Kasim%2F13%2FAA-32945029.jpg\"\/><\/p>\n<h3>Tah\u0131l Koridoru Anla\u015fmas\u0131<\/h3>\n<p>T\u00fcrkiye&#8217;nin Karadeniz Tah\u0131l Koridoru Anla\u015fmas\u0131&#8217;ndaki \u00e7al\u0131\u015fmalar\u0131nda Avrupa-Afrika gibi bir ayr\u0131m yapmad\u0131klar\u0131n\u0131 belirten Erdo\u011fan, \u015funlar\u0131 s\u00f6yledi:<\/p>\n<p>&#8220;Karadeniz Tah\u0131l Koridoru&#8217;ndan gelenin y\u00fczde 40&#8217;\u0131 Avrupa&#8217;ya gitti, y\u00fczde 14&#8217;\u00fc Afrika&#8217;ya gitti, y\u00fczde 14&#8217;\u00fc bize geldi. Di\u011ferleri, di\u011fer b\u00f6lgelere gitti. \u015eu anda bile Afrika&#8217;dan talepler var ve Rusya ciddi miktarda bir tah\u0131l\u0131, bu\u011fday\u0131 g\u00f6ndermeye karar verdi ama s\u0131k\u0131nt\u0131lar\u0131 var. Nedir o s\u0131k\u0131nt\u0131? \u015eimdi g\u00f6nderilen yer, akl\u0131mda kald\u0131\u011f\u0131 kadar\u0131yla Zimbabve, oraya tah\u0131l gidiyor ama bunun de\u011firmen safhas\u0131 orada yok. Bu ak\u015fam D\u0131\u015fi\u015fleri Bakan\u0131&#8217;ma onu s\u00f6yledim, onlar\u0131 biz hallederiz dedim. T\u00fcrkiye olarak, Toprak Mahsulleri Ofisi olarak de\u011firmenlerde \u00f6\u011f\u00fct\u00fcr, un olarak oralara g\u00f6ndeririz.<\/p>\n<p>Atmam\u0131z gereken ad\u0131mlar var, yapmam\u0131z gerekenler var. Biz bunlar\u0131 yapar\u0131z. \u015eu anda 4 veya 5 \u00fclkeye Rusya b\u00f6yle bir koridordan yine tah\u0131l g\u00f6ndermeyi planlad\u0131 ve ad\u0131m\u0131n\u0131 da atacak. Biz de bunun ikinci safhas\u0131 olan bunlar\u0131n una d\u00f6n\u00fc\u015ft\u00fcr\u00fclmesinde bu ad\u0131m\u0131 atar\u0131z. Zaten daha \u00f6nce de Rusya-T\u00fcrkiye-Katar olarak \u00fc\u00e7l\u00fc bir ad\u0131m atm\u0131\u015ft\u0131k ve bu \u00e7al\u0131\u015fmay\u0131 yapar\u0131z. Tabii b\u00fct\u00fcn bu ad\u0131m\u0131n at\u0131lmas\u0131 i\u00e7in \u00f6zellikle Almanya-T\u00fcrkiye aras\u0131nda b\u00f6yle bir ad\u0131m\u0131n at\u0131lmas\u0131n\u0131n yan\u0131nda NATO m\u00fcttefikimiz Almanya ile kararl\u0131 ad\u0131mlar atman\u0131n g\u00f6r\u00fc\u015fmelerini de aram\u0131zda yapmam\u0131z laz\u0131m.&#8221;<\/p>\n<p><img decoding=\"async\" alt=\"\" src=\"https:\/\/www.aa.com.tr\/uploads\/userFiles\/54a427bf-71c5-4e63-a83d-6196709e92a3\/009_2023%2F002_2023%2F14_Kasim%2F13%2FAA-32945033.jpg\"\/><\/p>\n<h3>Ter\u00f6rle m\u00fccadelede daha yak\u0131n i\u015fbirli\u011fi<\/h3>\n<p>&#8220;Savunma sanayisi i\u015fbirli\u011fimizin engelsiz \u015fekilde y\u00fcr\u00fct\u00fclmesi, m\u00fc\u015fterek menfaatimizedir.&#8221; ifadesini kullanan Cumhurba\u015fkan\u0131 Erdo\u011fan, T\u00fcrkiye ve Almanya&#8217;n\u0131n ter\u00f6rle m\u00fccadelede daha yak\u0131n i\u015fbirli\u011fi i\u00e7inde olmas\u0131 gerekti\u011fini s\u00f6yledi.<\/p>\n<p>\u0130ki \u00fclke aras\u0131nda be\u015feri k\u00f6pr\u00fc vazifesi g\u00f6ren ve n\u00fcfusu 3,5 milyona ula\u015fan Almanya&#8217;daki T\u00fcrk toplumunun huzur i\u00e7inde ya\u015famas\u0131n\u0131n en b\u00fcy\u00fck temennileri oldu\u011funu belirten Erdo\u011fan, &#8220;T\u00fcrk toplumunun dini ihtiya\u00e7lar\u0131n\u0131 kar\u015f\u0131lamak \u00fczere burada g\u00f6rev yapan din adamlar\u0131m\u0131z\u0131n yeti\u015ftirilmesi amac\u0131yla ortak bir \u00e7al\u0131\u015fma y\u00fcr\u00fct\u00fcyoruz. Almanya ile i\u015fbirli\u011fi alanlar\u0131m\u0131zdan di\u011feri malum g\u00f6\u00e7 konusudur. Ortak \u00e7al\u0131\u015fma grubumuz \u00e7al\u0131\u015fmalar\u0131na devam ediyor.&#8221; diye konu\u015ftu.<\/p>\n<p><img decoding=\"async\" alt=\"\" src=\"https:\/\/www.aa.com.tr\/uploads\/userFiles\/54a427bf-71c5-4e63-a83d-6196709e92a3\/009_2023%2F002_2023%2F14_Kasim%2F13%2FAA-32944642.jpg\"\/><\/p>\n<h3>&#8220;Kolay de\u011fil 52 senedir T\u00fcrkiye, Avrupa Birli\u011fi kap\u0131s\u0131nda bekletilmektedir&#8221;<\/h3>\n<p>G\u00f6r\u00fc\u015fmelerin ana g\u00fcndemlerinden birini de T\u00fcrkiye&#8217;nin Avrupa Birli\u011fi&#8217;ne \u00fcyelik s\u00fcrecinin olu\u015fturdu\u011funu vurgulayan Cumhurba\u015fkan\u0131 Erdo\u011fan, s\u00f6zlerini \u015f\u00f6yle s\u00fcrd\u00fcrd\u00fc:<\/p>\n<p>&#8220;Biliyorsunuz bu s\u00fcrecin yeniden ivme kazanmas\u0131n\u0131 samimiyetle arzu etti\u011fimizi daha \u00f6nce de a\u00e7\u0131klam\u0131\u015ft\u0131m. G\u00fcmr\u00fck Birli\u011fi&#8217;nin g\u00fcncellenmesi, vize serbestisi gibi konularda uzun s\u00fcreden beri hakl\u0131 beklentilere sahibiz. Avrupa Birli\u011fi&#8217;nin lokomotif \u00fclkelerinden olan Almanya&#8217;n\u0131n bu ba\u011flamda verece\u011fi katk\u0131lar\u0131 \u00f6nemsiyoruz. Kolay de\u011fil 52 senedir T\u00fcrkiye, Avrupa Birli\u011fi kap\u0131s\u0131nda bekletilmektedir. Vize serbestisi sa\u011flan\u0131ncaya kadar vatanda\u015flar\u0131m\u0131z\u0131n vize i\u015flem s\u00fcre\u00e7lerinin kolayla\u015ft\u0131r\u0131lmas\u0131 ve h\u0131zland\u0131r\u0131lmas\u0131n\u0131 bug\u00fcn ele alaca\u011f\u0131z.&#8221;<\/p>\n<blockquote class=\"twitter-tweet\">\n<p dir=\"ltr\" lang=\"tr\">\u275d(\u0130srail) \u0130badethaneleri vuruyor mu? Vuruyor. Kiliseleri vuruyor mu? Vuruyor. Ben bir M\u00fcsl\u00fcman olarak bundan rahats\u0131z\u0131m. Peki sen bir Hristiyan olarak bu kiliselerin vurulmas\u0131ndan rahats\u0131z olmuyor musun?\u275e<\/p>\n<p>\u275d(Eurofighter) Bir bas\u0131n mensubu olarak bizi bununla tehdit etme, bize\u2026 <a href=\"https:\/\/t.co\/byzXngx0Za\">pic.twitter.com\/byzXngx0Za<\/a><\/p>\n<p>\u2014 Anadolu Ajans\u0131 (@anadoluajansi) <a href=\"https:\/\/twitter.com\/anadoluajansi\/status\/1725598170128728210?ref_src=twsrc%5Etfw\">November 17, 2023<\/a><\/p><\/blockquote>\n<p>Almanya Ba\u015fbakan\u0131 Olaf Scholz ile g\u00f6r\u00fc\u015fmelerinde Gazze&#8217;de ya\u015fananlar\u0131 \u00e7ok daha farkl\u0131 bir \u015fekilde ele alacaklar\u0131n\u0131 belirten Erdo\u011fan, \u015funlar\u0131 kaydetti:<\/p>\n<p>&#8220;T\u00fcrkiye olarak olaylar\u0131n ba\u015f\u0131ndan beri sivilleri hedef alan sald\u0131r\u0131lar\u0131 hi\u00e7bir \u015fekilde tasvip etmedi\u011fimizi ifade ettik ve bunu hep dile getirdik. Hepimizin \u00f6nceli\u011fi ate\u015fkesin sa\u011flanmas\u0131 ve insani yard\u0131mlar\u0131n engelsiz olarak ak\u0131\u015f\u0131n\u0131n sa\u011flanmas\u0131. \u015eu ana kadar 10 u\u00e7ak dolusu insani yard\u0131m\u0131 M\u0131s\u0131r&#8217;a g\u00f6nderdik ve en son yine gemiyle 666 ton g\u0131da, sahra hastanesi vesaire gibi g\u00f6nderdiklerimiz oldu ama b\u00fct\u00fcn dert akan kan\u0131n durmas\u0131nda. En son 27 kanserli hasta ve yanlar\u0131nda refakat\u00e7ilerini El Ari\u015f&#8217;ten T\u00fcrkiye&#8217;ye ald\u0131k. D\u00fcn de kendilerini hastanede ziyaret ettim ve durumlar\u0131n\u0131 g\u00f6rd\u00fck.<\/p>\n<p>Tabii temennimiz daha fazla hastay\u0131 da yaral\u0131 veya kanserlileri de \u00fclkemize almak, tedavilerini yapmak. Fakat ya\u015fananlar 1967 s\u0131n\u0131rlar\u0131 temelinde iki devletli \u00e7\u00f6z\u00fcm\u00fcn art\u0131k ka\u00e7\u0131n\u0131lmaz oldu\u011funu bir kez daha bizlere g\u00f6stermi\u015ftir. T\u00fcrkiye olarak amac\u0131m\u0131z \u0130srailli ve Filistinlilerin yan yana, bar\u0131\u015f i\u00e7inde ya\u015fad\u0131\u011f\u0131, huzurun ve g\u00fcvenin hakim oldu\u011fu bir iklimin tesisidir. Bunu ba\u015farmam\u0131z laz\u0131m. Orta Do\u011fu&#8217;da adil ve kal\u0131c\u0131 bir bar\u0131\u015f\u0131n temini i\u00e7in herkesin elini ta\u015f\u0131n alt\u0131na koymas\u0131 gerekti\u011fini d\u00fc\u015f\u00fcn\u00fcyorum.&#8221;<\/p>\n<p><img decoding=\"async\" alt=\"\" src=\"https:\/\/www.aa.com.tr\/uploads\/userFiles\/54a427bf-71c5-4e63-a83d-6196709e92a3\/009_2023%2F002_2023%2F14_Kasim%2F13%2FAA-32945042.jpg\"\/><\/p>\n<h3>&#8220;Bunlara kar\u015f\u0131 bir tav\u0131r koyun&#8221;<\/h3>\n<p>Cumhurba\u015fkan\u0131 Erdo\u011fan, Alman bir gazetecinin &#8220;\u0130srail&#8217;e y\u00f6nelik Hamas taraf\u0131ndan ger\u00e7ekle\u015ftirilen ter\u00f6r sald\u0131r\u0131lar\u0131n\u0131n ard\u0131ndan a\u00e7\u0131klamalar\u0131n\u0131z sadece Almanya&#8217;da de\u011fil, NATO \u00fcyesi \u00fclkeler aras\u0131nda da rahats\u0131zl\u0131k olu\u015fturdu. \u0130srail&#8217;in varolu\u015f hakk\u0131n\u0131 kabul ediyor musunuz? \u0130srail&#8217;in &#8216;fa\u015fist bir devlet oldu\u011funu&#8217; s\u00f6ylediniz, hangi gerek\u00e7elendirmeniz var bunun i\u00e7in? \u0130srail ordusunun Hamas&#8217;a kar\u015f\u0131 sald\u0131r\u0131s\u0131na neden &#8216;soyk\u0131r\u0131m&#8217; diyorsunuz? T\u00fcm NATO ittifak\u0131 taraf\u0131ndan ter\u00f6r \u00f6rg\u00fct\u00fc olarak tan\u0131nan, y\u00fczlerce insan\u0131 \u0130srail&#8217;de katleden bir \u00f6rg\u00fct\u00fc nas\u0131l bir &#8216;kurtulu\u015f \u00f6rg\u00fct\u00fc&#8217; diye tan\u0131mlayabilirsiniz? T\u00fcrk-Alman ili\u015fkilerini, NATO i\u00e7indeki i\u015fbirli\u011fini tehlikeye at\u0131yor musunuz? T\u00fcrkiye, savunma sanayi i\u00e7in 40 Eurofighter talep ediyor. Almanya bunu kabul edecek mi?&#8221; sorusuna, \u015fu yan\u0131t\u0131 verdi:<\/p>\n<p>&#8220;\u00d6ncelikle NATO&#8217;nun \u00f6nde gelen \u00fclkelerinden bir tanesi, ilk 5&#8217;in i\u00e7erisinde yer alan bir \u00fclkeyiz T\u00fcrkiye olarak. T\u00fcrkiye, NATO&#8217;da s\u0131radan bir \u00fclke de\u011fil. \u0130lk 5&#8217;in i\u00e7inde. \u015eu anda NATO&#8217;nun i\u00e7inde d\u00fc\u015f\u00fcncesi, kanaati kimin ne olursa olsun, Rusya-Ukrayna aras\u0131nda herkes kimin yan\u0131nda yer al\u0131yor? Ukrayna&#8217;n\u0131n yan\u0131nda yer al\u0131yor. T\u00fcrkiye olarak biz, Ukrayna ile de g\u00f6r\u00fc\u015f\u00fcyoruz, Rusya ile de g\u00f6r\u00fc\u015f\u00fcyoruz. Aralar\u0131nda herhangi bir ayr\u0131m yapm\u0131yoruz. Ama 33 milyon ton tah\u0131l koridorundan b\u00fct\u00fcn o tah\u0131l\u0131 Avrupa&#8217;ya, Afrika&#8217;ya g\u00f6t\u00fcren biz olduk. \u015eu anda da yine diyorsunuz ki &#8216;y\u00fczlerce&#8217;, bak ben sana y\u00fczlerce demiyorum, binlerce Filistinliyi \u015fu anda \u0130srail \u00f6ld\u00fcrd\u00fc m\u00fc, \u00f6ld\u00fcrd\u00fc. Hastaneleri yok etti mi, etti. \u0130badethaneleri, kiliseleri vuruyor mu, vuruyor. Ben bir M\u00fcsl\u00fcman olarak bundan rahats\u0131z\u0131m. Peki sen bir Hristiyan olarak bu kiliselerin vurulmas\u0131ndan rahats\u0131z olmuyor musun? Bunlara kar\u015f\u0131 niye bir tav\u0131r koymuyorsunuz? Bunlara kar\u015f\u0131 da bir tav\u0131r koyun. Bizim i\u00e7in bu noktada b\u00f6lgede Musevi, Hristiyan, M\u00fcsl\u00fcman bu ayr\u0131m\u0131n olmamas\u0131 gerekir. Antisemitizme kar\u015f\u0131 da bir m\u00fccadele verildiyse, bu m\u00fccadeleyi d\u00fcnyada ilk veren lider ben oldum. Ve \u015fu anda da bak\u0131n Almanya &#8216;\u0130srail&#8217;e \u015fu kadar maddi destek verdi\u011finden&#8217; bahsediyor.&#8221;<\/p>\n<p>Cumhurba\u015fkan\u0131 Erdo\u011fan, Eurofighter sava\u015f u\u00e7aklar\u0131na ili\u015fkin ise &#8220;Eurofighter konusunda Almanya verir veya vermez. D\u00fcnyada sava\u015f u\u00e7aklar\u0131n\u0131 \u00fcreten sadece Almanya m\u0131? Bir\u00e7ok yerden bunlar\u0131n \u00e7al\u0131\u015fmas\u0131n\u0131 yapar\u0131z, temin ederiz. \u015eu anda insans\u0131z sava\u015f u\u00e7aklar\u0131 noktas\u0131nda da T\u00fcrkiye \u00f6nde gelen \u00fclkelerden bir tanesi durumuna gelmi\u015ftir. Bir bas\u0131n mensubu olarak, bizi bununla tehdit etmeyin. Bize \u00f6yle sorular sorun ki bu sorular vicdani olsun, insani olsun, cevaplar\u0131n\u0131 da biz size o \u015fekilde verelim.&#8221; ifadelerini kulland\u0131.<\/p>\n<p><img decoding=\"async\" alt=\"\" src=\"https:\/\/www.aa.com.tr\/uploads\/userFiles\/54a427bf-71c5-4e63-a83d-6196709e92a3\/009_2023%2F002_2023%2F14_Kasim%2F13%2FAA-32945044.jpg\"\/><\/p>\n<h3>Ba\u015f ba\u015fa g\u00f6r\u00fc\u015fme ve heyetler aras\u0131 \u00e7al\u0131\u015fma yeme\u011fi<\/h3>\n<p>Erdo\u011fan, ortak bas\u0131n toplant\u0131s\u0131n\u0131n ard\u0131ndan Scholz ile ba\u015f ba\u015fa g\u00f6r\u00fc\u015ft\u00fc. Erdo\u011fan ve Scholz daha sonra heyetler aras\u0131 \u00e7al\u0131\u015fma yeme\u011fine kat\u0131ld\u0131.<\/p>\n<p>Cumhurba\u015fkan\u0131 Erdo\u011fan&#8217;a, D\u0131\u015fi\u015fleri Bakan\u0131 Hakan Fidan, Ticaret Bakan\u0131 \u00d6mer Bolat, AK Parti Genel Ba\u015fkan Yard\u0131mc\u0131s\u0131 Zafer S\u0131rakaya, Cumhurba\u015fkanl\u0131\u011f\u0131 \u0130leti\u015fim Ba\u015fkan\u0131 Fahrettin Altun ve Cumhurba\u015fkan\u0131 D\u0131\u015f Politika ve G\u00fcvenlik Ba\u015fdan\u0131\u015fman\u0131 B\u00fcy\u00fckel\u00e7i Akif \u00c7a\u011fatay K\u0131l\u0131\u00e7 e\u015flik etti.<\/p>\n<p>                            <span class=\"detay-foto-editor\">&#13;<br \/>\n                                <a href=\"https:\/\/www.aa.com.tr\/tr\/p\/abonelik-talep-formu\/1001\" target=\"_blank\" style=\"font-size:12px; color:#444; text-decoration:none;\" rel=\"noopener\">&#13;<br \/>\n                                    Anadolu Ajans\u0131 web sitesinde, AA Haber Ak\u0131\u015f Sistemi (HAS) \u00fczerinden abonelere sunulan haberler, \u00f6zetlenerek yay\u0131mlanmaktad\u0131r. <b style=\"color:#1897F7\">Abonelik i\u00e7in l\u00fctfen ileti\u015fime ge\u00e7iniz.<\/b>&#13;<br \/>\n                                <\/a>&#13;<br \/>\n                            <\/span>\n                        <\/div>\n<p><script async src=\"\/\/platform.twitter.com\/widgets.js\" charset=\"utf-8\"><\/script><script>\n\t  window.fbAsyncInit = function() {\n\t\tFB.init({\n\t\t  appId: '1855843514662870',\n\t\t  status : true, \/\/ check login status\n\t\t  cookie : true, \/\/ enable cookies to allow the server to access the session\n\t\t  xfbml  : true  \/\/ parse XFBML\n\t\t});\n\t  };<\/p>\n<p>\t  (function() {\n\t\tvar e = document.createElement('script');\n\t\te.src=\"https:\/\/connect.facebook.net\/tr_TR\/all.js\";\n\t\te.async = true;\n\t\tdocument.getElementById('fb-root').appendChild(e);\n\t  }());\n    <\/script><\/p>\n","protected":false},"excerpt":{"rendered":"<p>Cumhurba\u015fkan\u0131 Recep Tayyip Erdo\u011fan, Almanya Ba\u015fbakan\u0131 Olaf Scholz ile ba\u015f ba\u015fa g\u00f6r\u00fc\u015fme ve heyetler aras\u0131 \u00e7al\u0131\u015fma yeme\u011fi \u00f6ncesinde ortak bas\u0131n toplant\u0131s\u0131 d\u00fczenledi. Cumhurba\u015fkan\u0131 Erdo\u011fan, Ba\u015fbakanl\u0131k binas\u0131na geli\u015finde kendisini kar\u015f\u0131layan Scholz ile tokala\u015ft\u0131 ve bas\u0131n mensuplar\u0131na poz verdi. Erdo\u011fan, burada yapt\u0131\u011f\u0131 konu\u015fmada, \u015fahs\u0131na ve heyetine g\u00f6sterilen misafirperverlik i\u00e7in ba\u015fta Almanya Cumhurba\u015fkan\u0131 Frank-Walter Steinmeier ve Scholz olmak [&hellip;]<\/p>\n","protected":false},"author":1,"featured_media":22289,"comment_status":"","ping_status":"","sticky":false,"template":"","format":"standard","meta":[],"categories":[47],"tags":[],"_links":{"self":[{"href":"https:\/\/kraios.app\/news\/wp-json\/wp\/v2\/posts\/22303"}],"collection":[{"href":"https:\/\/kraios.app\/news\/wp-json\/wp\/v2\/posts"}],"about":[{"href":"https:\/\/kraios.app\/news\/wp-json\/wp\/v2\/types\/post"}],"author":[{"embeddable":true,"href":"https:\/\/kraios.app\/news\/wp-json\/wp\/v2\/users\/1"}],"replies":[{"embeddable":true,"href":"https:\/\/kraios.app\/news\/wp-json\/wp\/v2\/comments?post=22303"}],"version-history":[{"count":0,"href":"https:\/\/kraios.app\/news\/wp-json\/wp\/v2\/posts\/22303\/revisions"}],"wp:featuredmedia":[{"embeddable":true,"href":"https:\/\/kraios.app\/news\/wp-json\/wp\/v2\/media\/22289"}],"wp:attachment":[{"href":"https:\/\/kraios.app\/news\/wp-json\/wp\/v2\/media?parent=22303"}],"wp:term":[{"taxonomy":"category","embeddable":true,"href":"https:\/\/kraios.app\/news\/wp-json\/wp\/v2\/categories?post=22303"},{"taxonomy":"post_tag","embeddable":true,"href":"https:\/\/kraios.app\/news\/wp-json\/wp\/v2\/tags?post=22303"}],"curies":[{"name":"wp","href":"https:\/\/api.w.org\/{rel}","templated":true}]}}