{"id":22288,"date":"2023-11-17T19:11:06","date_gmt":"2023-11-17T19:11:06","guid":{"rendered":"https:\/\/kraios.app\/news\/siyaset\/2023\/11\/17\/neredeyse-gazze-diye-bir-yer-kalmadi-her-taraf-yerle-yeksan-oldu\/"},"modified":"2023-11-17T19:11:06","modified_gmt":"2023-11-17T19:11:06","slug":"neredeyse-gazze-diye-bir-yer-kalmadi-her-taraf-yerle-yeksan-oldu","status":"publish","type":"post","link":"https:\/\/kraios.app\/news\/siyaset\/2023\/11\/17\/neredeyse-gazze-diye-bir-yer-kalmadi-her-taraf-yerle-yeksan-oldu\/","title":{"rendered":"Neredeyse Gazze diye bir yer kalmad\u0131, her taraf yerle yeksan oldu"},"content":{"rendered":"<p><\/p>\n<div>\n<p>Cumhurba\u015fkan\u0131 Recep Tayyip Erdo\u011fan, Almanya Ba\u015fbakan\u0131 Olaf Scholz ile ba\u015f ba\u015fa g\u00f6r\u00fc\u015fme ve heyetler aras\u0131 \u00e7al\u0131\u015fma yeme\u011fi \u00f6ncesinde ortak bas\u0131n toplant\u0131s\u0131 d\u00fczenledi.<\/p>\n<p>Cumhurba\u015fkan\u0131 Erdo\u011fan, Ba\u015fbakanl\u0131k binas\u0131na geli\u015finde kendisini kar\u015f\u0131layan Scholz ile tokala\u015ft\u0131 ve bas\u0131n mensuplar\u0131na poz verdi.<\/p>\n<p>Erdo\u011fan, burada yapt\u0131\u011f\u0131 konu\u015fmada, \u015fahs\u0131na ve heyetine g\u00f6sterilen misafirperverlik i\u00e7in ba\u015fta Almanya Cumhurba\u015fkan\u0131 Frank-Walter Steinmeier ve Scholz olmak \u00fczere t\u00fcm Alman dostlar\u0131na te\u015fekk\u00fcr etti.<\/p>\n<p>Scholz&#8217;un daveti \u00fczerine ger\u00e7ekle\u015ftirdi\u011fi ziyarete b\u00fcy\u00fck \u00f6nem verdi\u011fini ifade eden Erdo\u011fan, Scholz ile T\u00fcrkiye ve Almanya aras\u0131ndaki ili\u015fkileri t\u00fcm y\u00f6nleriyle ele alacaklar\u0131n\u0131 s\u00f6yledi.<\/p>\n<p class=\"videoWrapper\">\n<div class=\"jeg_video_container jeg_video_content\"><iframe loading=\"lazy\" title=\"Cumhurba\u015fkan\u0131 Erdo\u011fan Almanya\u2019da konu\u015ftu: Biz Holokost cenderesinden ge\u00e7medik\" width=\"500\" height=\"281\" src=\"https:\/\/www.youtube.com\/embed\/Yc9z48MqMWk?feature=oembed\" frameborder=\"0\" allow=\"accelerometer; autoplay; clipboard-write; encrypted-media; gyroscope; picture-in-picture; web-share\" allowfullscreen><\/iframe><\/div>\n<p>&amp;amp;amp;amp;amp;amp;amp;amp;amp;amp;amp;amp;amp;amp;amp;amp;lt;br class=&#8221;k-br&#8221; \/&amp;amp;amp;amp;amp;amp;amp;amp;amp;amp;amp;amp;amp;amp;amp;amp;gt;<\/iframe><\/p>\n<h3>\u0130srail&#8217;in Filistin&#8217;e sald\u0131r\u0131s\u0131<\/h3>\n<p>Erdo\u011fan, g\u00f6r\u00fc\u015fmenin, ticari, siyasi, askeri ili\u015fkiler boyutunun, \u00f6zellikle de Rusya-Ukrayna aras\u0131ndaki geli\u015fmeler ve son olarak \u0130srail-Filistin aras\u0131ndaki geli\u015fmeler boyutunun olaca\u011f\u0131n\u0131 belirtti.<\/p>\n<p>A\u00e7\u0131k ve net konu\u015fmay\u0131 sevdi\u011fine dikkati \u00e7eken Erdo\u011fan, s\u00f6zlerini \u015f\u00f6yle s\u00fcrd\u00fcrd\u00fc:<\/p>\n<p>&#8220;Burada da a\u00e7\u0131k ve net konu\u015faca\u011f\u0131m. \u00c7\u00fcnk\u00fc 7 Ekim tarihi bir ba\u015flang\u0131\u00e7 olarak anlat\u0131l\u0131yor. 7 Ekim&#8217;den sonraki s\u00fcre\u00e7 hi\u00e7 konu\u015fulmuyor. \u015eu an itibar\u0131yla malum 13 bin Filistinli \u00e7ocuk, kad\u0131n, ya\u015fl\u0131 ne yaz\u0131k ki \u00f6ld\u00fcr\u00fclm\u00fc\u015ft\u00fcr. Bunun yan\u0131nda art\u0131k neredeyse Gazze diye bir yer kalmad\u0131, her taraf yerle yeksan oldu. \u015eu anda yat\u0131yorlar, kalk\u0131yorlar, Hamas, Hamas, Hamas&#8230; Hamas&#8217;\u0131n silah varl\u0131\u011f\u0131 ve g\u00fcc\u00fc ile acaba \u0130srail&#8217;in silah varl\u0131\u011f\u0131, g\u00fcc\u00fc mukayese edilebilir mi? \u015eu anda \u0130srail&#8217;in n\u00fckleer silah\u0131 var m\u0131? Var ama bunu \u0130srail&#8217;e sorarsan\u0131z &#8216;var&#8217; demez. \u00c7\u00fcnk\u00fc onlar yalan\u0131 \u00e7ok iyi kullan\u0131rlar. B\u00fct\u00fcn bunlarla beraber \u015fu anda \u015fu kadar mali destek verildi\u011finden bahsediliyor. Peki, Hamas&#8217;a b\u00f6yle bir mali destek veriliyor mu? B\u00f6yle bir \u015fey s\u00f6z konusu mu? Hay\u0131r, b\u00f6yle bir \u015fey de yok. Filistin&#8217;in kendisine verilmesi gereken destekler de verilmiyor.&#8221;<\/p>\n<h3>&#8220;Tevrat&#8217;ta bunlar\u0131n hi\u00e7birisi yoktur&#8221;<\/h3>\n<p>Erdo\u011fan, b\u00fct\u00fcn bu yokluklar i\u00e7erisinde, ibadethanelerin, kiliselerin, hastanelerin vuruldu\u011funu an\u0131msatt\u0131.<\/p>\n<p>B\u00fct\u00fcn bunlar\u0131n yan\u0131nda hastanelerin vurulmas\u0131n\u0131n, \u00e7ocuklar\u0131n \u00f6ld\u00fcr\u00fclmesinin Tevrat&#8217;ta olmad\u0131\u011f\u0131na i\u015faret eden Erdo\u011fan, \u015funlar\u0131 s\u00f6yledi:<\/p>\n<p>&#8220;Tevrat&#8217;ta bunlar\u0131n hi\u00e7birisi yoktur. Yapamazs\u0131n. \u0130nsan haklar\u0131 beyannamesinde yapamazs\u0131n. Ama burada g\u00f6r\u00fcld\u00fc\u011f\u00fc gibi bu \u00e7ocuklar nas\u0131l vuruluyor? Hastanelerde bunlar nas\u0131l \u00f6ld\u00fcr\u00fcl\u00fcyor? Bunlar kar\u015f\u0131s\u0131nda biz elimiz, kolumuz ba\u011fl\u0131 m\u0131 duraca\u011f\u0131z? Buna kar\u015f\u0131 hi\u00e7 sesimizi \u00e7\u0131karmayacak m\u0131y\u0131z? E\u011fer burada elimiz, kolumuz, dilimiz ba\u011fl\u0131 kal\u0131rsak bunun tarihe hesab\u0131n\u0131 veremeyiz. Onun i\u00e7in bir bor\u00e7luluk psikolojisi i\u00e7erisinde \u0130srail-Filistin sava\u015f\u0131n\u0131 de\u011ferlendirmemek gerekir. Bak\u0131n ben rahat konu\u015fuyorum. \u00c7\u00fcnk\u00fc bizim \u0130srail&#8217;e borcumuz yok. Bor\u00e7lu olsak bu kadar rahat konu\u015famay\u0131z. Ama bor\u00e7lu olanlar, rahat konu\u015fam\u0131yorlar. Biz Holokost cenderesinden ge\u00e7medik. \u00d6yle bir durumumuz da yok. \u00c7\u00fcnk\u00fc insana sayg\u0131m\u0131z bizim \u00e7ok \u00e7ok farkl\u0131d\u0131r. Ba\u015fbakanl\u0131\u011f\u0131m d\u00f6neminde ben ilk defa antisemitizm noktas\u0131nda tav\u0131r koymu\u015f bir liderim. D\u00fcnyada hi\u00e7bir ba\u015fbakan bu tavr\u0131 koymam\u0131\u015ft\u0131r. Ama ben koydum. Ta o zamanda. Bundan dolay\u0131 da kimseye borcumuz yok.&#8221;<\/p>\n<h3>&#8220;Rehinelerin takas\u0131&#8221;<\/h3>\n<p>Cumhurba\u015fkan\u0131 Erdo\u011fan, bu seyahatte b\u00fct\u00fcn bu konular\u0131 konu\u015facaklar\u0131n\u0131 ancak konu\u015fmalar\u0131 gereken \u00f6nemli bir meselenin, sorunun nas\u0131l \u00e7\u00f6z\u00fclece\u011fi oldu\u011funu dile getirdi.<\/p>\n<p>\u0130nsani ate\u015fkese T\u00fcrkiye&#8217;nin, Almanya&#8217;n\u0131n ne kadar katk\u0131da bulunabilece\u011finin ve bu ad\u0131mlar\u0131n nas\u0131l at\u0131laca\u011f\u0131n\u0131n \u00f6nemli oldu\u011funu vurgulayan Erdo\u011fan, \u015funlar\u0131 kaydetti:<\/p>\n<p>&#8220;Buna var m\u0131y\u0131z, yok muyuz? Bir hafta sonra Say\u0131n Steinmeier, \u0130srail&#8217;e gidiyor. Kendisinden ricada bulundum. Dedim, siz bir taraftan tutun, bize d\u00fc\u015fen g\u00f6rev neyse biz de di\u011fer taraftan tutal\u0131m. \u00d6nemli olan bu insani ate\u015fkesi birlikte sa\u011flayal\u0131m. Bu ad\u0131m\u0131 e\u011fer atar, b\u00f6yle bir insani ate\u015fkesi birlikte Almanya-T\u00fcrkiye, di\u011fer, sa\u011flayabilirsek, bu ate\u015f \u00e7emberinden b\u00f6lgeyi kurtarma imkan\u0131 yakalar\u0131z. Rehinelerin takas\u0131 deniliyor. Eyvallah, biz buna da var\u0131z. Fakat rehine dedi\u011finiz zaman, rehine say\u0131s\u0131 itibar\u0131yla \u0130srail&#8217;deki rehinelerin say\u0131s\u0131 nedir? \u00d6b\u00fcr tarafta, Hamas&#8217;\u0131n veya Filistin&#8217;in elindeki rehinelerin say\u0131s\u0131 nedir? Buna da bakt\u0131\u011f\u0131m\u0131z zaman katbekat fazlas\u0131yla \u0130srail&#8217;in elinde rehine var. Y\u0131llar\u0131n rehineleri, tutsaklar\u0131 \u0130srail&#8217;in elinde. Bunu da g\u00f6rmemiz laz\u0131m. Bunu g\u00f6rmezsek bu da haks\u0131zl\u0131k olur. Biz b\u00fct\u00fcn bunlara var\u0131z.&#8221;<\/p>\n<h3>&#8220;T\u00fcrkiye 52 senedir AB kap\u0131s\u0131nda bekletilmektedir&#8221;<\/h3>\n<p>Cumhurba\u015fkan\u0131 Erdo\u011fan, &#8220;Almanya ile savunma sanayisi i\u015fbirli\u011fimizin engelsiz \u015fekilde y\u00fcr\u00fct\u00fclmesi m\u00fc\u015fterek menfaatimizedir.&#8221; a\u00e7\u0131klamas\u0131nda bulundu.<\/p>\n<p>Cumhurba\u015fkan\u0131 Erdo\u011fan, &#8220;Orta Do\u011fu&#8217;da adil ve kal\u0131c\u0131 bar\u0131\u015f\u0131n temini i\u00e7in herkesin elini ta\u015f\u0131n alt\u0131na koymas\u0131 gerekti\u011fini d\u00fc\u015f\u00fcn\u00fcyorum.&#8221; \u015feklinde konu\u015ftu.<\/p>\n<p>Cumhurba\u015fkan\u0131 Erdo\u011fan, &#8220;T\u00fcrkiye 52 senedir AB kap\u0131s\u0131nda bekletilmektedir. Vize serbestisi sa\u011flan\u0131ncaya kadar vize s\u00fcre\u00e7lerinin kolayla\u015ft\u0131r\u0131lmas\u0131n\u0131 (Scholz&#8217;la) ele alaca\u011f\u0131z.&#8221; ifadelerini kulland\u0131.<\/p>\n<p>Cumhurba\u015fkan\u0131 Erdo\u011fan, &#8220;\u0130srail-Filistin \u00e7at\u0131\u015fmalar\u0131na ili\u015fkin, &#8220;Ya\u015fananlar 1967 s\u0131n\u0131rlar\u0131 temelinde iki devletli \u00e7\u00f6z\u00fcm\u00fcn art\u0131k ka\u00e7\u0131n\u0131lmaz oldu\u011funu bir kez daha bizlere g\u00f6stermi\u015ftir.&#8221; \u015feklinde konu\u015ftu.<\/p>\n<p>Cumhurba\u015fkan\u0131 Erdo\u011fan, &#8220;(Gazze&#8217;de) Hepimizin \u00f6nceli\u011fi ate\u015fkesin ve insani yard\u0131mlar\u0131n engelsiz olarak ak\u0131\u015f\u0131n\u0131n sa\u011flanmas\u0131d\u0131r.&#8221; dedi.<\/p>\n<p>Cumhurba\u015fkan\u0131 Erdo\u011fan, Eurofighter u\u00e7aklar\u0131yla alakal\u0131 gelen soruya, &#8220;Almanya verir veya vermez, d\u00fcnyada sava\u015f u\u00e7aklar\u0131n\u0131 \u00fcreten sadece Almanya m\u0131? Bir\u00e7ok yerden bunlar\u0131n \u00e7al\u0131\u015fmas\u0131n\u0131 yapar\u0131z, temin ederiz.&#8221; cevab\u0131n\u0131 verdi.<\/p>\n<p>Cumhurba\u015fkan\u0131 Erdo\u011fan, &#8220;Binlerce Filistinliyi \u0130srail \u00f6ld\u00fcrd\u00fc m\u00fc, \u00f6ld\u00fcrd\u00fc. Hastaneleri, ibadethaneleri, kiliseleri vuruyor mu, vuruyor. Ben bir M\u00fcsl\u00fcman olarak bundan rahats\u0131z\u0131m.&#8221; a\u00e7\u0131klamas\u0131nda bulundu.<\/p>\n<p>                            <span class=\"detay-foto-editor\">&#13;<br \/>\n                                <a href=\"https:\/\/www.aa.com.tr\/tr\/p\/abonelik-talep-formu\/1001\" target=\"_blank\" style=\"font-size:12px; color:#444; text-decoration:none;\" rel=\"noopener\">&#13;<br \/>\n                                    Anadolu Ajans\u0131 web sitesinde, AA Haber Ak\u0131\u015f Sistemi (HAS) \u00fczerinden abonelere sunulan haberler, \u00f6zetlenerek yay\u0131mlanmaktad\u0131r. <b style=\"color:#1897F7\">Abonelik i\u00e7in l\u00fctfen ileti\u015fime ge\u00e7iniz.<\/b>&#13;<br \/>\n                                <\/a>&#13;<br \/>\n                            <\/span>\n                        <\/div>\n<p><script>\n\t  window.fbAsyncInit = function() {\n\t\tFB.init({\n\t\t  appId: '1855843514662870',\n\t\t  status : true, \/\/ check login status\n\t\t  cookie : true, \/\/ enable cookies to allow the server to access the session\n\t\t  xfbml  : true  \/\/ parse XFBML\n\t\t});\n\t  };<\/p>\n<p>\t  (function() {\n\t\tvar e = document.createElement('script');\n\t\te.src=\"https:\/\/connect.facebook.net\/tr_TR\/all.js\";\n\t\te.async = true;\n\t\tdocument.getElementById('fb-root').appendChild(e);\n\t  }());\n    <\/script><\/p>\n","protected":false},"excerpt":{"rendered":"<p>Cumhurba\u015fkan\u0131 Recep Tayyip Erdo\u011fan, Almanya Ba\u015fbakan\u0131 Olaf Scholz ile ba\u015f ba\u015fa g\u00f6r\u00fc\u015fme ve heyetler aras\u0131 \u00e7al\u0131\u015fma yeme\u011fi \u00f6ncesinde ortak bas\u0131n toplant\u0131s\u0131 d\u00fczenledi. Cumhurba\u015fkan\u0131 Erdo\u011fan, Ba\u015fbakanl\u0131k binas\u0131na geli\u015finde kendisini kar\u015f\u0131layan Scholz ile tokala\u015ft\u0131 ve bas\u0131n mensuplar\u0131na poz verdi. Erdo\u011fan, burada yapt\u0131\u011f\u0131 konu\u015fmada, \u015fahs\u0131na ve heyetine g\u00f6sterilen misafirperverlik i\u00e7in ba\u015fta Almanya Cumhurba\u015fkan\u0131 Frank-Walter Steinmeier ve Scholz olmak [&hellip;]<\/p>\n","protected":false},"author":1,"featured_media":22289,"comment_status":"","ping_status":"","sticky":false,"template":"","format":"standard","meta":[],"categories":[47],"tags":[],"_links":{"self":[{"href":"https:\/\/kraios.app\/news\/wp-json\/wp\/v2\/posts\/22288"}],"collection":[{"href":"https:\/\/kraios.app\/news\/wp-json\/wp\/v2\/posts"}],"about":[{"href":"https:\/\/kraios.app\/news\/wp-json\/wp\/v2\/types\/post"}],"author":[{"embeddable":true,"href":"https:\/\/kraios.app\/news\/wp-json\/wp\/v2\/users\/1"}],"replies":[{"embeddable":true,"href":"https:\/\/kraios.app\/news\/wp-json\/wp\/v2\/comments?post=22288"}],"version-history":[{"count":0,"href":"https:\/\/kraios.app\/news\/wp-json\/wp\/v2\/posts\/22288\/revisions"}],"wp:featuredmedia":[{"embeddable":true,"href":"https:\/\/kraios.app\/news\/wp-json\/wp\/v2\/media\/22289"}],"wp:attachment":[{"href":"https:\/\/kraios.app\/news\/wp-json\/wp\/v2\/media?parent=22288"}],"wp:term":[{"taxonomy":"category","embeddable":true,"href":"https:\/\/kraios.app\/news\/wp-json\/wp\/v2\/categories?post=22288"},{"taxonomy":"post_tag","embeddable":true,"href":"https:\/\/kraios.app\/news\/wp-json\/wp\/v2\/tags?post=22288"}],"curies":[{"name":"wp","href":"https:\/\/api.w.org\/{rel}","templated":true}]}}