{"id":22275,"date":"2023-11-17T14:32:33","date_gmt":"2023-11-17T14:32:33","guid":{"rendered":"https:\/\/kraios.app\/news\/siyaset\/2023\/11\/17\/mesele-filistin-israil-meselesi-olmaktan-oteye-gecmistir\/"},"modified":"2023-11-17T14:32:33","modified_gmt":"2023-11-17T14:32:33","slug":"mesele-filistin-israil-meselesi-olmaktan-oteye-gecmistir","status":"publish","type":"post","link":"https:\/\/kraios.app\/news\/siyaset\/2023\/11\/17\/mesele-filistin-israil-meselesi-olmaktan-oteye-gecmistir\/","title":{"rendered":"Mesele Filistin-\u0130srail meselesi olmaktan \u00f6teye ge\u00e7mi\u015ftir"},"content":{"rendered":"<p><\/p>\n<div>\n<p>TBMM Ba\u015fkan\u0131 Numan Kurtulmu\u015f, \u0130srail&#8217;in Gazze&#8217;ye y\u00f6nelik sald\u0131r\u0131lar\u0131na dikkati \u00e7ekerek, &#8220;Mesele, \u00e7oktan Filistin-\u0130srail meselesi olmaktan \u00f6teye ge\u00e7mi\u015ftir. Mesele, insanl\u0131\u011f\u0131n gelece\u011fiyle ilgili tarihi bir a\u015faman\u0131n \u00f6ncesinde oldu\u011fumuz hususudur.&#8221; dedi.<\/p>\n<p>Kurtulmu\u015f, Fatma Alt\u0131nba\u015f Konferans Salonu&#8217;nda d\u00fczenlenen Alt\u0131nba\u015f \u00dcniversitesi 2023-2024 Akademik Y\u0131l\u0131 A\u00e7\u0131l\u0131\u015f T\u00f6reni&#8217;ndeki konu\u015fmas\u0131nda, Cumhuriyetin ikinci asr\u0131n\u0131n ba\u015flad\u0131\u011f\u0131 2023&#8217;te T\u00fcrkiye&#8217;nin \u00f6nemli bir noktaya geldi\u011fini, ancak bunun yeterli olmad\u0131\u011f\u0131n\u0131, daha b\u00fcy\u00fck hedeflere kenetlenerek daha g\u00fc\u00e7l\u00fc bir \u015fekilde \u00fclkeyi ileri ta\u015f\u0131man\u0131n herkesin g\u00f6revi oldu\u011funu belirtti.<\/p>\n<p>T\u00fcrkiye&#8217;nin bug\u00fcn 209 \u00fcniversite, 7 milyon \u00f6\u011frenci n\u00fcfusuyla b\u00fcy\u00fck bir y\u00fcksek \u00f6\u011frenim ordusuna sahip oldu\u011funu ifade eden Kurtulmu\u015f, T\u00fcrkiye&#8217;nin bu anlamda d\u00fcnyan\u0131n kayda de\u011fer y\u00fcksek \u00f6\u011frenim kurumlar\u0131na sahip \u00fclkelerinden birisi haline geldi\u011fini s\u00f6yledi.<\/p>\n<p>Kurtulmu\u015f, gelinen noktada hem uluslararas\u0131la\u015fmay\u0131 daha fazla art\u0131rarak hem de \u00fclkedeki \u00fcniversitelerin d\u00fcnya \u00fcniversiteleriyle daha rekabet edebilir hale gelmesi i\u00e7in \u00e7al\u0131\u015fman\u0131n herkesin ortak vazifesi oldu\u011funu bildirdi.<\/p>\n<p><img decoding=\"async\" alt=\"\" src=\"https:\/\/www.aa.com.tr\/uploads\/userFiles\/79121245-49cb-4f77-bd45-d9d308a833b3\/04_2023%2F02_Kasim%2F06%2FAA-32934909.jpg\"\/><\/p>\n<p>En y\u00fcksek krizleri, en karma\u015f\u0131k problemleri, kaoslar\u0131 ya\u015fad\u0131\u011f\u0131 bir d\u00f6nemde olan d\u00fcnyan\u0131n art\u0131k bu krizleri ve kaoslar\u0131 ta\u015f\u0131yamayacak noktaya geldi\u011fini dile getiren Kurtulmu\u015f, &#8220;Dolay\u0131s\u0131yla burada T\u00fcrkiye olarak sadece kendi hedeflerimize odaklanmak de\u011fil, ayn\u0131 zamanda ikinci b\u00fcy\u00fck \u00f6dev olarak yeni bir d\u00fcnyan\u0131n kurulmas\u0131 i\u00e7in de elimizdeki b\u00fct\u00fcn imkanlar\u0131 seferber etmek mecburiyetindeyiz.&#8221; diye konu\u015ftu.<\/p>\n<h3>&#8220;Ba\u015fta Bat\u0131 \u00fclkeleri olmak \u00fczere bir\u00e7ok \u00fclkede ya\u015fanan yabanc\u0131 d\u00fc\u015fmanl\u0131\u011f\u0131 bizde yoktur&#8221;<\/h3>\n<p>D\u00fcnyada \u00e7evre sorunlar\u0131, a\u00e7l\u0131k, k\u0131tl\u0131k ve bunlara ba\u011fl\u0131 sa\u011fl\u0131k sorunlar\u0131n\u0131n giderek art\u0131\u011f\u0131n\u0131 vurgulayan Kurtulmu\u015f, a\u00e7l\u0131\u011f\u0131n, k\u0131tl\u0131\u011f\u0131n, yoksullu\u011fun ve hatta temel maddelere ula\u015fmadaki yoksunlu\u011fun insanl\u0131\u011f\u0131n dibini oydu\u011funu ifade etti.<\/p>\n<p>Kurtulmu\u015f, d\u00fcnyada gelir da\u011f\u0131l\u0131m\u0131 e\u015fitsizli\u011fi ve kitlesel g\u00f6\u00e7 sorununun da bulundu\u011funu, maalesef g\u00f6\u00e7 meselesine de \u00e7\u00f6z\u00fcm bulunamad\u0131\u011f\u0131n\u0131 belirtti.<\/p>\n<p>Yabanc\u0131 d\u00fc\u015fmanl\u0131\u011f\u0131n\u0131n da bir ba\u015fka sorun oldu\u011funu dile getiren Kurtulmu\u015f, &#8220;Ba\u015fta Bat\u0131 \u00fclkeleri olmak \u00fczere bir\u00e7ok \u00fclkede ya\u015fanan yabanc\u0131 d\u00fc\u015fmanl\u0131\u011f\u0131 bizde yoktur. Yabanc\u0131y\u0131 \u00f6tekile\u015ftirme bizde yoktur. Dili dilimize uymayan\u0131, rengi rengimize uymayan\u0131 ikinci, \u00fc\u00e7\u00fcnc\u00fc s\u0131n\u0131f olarak g\u00f6rmek bizim l\u00fcgatimizde yazmaz.&#8221; ifadesine yer verdi.<\/p>\n<p>TBMM Ba\u015fkan\u0131 Kurtulmu\u015f, yabanc\u0131 d\u00fc\u015fmanl\u0131\u011f\u0131n\u0131n ve buna ba\u011fl\u0131 olarak da Avrupa&#8217;y\u0131 i\u00e7ten i\u00e7e saran, esir alan \u0131rk\u00e7\u0131l\u0131\u011f\u0131n ve d\u00fcnyada bug\u00fcn kar\u015f\u0131 kar\u015f\u0131ya kal\u0131nan, \u00f6zellikle son Filistin meselesinde de g\u00f6r\u00fclen insanl\u0131k d\u0131\u015f\u0131 \u0131rk\u00e7\u0131l\u0131\u011f\u0131n k\u00f6klerinin asl\u0131nda \u00f6tekile\u015ftirmekten, ba\u015fkas\u0131n\u0131 ikinci, \u00fc\u00e7\u00fcnc\u00fc s\u0131n\u0131f, kendisini de \u00fcst\u00fcn g\u00f6rmekten kaynakland\u0131\u011f\u0131n\u0131 belirtti.<\/p>\n<h3>&#8220;Zihniyet devriminin ortaya \u00e7\u0131kmas\u0131 ka\u00e7\u0131n\u0131lmazd\u0131r&#8221;<\/h3>\n<p>Bat\u0131 d\u00fcnyas\u0131nda yay\u0131lan ve d\u00fcnyaya ihra\u00e7 edilmeye ba\u015flanan bir b\u00fcy\u00fck tehlikenin de \u0130slam kar\u015f\u0131tl\u0131\u011f\u0131 oldu\u011funu bildiren Kurtulmu\u015f, &#8220;Kur&#8217;an-\u0131 Kerim&#8217;in yak\u0131lmas\u0131 ya da M\u00fcsl\u00fcmanl\u0131\u011f\u0131n de\u011ferlerine sald\u0131r\u0131lmas\u0131 sadece \u00fc\u00e7 be\u015f fanati\u011fin, \u00fc\u00e7 be\u015f s\u0131ra d\u0131\u015f\u0131 siyaset\u00e7inin yapt\u0131\u011f\u0131 i\u015f de\u011fil, bilin\u00e7li bir tercihle \u00f6tekile\u015ftiren bir anlay\u0131\u015fla d\u00fcnyan\u0131n bir kesimini marjinalle\u015ftirmek i\u00e7in ortaya konulmu\u015f bir stratejidir.&#8221; dedi.<\/p>\n<p>Kurtulmu\u015f, d\u00fcnyadaki sorunlar\u0131n arkas\u0131nda yatan temel meselenin, son iki bu\u00e7uk as\u0131rd\u0131r d\u00fcnyay\u0131 y\u00f6neten, y\u00f6nlendiren Bat\u0131 medeniyetinin bir batakl\u0131\u011fa saplanmas\u0131n\u0131n a\u00e7\u0131k bir sonucu oldu\u011funu kaydetti.<\/p>\n<p><img decoding=\"async\" alt=\"\" src=\"https:\/\/www.aa.com.tr\/uploads\/userFiles\/79121245-49cb-4f77-bd45-d9d308a833b3\/04_2023%2F02_Kasim%2F06%2FAA-32937538.jpg\"\/><\/p>\n<p>D\u00fcnyadaki sorunlar\u0131 \u00e7\u00f6zebilmek i\u00e7in bir zihniyet devrimine ihtiya\u00e7 duyuldu\u011funu ifade eden Kurtulmu\u015f, \u015f\u00f6yle devam etti:<\/p>\n<p>&#8220;\u0130nsanlar\u0131 \u00f6tekile\u015ftirmeyen, kendisini birinci s\u0131n\u0131f, \u00fcst\u00fcn ve di\u011ferlerini \u00f6teki g\u00f6rmeyen, d\u00fcnyay\u0131 babas\u0131n\u0131n mal\u0131 gibi, kendi m\u00fclk\u00fc olarak g\u00f6rerek d\u00fcnyada ne var ne yoksa onlar\u0131 talan etmekten ibaret bir zihin d\u00fcnyas\u0131 kurgulamayan, sadece d\u00fcnyay\u0131 de\u011fil, uzay\u0131 bile kendi \u00e7\u00f6pl\u00fc\u011f\u00fc haline getirmeyi \u00e7ok kazanman\u0131n bir aleti olarak g\u00f6rmeyen insani, toplumsal, kamusal bir zihniyetle b\u00fct\u00fcn insanlara bakan yeni bir anlay\u0131\u015fa ihtiya\u00e7 var. Dolay\u0131s\u0131yla bu zihniyet devriminin ortaya \u00e7\u0131kmas\u0131 ka\u00e7\u0131n\u0131lmazd\u0131r, zaruridir; sadece bir teklif de\u011fil, insanl\u0131\u011f\u0131n bundan sonra selametli bir \u015fekilde gelece\u011fe do\u011fru y\u00fcr\u00fcmesi i\u00e7in mutlak bir gerekliliktir.&#8221;<\/p>\n<p>Filistin&#8217;de 42. g\u00fcn\u00fcne gelen insanl\u0131k ay\u0131b\u0131n\u0131n art\u0131k bir katliam\u0131 da a\u015ft\u0131\u011f\u0131n\u0131, bunun bir soyk\u0131r\u0131m oldu\u011funu belirten Kurtulmu\u015f, &#8220;Bu soyk\u0131r\u0131m tesad\u00fcfen bu noktaya gelmemi\u015ftir. Bug\u00fcn gelinen nokta d\u00fcnya sisteminin, tabiri caizse zihniyet olarak \u00e7\u00f6k\u00fc\u015f\u00fcn\u00fcn de tarihsel olarak bir sonucudur, getirdi\u011fi bir noktad\u0131r. Bug\u00fcn maalesef vefat edenlerin say\u0131lar\u0131 15 bine geldi\u011fini tahmin ediyorum. En az bunun \u00fc\u00e7, d\u00f6rt kat\u0131n\u0131n da daha ula\u015f\u0131lamayan o y\u0131k\u0131nt\u0131lar\u0131n alt\u0131nda oldu\u011funu g\u00f6r\u00fcyoruz. Bu konuyu konu\u015furken, konu\u015fmaktan bile utan\u0131yorum.&#8221; diye konu\u015ftu.<\/p>\n<h3>&#8220;Bat\u0131 \u00fclkelerin b\u00fcy\u00fck bir k\u0131sm\u0131, Gazze konusunda sessiz kal\u0131yor&#8221;<\/h3>\n<p>Numan Kurtulmu\u015f, Gazze&#8217;de hastanenin bombalanmas\u0131yla yo\u011fun bak\u0131m \u00fcnitesindeki insanlar\u0131n, kuv\u00f6zdeki bebeklerin \u00f6ld\u00fcr\u00fcld\u00fc\u011f\u00fcn\u00fc dile getirerek, \u015f\u00f6yle konu\u015ftu:<\/p>\n<p>&#8220;Ne yaz\u0131k ki kendini s\u00f6zde modern, Do\u011fu&#8217;nun, Afrika&#8217;n\u0131n insanlar\u0131n\u0131 da geri g\u00f6ren zihniyet, halklar\u0131n\u0131 tenzih ediyorum, y\u00f6neticileri bak\u0131m\u0131ndan s\u00f6yl\u00fcyorum, maalesef bu zulme kar\u015f\u0131 sessiz kalmak \u015f\u00f6yle dursun, &#8216;Ne yapal\u0131m? \u0130srail&#8217;in de kendini savunma hakk\u0131 vard\u0131r.&#8217; diyerek bu zulm\u00fcn a\u00e7\u0131k ortakl\u0131\u011f\u0131n\u0131 yap\u0131yor. Bu bir insanl\u0131k ay\u0131b\u0131d\u0131r. Sadece Netanyahu ve \u00e7etesi de\u011fil, bu a\u011f\u0131r su\u00e7lardan dolay\u0131 bunlar\u0131 destekleyen herkes, tarih \u00f6n\u00fcnde sorumludur. Maalesef Bat\u0131 \u00fclkelerinin b\u00fcy\u00fck bir k\u0131sm\u0131, bu konuda sessiz kal\u0131yor. Biz bu manzaray\u0131 \u00e7ok g\u00f6rd\u00fck. D\u00fcn Srebrenitsa katliam\u0131nda 9 bin Bo\u015fnak Avrupa&#8217;n\u0131n ortas\u0131nda kesilirken, ayn\u0131 Bat\u0131 yine g\u00f6zlerini, kulaklar\u0131n\u0131 kapatm\u0131\u015ft\u0131.&#8221;<\/p>\n<p>Kurtulmu\u015f, &#8220;Temelinde hakkaniyet de\u011fil, g\u00fc\u00e7 hiyerar\u015fisi olan bir d\u00fcnya sistemi \u00e7\u00f6kmeye mahkumdur. Temelinde yery\u00fcz\u00fcn\u00fcn 7,5 milyar insan\u0131n ortak m\u00fclk\u00fc oldu\u011fu inanc\u0131 de\u011fil, d\u00fcnyay\u0131 s\u00f6m\u00fcren zadegan\u0131n babas\u0131n\u0131n mal\u0131 m\u00fclk\u00fc oldu\u011funu sanan bir anlay\u0131\u015f \u00e7\u00f6kmeye mahkumdur. \u0130nsanlar\u0131 iyi ve k\u00f6t\u00fc, birinci ve ikinci s\u0131n\u0131f g\u00f6ren zihniyet \u00e7\u00f6kmeye mahkumdur. Siviller aras\u0131nda bir hiyerar\u015fi kuran, baz\u0131 sivilleri korunmas\u0131 gereken baz\u0131 sivilleri ise g\u00f6zden \u00e7\u0131kar\u0131lmas\u0131 gereken olarak g\u00f6ren bir zihniyet \u00e7\u00f6kmeye mahkumdur.&#8221; dedi.<\/p>\n<p>Kurtulmu\u015f, Filistin halk\u0131na, masum ve mazlum ya\u015fl\u0131lara, kad\u0131nlara, bebeklere kar\u015f\u0131 yap\u0131lan soyk\u0131r\u0131m\u0131n, insanl\u0131k su\u00e7unun, sadece bombay\u0131 atanlar\u0131n, siyasi kararlar verenlerin y\u00fcz karas\u0131 olmad\u0131\u011f\u0131n\u0131, bu duruma sessiz kalanlar\u0131n da y\u00fcz karas\u0131 oldu\u011funu belirtti.<\/p>\n<h3>&#8220;Yeni bir d\u00fcnya sistemine do\u011fru gidilmesi zaruridir&#8221;<\/h3>\n<p>Art\u0131k yeni bir d\u00fcnya sistemine do\u011fru gidilmesinin zaruri oldu\u011funu belirten Kurtulmu\u015f, &#8220;Ya yeni bir d\u00fcnya sistemi kurulacak ya yeni bir k\u00fcresel, siyasal mimari in\u015fa edilecek ya yeni bir k\u00fcresel ekonomik mimari in\u015fa edilecek ya da \u00e7ok net s\u00f6yl\u00fcyorum, d\u00fcnya h\u0131zla \u00fc\u00e7\u00fcnc\u00fc b\u00fcy\u00fck sava\u015fa do\u011fru ko\u015far ad\u0131m gidecektir. \u0130nsanl\u0131k b\u00f6ylesine vahim bir tercihle kar\u015f\u0131 kar\u015f\u0131yad\u0131r. Mesele, \u00e7oktan Filistin-\u0130srail meselesi olmaktan \u00f6teye ge\u00e7mi\u015ftir. Mesele, insanl\u0131\u011f\u0131n gelece\u011fiyle ilgili tarihi bir a\u015faman\u0131n \u00f6ncesinde oldu\u011fumuz hususudur.&#8221; \u015feklinde konu\u015ftu.<\/p>\n<p>T\u00fcrkiye&#8217;nin Gazze i\u00e7in canh\u0131ra\u015f bir m\u00fccadele sergiledi\u011fini dile getiren Kurtulmu\u015f, &#8220;Hem tarihten gelen sorumlulu\u011fumuzun bir gere\u011fi olarak Filistinli karde\u015flerimize sahip \u00e7\u0131kmaya \u00e7al\u0131\u015f\u0131yor hem de d\u00fcnyan\u0131n bir\u00e7ok yerinde insanlar\u0131n bu konuya dikkatlerini \u00e7ekmeye gayret ediyoruz.&#8221; diye konu\u015ftu.<\/p>\n<h3>&#8220;\u0130nsanl\u0131k cephesinin uyanmakta oldu\u011funu g\u00f6r\u00fcyoruz&#8221;<\/h3>\n<p>Numan Kurtulmu\u015f, yeni bir d\u00fcnyan\u0131n kurulaca\u011f\u0131na dair i\u015faretler ortaya koyan hususun, h\u00fck\u00fcmetler ne kadar sessiz kal\u0131rsa kals\u0131n, Gazze&#8217;deki sald\u0131r\u0131lar kar\u015f\u0131s\u0131nda ba\u015fta Bat\u0131 \u00fclkeleri olmak \u00fczere d\u00fcnyan\u0131n bir\u00e7ok yerinde insaf ve vicdan sahibi insanlar\u0131n sokaklara \u00e7\u0131kmas\u0131 oldu\u011funu belirterek, \u015funlar\u0131 kaydetti:<\/p>\n<p>&#8220;D\u00fcnyada \u00e7ok \u015f\u00fck\u00fcr insanl\u0131k cephesi uyanmaya ba\u015flad\u0131. \u0130nsanl\u0131ktan yana olan y\u00fcz milyonlarca insan sokaklara \u00e7\u0131k\u0131yor, sosyal platformlar\u0131 kullan\u0131yor ve &#8216;Yeter art\u0131k&#8217; diyerek bu zulm\u00fcn \u00f6nlenebilmesi i\u00e7in g\u00f6r\u00fc\u015flerini ifade ediyorlar. \u00c7\u00fcnk\u00fc insanlar g\u00f6r\u00fcyor, biliyor ve anl\u0131yor ki bu i\u015f b\u00f6yle gitmez, b\u00f6yle giderse hi\u00e7bir \u00fclkede, hi\u00e7bir milletin rahat ve huzur i\u00e7erisinde ya\u015famas\u0131n\u0131n imkan\u0131 olmayacak bir d\u00f6neme giriyoruz. Dolay\u0131s\u0131yla insanl\u0131k cephesinin uyanmakta oldu\u011funu g\u00f6r\u00fcyoruz. T\u00fcrkiye olarak bizim \u00fczerimize d\u00fc\u015fen, bu insanl\u0131k cephesinin daha da g\u00fc\u00e7lenmesi i\u00e7in elimizden gelen gayreti ortaya koyabilmektir.&#8221;<\/p>\n<h3>&#8220;Hepimizin ortak noktas\u0131 bu milletin gelecek hedefleri ve hayalleridir&#8221;<\/h3>\n<p>TBMM Ba\u015fkan\u0131 Kurtulmu\u015f, T\u00fcrkiye&#8217;nin gelecek d\u00f6nemde \u00e7ok \u00f6nemli bir rol oynayaca\u011f\u0131n\u0131, d\u00fcnyada bar\u0131\u015f\u0131, esenli\u011fi ve sorunlar\u0131 ortadan kald\u0131racak bak\u0131\u015f a\u00e7\u0131lar\u0131n\u0131 geli\u015ftirebilece\u011fine y\u00fcrekten inand\u0131klar\u0131n\u0131 ifade etti.<\/p>\n<p>T\u00fcrkiye&#8217;nin s\u00f6z\u00fcn\u00fcn tesirinin artmas\u0131 i\u00e7in toplumsal yap\u0131s\u0131n\u0131n g\u00fc\u00e7l\u00fc ve sa\u011flam olmas\u0131 gerekti\u011fini belirten Kurtulmu\u015f, &#8220;Hepimizin ortak noktas\u0131 T\u00fcrkiye. Hepimizin ortak noktas\u0131 bu milletin gelecek hedefleri ve hayalleridir. Bunu ger\u00e7ekle\u015ftirmek i\u00e7in farkl\u0131l\u0131klar\u0131m\u0131z\u0131 zenginlik olarak telakki edece\u011fiz. Bu zenginli\u011fimizi de \u00fclkemizin, milletimizin ve b\u00fct\u00fcn insanl\u0131\u011f\u0131n hayr\u0131na bir b\u00fcy\u00fck girdi olarak ortaya koyaca\u011f\u0131z. B\u00f6ylece sa\u011flam, g\u00fc\u00e7l\u00fc bir T\u00fcrkiye ile gelece\u011fin y\u00fcz y\u0131l\u0131nda \u00e7ok etkili, yeni, adaletli bir d\u00fcnya sisteminin kurulmas\u0131 i\u00e7in m\u00fccadele edece\u011fiz.&#8221; \u015feklinde konu\u015ftu.<\/p>\n<p><img decoding=\"async\" alt=\"\" src=\"https:\/\/www.aa.com.tr\/uploads\/userFiles\/79121245-49cb-4f77-bd45-d9d308a833b3\/04_2023%2F02_Kasim%2F06%2FAA-32934910.jpg\"\/><\/p>\n<p>Konu\u015fmas\u0131n\u0131n ard\u0131ndan Kurtulmu\u015f&#8217;a Alt\u0131nba\u015f \u00dcniversitesi Rekt\u00f6r\u00fc Prof. Dr. \u00c7a\u011fr\u0131 Erhan ve M\u00fctevelli Heyeti Ba\u015fkan\u0131 Ali Alt\u0131nba\u015f taraf\u0131ndan hediye takdim edildi.<\/p>\n<p>Kurtulmu\u015f, \u00fcniversitenin akademisyenlerine de \u00f6d\u00fcllerini vererek, tebrik etti.<\/p>\n<p>                            <span class=\"detay-foto-editor\">&#13;<br \/>\n                                <a href=\"https:\/\/www.aa.com.tr\/tr\/p\/abonelik-talep-formu\/1001\" target=\"_blank\" style=\"font-size:12px; color:#444; text-decoration:none;\" rel=\"noopener\">&#13;<br \/>\n                                    Anadolu Ajans\u0131 web sitesinde, AA Haber Ak\u0131\u015f Sistemi (HAS) \u00fczerinden abonelere sunulan haberler, \u00f6zetlenerek yay\u0131mlanmaktad\u0131r. <b style=\"color:#1897F7\">Abonelik i\u00e7in l\u00fctfen ileti\u015fime ge\u00e7iniz.<\/b>&#13;<br \/>\n                                <\/a>&#13;<br \/>\n                            <\/span>\n                        <\/div>\n<p><script>\n\t  window.fbAsyncInit = function() {\n\t\tFB.init({\n\t\t  appId: '1855843514662870',\n\t\t  status : true, \/\/ check login status\n\t\t  cookie : true, \/\/ enable cookies to allow the server to access the session\n\t\t  xfbml  : true  \/\/ parse XFBML\n\t\t});\n\t  };<\/p>\n<p>\t  (function() {\n\t\tvar e = document.createElement('script');\n\t\te.src=\"https:\/\/connect.facebook.net\/tr_TR\/all.js\";\n\t\te.async = true;\n\t\tdocument.getElementById('fb-root').appendChild(e);\n\t  }());\n    <\/script><\/p>\n","protected":false},"excerpt":{"rendered":"<p>TBMM Ba\u015fkan\u0131 Numan Kurtulmu\u015f, \u0130srail&#8217;in Gazze&#8217;ye y\u00f6nelik sald\u0131r\u0131lar\u0131na dikkati \u00e7ekerek, &#8220;Mesele, \u00e7oktan Filistin-\u0130srail meselesi olmaktan \u00f6teye ge\u00e7mi\u015ftir. Mesele, insanl\u0131\u011f\u0131n gelece\u011fiyle ilgili tarihi bir a\u015faman\u0131n \u00f6ncesinde oldu\u011fumuz hususudur.&#8221; dedi. Kurtulmu\u015f, Fatma Alt\u0131nba\u015f Konferans Salonu&#8217;nda d\u00fczenlenen Alt\u0131nba\u015f \u00dcniversitesi 2023-2024 Akademik Y\u0131l\u0131 A\u00e7\u0131l\u0131\u015f T\u00f6reni&#8217;ndeki konu\u015fmas\u0131nda, Cumhuriyetin ikinci asr\u0131n\u0131n ba\u015flad\u0131\u011f\u0131 2023&#8217;te T\u00fcrkiye&#8217;nin \u00f6nemli bir noktaya geldi\u011fini, ancak bunun yeterli [&hellip;]<\/p>\n","protected":false},"author":1,"featured_media":22276,"comment_status":"","ping_status":"","sticky":false,"template":"","format":"standard","meta":[],"categories":[47],"tags":[],"_links":{"self":[{"href":"https:\/\/kraios.app\/news\/wp-json\/wp\/v2\/posts\/22275"}],"collection":[{"href":"https:\/\/kraios.app\/news\/wp-json\/wp\/v2\/posts"}],"about":[{"href":"https:\/\/kraios.app\/news\/wp-json\/wp\/v2\/types\/post"}],"author":[{"embeddable":true,"href":"https:\/\/kraios.app\/news\/wp-json\/wp\/v2\/users\/1"}],"replies":[{"embeddable":true,"href":"https:\/\/kraios.app\/news\/wp-json\/wp\/v2\/comments?post=22275"}],"version-history":[{"count":0,"href":"https:\/\/kraios.app\/news\/wp-json\/wp\/v2\/posts\/22275\/revisions"}],"wp:featuredmedia":[{"embeddable":true,"href":"https:\/\/kraios.app\/news\/wp-json\/wp\/v2\/media\/22276"}],"wp:attachment":[{"href":"https:\/\/kraios.app\/news\/wp-json\/wp\/v2\/media?parent=22275"}],"wp:term":[{"taxonomy":"category","embeddable":true,"href":"https:\/\/kraios.app\/news\/wp-json\/wp\/v2\/categories?post=22275"},{"taxonomy":"post_tag","embeddable":true,"href":"https:\/\/kraios.app\/news\/wp-json\/wp\/v2\/tags?post=22275"}],"curies":[{"name":"wp","href":"https:\/\/api.w.org\/{rel}","templated":true}]}}