{"id":22263,"date":"2023-11-17T10:56:47","date_gmt":"2023-11-17T10:56:47","guid":{"rendered":"https:\/\/kraios.app\/news\/siyaset\/2023\/11\/17\/ankara-milletvekili-adnan-beker-iyi-partiden-istifa-etti\/"},"modified":"2023-11-17T10:56:47","modified_gmt":"2023-11-17T10:56:47","slug":"ankara-milletvekili-adnan-beker-iyi-partiden-istifa-etti","status":"publish","type":"post","link":"https:\/\/kraios.app\/news\/siyaset\/2023\/11\/17\/ankara-milletvekili-adnan-beker-iyi-partiden-istifa-etti\/","title":{"rendered":"Ankara Milletvekili Adnan Beker, \u0130Y\u0130 Parti&#039;den istifa etti"},"content":{"rendered":"<p>Ankara Milletvekili Adnan Beker, \u0130Y\u0130 Parti&#8217;den istifa etti\u011fini a\u00e7\u0131klad\u0131.<\/p>\n","protected":false},"excerpt":{"rendered":"<p>Ankara Milletvekili Adnan Beker, \u0130Y\u0130 Parti&#8217;den istifa etti\u011fini a\u00e7\u0131klad\u0131.<\/p>\n","protected":false},"author":1,"featured_media":22264,"comment_status":"","ping_status":"","sticky":false,"template":"","format":"standard","meta":[],"categories":[47],"tags":[],"_links":{"self":[{"href":"https:\/\/kraios.app\/news\/wp-json\/wp\/v2\/posts\/22263"}],"collection":[{"href":"https:\/\/kraios.app\/news\/wp-json\/wp\/v2\/posts"}],"about":[{"href":"https:\/\/kraios.app\/news\/wp-json\/wp\/v2\/types\/post"}],"author":[{"embeddable":true,"href":"https:\/\/kraios.app\/news\/wp-json\/wp\/v2\/users\/1"}],"replies":[{"embeddable":true,"href":"https:\/\/kraios.app\/news\/wp-json\/wp\/v2\/comments?post=22263"}],"version-history":[{"count":0,"href":"https:\/\/kraios.app\/news\/wp-json\/wp\/v2\/posts\/22263\/revisions"}],"wp:featuredmedia":[{"embeddable":true,"href":"https:\/\/kraios.app\/news\/wp-json\/wp\/v2\/media\/22264"}],"wp:attachment":[{"href":"https:\/\/kraios.app\/news\/wp-json\/wp\/v2\/media?parent=22263"}],"wp:term":[{"taxonomy":"category","embeddable":true,"href":"https:\/\/kraios.app\/news\/wp-json\/wp\/v2\/categories?post=22263"},{"taxonomy":"post_tag","embeddable":true,"href":"https:\/\/kraios.app\/news\/wp-json\/wp\/v2\/tags?post=22263"}],"curies":[{"name":"wp","href":"https:\/\/api.w.org\/{rel}","templated":true}]}}