{"id":22239,"date":"2023-11-17T06:59:09","date_gmt":"2023-11-17T06:59:09","guid":{"rendered":"https:\/\/kraios.app\/news\/siyaset\/2023\/11\/17\/hamasi-yok-etmek-adina-sivilleri-oldurmek-kabul-edilebilir-bir-sey-degil\/"},"modified":"2023-11-17T06:59:09","modified_gmt":"2023-11-17T06:59:09","slug":"hamasi-yok-etmek-adina-sivilleri-oldurmek-kabul-edilebilir-bir-sey-degil","status":"publish","type":"post","link":"https:\/\/kraios.app\/news\/siyaset\/2023\/11\/17\/hamasi-yok-etmek-adina-sivilleri-oldurmek-kabul-edilebilir-bir-sey-degil\/","title":{"rendered":"Hamas&#8217;\u0131 yok etmek ad\u0131na sivilleri \u00f6ld\u00fcrmek kabul edilebilir bir \u015fey de\u011fil"},"content":{"rendered":"<p><\/p>\n<div>\n<p><strong>Bosna Hersek D\u0131\u015fi\u015fleri Bakan\u0131 Elmedin Konakovi\u00e7<\/strong>, D\u0131\u015fi\u015fleri Bakan\u0131 Hakan Fidan ile D\u0131\u015fi\u015fleri Bakanl\u0131\u011f\u0131ndaki g\u00f6r\u00fc\u015fmenin ard\u0131ndan d\u00fczenlenen ortak bas\u0131n toplant\u0131s\u0131nda konu\u015ftu.<\/p>\n<p>Bakan Konakovi\u00e7, T\u00fcrkiye&#8217;ye ve Cumhurba\u015fkan\u0131 Recep Tayyip Erdo\u011fan&#8217;a Balkanlar&#8217;daki ve Bosna Hersek&#8217;teki geli\u015fmeleri takip etti\u011fi i\u00e7in te\u015fekk\u00fcr ederek, T\u00fcrkiye&#8217;yi &#8220;dost ve karde\u015f \u00fclke&#8221; olarak g\u00f6rd\u00fc\u011f\u00fcn\u00fc belirtti.<\/p>\n<p>\u0130ki \u00fclke aras\u0131ndaki ticaret hacminin geli\u015fime a\u00e7\u0131k oldu\u011funu kaydeden Konakovi\u00e7, son y\u0131llarda ticari ili\u015fkilerin en \u00fcst d\u00fczeye \u00e7\u0131kt\u0131\u011f\u0131n\u0131 ifade etti.<\/p>\n<p>Konakovi\u00e7, Bosna Hersek ile T\u00fcrkiye&#8217;nin tarihi ili\u015fkilerine dikkati \u00e7ekerek, ekonomik ili\u015fkilerin g\u00fc\u00e7lendirilmesinin \u00f6nemini vurgulad\u0131.<\/p>\n<p>\u00d6nceki T\u00fcrkiye ziyaretinde Avrupa Birli\u011finin (AB) Bosna Hersek&#8217;ten talep etti\u011fi reformlar\u0131 anlatt\u0131\u011f\u0131n\u0131 hat\u0131rlatan Konakovi\u00e7, \u00fclkesinin Avrupa entegrasyonu yolunda h\u0131z kazand\u0131\u011f\u0131n\u0131 aktard\u0131.<\/p>\n<p>Konakovi\u00e7, Kahramanmara\u015f merkezli 6 \u015eubat depremlerine de\u011finerek, T\u00fcrkiye&#8217;nin kararl\u0131l\u0131kla bu zor durumu atlatt\u0131\u011f\u0131n\u0131 dile getirdi.<\/p>\n<p>Kendisinin Bosna Sava\u015f\u0131&#8217;nda \u00fclkesini korumaya \u00e7al\u0131\u015ft\u0131\u011f\u0131n\u0131 belirten Konakovi\u00e7, &#8220;Srebrenitsa&#8217;da Birle\u015fmi\u015f Milletlerin (BM) korumas\u0131 alt\u0131nda bir b\u00f6lgede b\u00fcy\u00fck bir soyk\u0131r\u0131m i\u015flendi.&#8221; diye konu\u015ftu.<\/p>\n<h3>&#8220;Sivilleri \u00f6ld\u00fcrmek kabul edilebilir de\u011fil&#8221;<\/h3>\n<p>Konakovi\u00e7, Bosna&#8217;da ya\u015fananlara benzer g\u00f6r\u00fcnt\u00fclerin Ukrayna ve Gazze&#8217;de de ya\u015fand\u0131\u011f\u0131na i\u015faret ederek, &#8220;Bug\u00fcn Hamas&#8217;\u0131 yok etmek ad\u0131na hastanelere, okullara (sald\u0131rmak) ve sivilleri \u00f6ld\u00fcrmek, bu kesinlikle kabul edilebilir bir \u015fey de\u011fil.&#8221; ifadesini kulland\u0131.<\/p>\n<p>\u0130ki devletli \u00e7\u00f6z\u00fcm\u00fcn aranmas\u0131 gerekti\u011fine vurgu yapan Konakovi\u00e7, &#8220;Ben T\u00fcrkiye&#8217;ye hem b\u00f6lge i\u00e7in hem Bosna Hersek i\u00e7in yapt\u0131\u011f\u0131 b\u00fct\u00fcn katk\u0131lardan dolay\u0131 te\u015fekk\u00fcr ediyorum.&#8221; dedi.<\/p>\n<p>Konakovi\u00e7, eski Yugoslavya \u00fclkelerinin bulundu\u011fu b\u00f6lgede bar\u0131\u015f\u0131n ve g\u00fcvenli\u011fin \u00f6ncelikli meseleleri oldu\u011funa dikkati \u00e7ekerek, bunun ekonomi i\u00e7in \u00f6nemine de\u011findi.<\/p>\n<h3>Saraybosna-Belgrad otoyolu<\/h3>\n<p>T\u00fcrkiye ile Bosna Hersek ili\u015fkilerini daha iyi hale getirmek i\u00e7in Ankara&#8217;ya geldi\u011fini anlatan Konakovi\u00e7, &#8220;Saraybosna-Belgrad otoyolu, biliyorsunuz, en b\u00fcy\u00fck projelerden biri. Say\u0131n Cumhurba\u015fkan\u0131 Erdo\u011fan&#8217;dan b\u00fcy\u00fck bir destek ald\u0131k, T\u00fcrk bankalar\u0131ndan ald\u0131k ve bu bizim i\u00e7in \u00e7ok \u00f6nemli.&#8221; de\u011ferlendirmesinde bulundu.<\/p>\n<p>Konakovi\u00e7, Bosna Hersek&#8217;in iki entitesinden biri olan S\u0131rp Cumhuriyeti (RS) Ba\u015fkan\u0131 Milorad Dodik ve S\u0131rbistan Cumhurba\u015fkan\u0131 Aleksandar Vucic ile bu konuyu konu\u015ftu\u011funu, onlar\u0131n proje i\u00e7in deste\u011fini ald\u0131\u011f\u0131n\u0131 s\u00f6yledi.<\/p>\n<p>Bosnal\u0131lar\u0131n \u0130stanbul Havaliman\u0131&#8217;n\u0131 s\u0131k kulland\u0131\u011f\u0131n\u0131n alt\u0131n\u0131 \u00e7izen Konakovi\u00e7, T\u00fcrkiye&#8217;den de \u00fclkesine \u00e7ok say\u0131da ziyaret\u00e7inin geldi\u011fini kaydetti.<\/p>\n<p>Konakovi\u00e7, konu\u015fmas\u0131n\u0131n sonunda, Bakan Fidan&#8217;\u0131 Bosna Hersek&#8217;e davet etti.<\/p>\n<p>                            <span class=\"detay-foto-editor\">&#13;<br \/>\n                                <a href=\"https:\/\/www.aa.com.tr\/tr\/p\/abonelik-talep-formu\/1001\" target=\"_blank\" style=\"font-size:12px; color:#444; text-decoration:none;\" rel=\"noopener\">&#13;<br \/>\n                                    Anadolu Ajans\u0131 web sitesinde, AA Haber Ak\u0131\u015f Sistemi (HAS) \u00fczerinden abonelere sunulan haberler, \u00f6zetlenerek yay\u0131mlanmaktad\u0131r. <b style=\"color:#1897F7\">Abonelik i\u00e7in l\u00fctfen ileti\u015fime ge\u00e7iniz.<\/b>&#13;<br \/>\n                                <\/a>&#13;<br \/>\n                            <\/span>\n                        <\/div>\n<p><script>\n\t  window.fbAsyncInit = function() {\n\t\tFB.init({\n\t\t  appId: '1855843514662870',\n\t\t  status : true, \/\/ check login status\n\t\t  cookie : true, \/\/ enable cookies to allow the server to access the session\n\t\t  xfbml  : true  \/\/ parse XFBML\n\t\t});\n\t  };<\/p>\n<p>\t  (function() {\n\t\tvar e = document.createElement('script');\n\t\te.src=\"https:\/\/connect.facebook.net\/tr_TR\/all.js\";\n\t\te.async = true;\n\t\tdocument.getElementById('fb-root').appendChild(e);\n\t  }());\n    <\/script><\/p>\n","protected":false},"excerpt":{"rendered":"<p>Bosna Hersek D\u0131\u015fi\u015fleri Bakan\u0131 Elmedin Konakovi\u00e7, D\u0131\u015fi\u015fleri Bakan\u0131 Hakan Fidan ile D\u0131\u015fi\u015fleri Bakanl\u0131\u011f\u0131ndaki g\u00f6r\u00fc\u015fmenin ard\u0131ndan d\u00fczenlenen ortak bas\u0131n toplant\u0131s\u0131nda konu\u015ftu. Bakan Konakovi\u00e7, T\u00fcrkiye&#8217;ye ve Cumhurba\u015fkan\u0131 Recep Tayyip Erdo\u011fan&#8217;a Balkanlar&#8217;daki ve Bosna Hersek&#8217;teki geli\u015fmeleri takip etti\u011fi i\u00e7in te\u015fekk\u00fcr ederek, T\u00fcrkiye&#8217;yi &#8220;dost ve karde\u015f \u00fclke&#8221; olarak g\u00f6rd\u00fc\u011f\u00fcn\u00fc belirtti. \u0130ki \u00fclke aras\u0131ndaki ticaret hacminin geli\u015fime a\u00e7\u0131k oldu\u011funu kaydeden [&hellip;]<\/p>\n","protected":false},"author":1,"featured_media":22240,"comment_status":"","ping_status":"","sticky":false,"template":"","format":"standard","meta":[],"categories":[47],"tags":[],"_links":{"self":[{"href":"https:\/\/kraios.app\/news\/wp-json\/wp\/v2\/posts\/22239"}],"collection":[{"href":"https:\/\/kraios.app\/news\/wp-json\/wp\/v2\/posts"}],"about":[{"href":"https:\/\/kraios.app\/news\/wp-json\/wp\/v2\/types\/post"}],"author":[{"embeddable":true,"href":"https:\/\/kraios.app\/news\/wp-json\/wp\/v2\/users\/1"}],"replies":[{"embeddable":true,"href":"https:\/\/kraios.app\/news\/wp-json\/wp\/v2\/comments?post=22239"}],"version-history":[{"count":0,"href":"https:\/\/kraios.app\/news\/wp-json\/wp\/v2\/posts\/22239\/revisions"}],"wp:featuredmedia":[{"embeddable":true,"href":"https:\/\/kraios.app\/news\/wp-json\/wp\/v2\/media\/22240"}],"wp:attachment":[{"href":"https:\/\/kraios.app\/news\/wp-json\/wp\/v2\/media?parent=22239"}],"wp:term":[{"taxonomy":"category","embeddable":true,"href":"https:\/\/kraios.app\/news\/wp-json\/wp\/v2\/categories?post=22239"},{"taxonomy":"post_tag","embeddable":true,"href":"https:\/\/kraios.app\/news\/wp-json\/wp\/v2\/tags?post=22239"}],"curies":[{"name":"wp","href":"https:\/\/api.w.org\/{rel}","templated":true}]}}