{"id":22230,"date":"2023-11-17T03:57:04","date_gmt":"2023-11-17T03:57:04","guid":{"rendered":"https:\/\/kraios.app\/news\/siyaset\/2023\/11\/17\/milli-savunma-bakanliginin-2024-yili-butcesi-tbmm-plan-ve-butce-komisyonunda\/"},"modified":"2023-11-17T03:57:04","modified_gmt":"2023-11-17T03:57:04","slug":"milli-savunma-bakanliginin-2024-yili-butcesi-tbmm-plan-ve-butce-komisyonunda","status":"publish","type":"post","link":"https:\/\/kraios.app\/news\/siyaset\/2023\/11\/17\/milli-savunma-bakanliginin-2024-yili-butcesi-tbmm-plan-ve-butce-komisyonunda\/","title":{"rendered":"Milli Savunma Bakanl\u0131\u011f\u0131n\u0131n 2024 y\u0131l\u0131 b\u00fct\u00e7esi TBMM Plan ve B\u00fct\u00e7e Komisyonunda"},"content":{"rendered":"<p><\/p>\n<div>\n<p>Milli Savunma Bakan\u0131 Ya\u015far G\u00fcler, T\u00fcrkiye ile Yunanistan aras\u0131ndaki ili\u015fkilerin geli\u015ftirilmesinde tarihi bir d\u00f6nemden ge\u00e7ildi\u011fini belirterek, &#8220;Kom\u015fumuz Yunan halk\u0131 emin olmal\u0131d\u0131r ki T\u00fcrkiye, Yunanistan ile bar\u0131\u015f i\u00e7inde ve m\u00fcreffeh bir gelecekten yanad\u0131r.&#8221; dedi.<\/p>\n<p>G\u00fcler, TBMM Plan ve B\u00fct\u00e7e Komisyonunda Bakanl\u0131\u011f\u0131n\u0131n 2024 y\u0131l\u0131 b\u00fct\u00e7esinin sunumunu yapt\u0131.<\/p>\n<p>T\u00fcrk Silahl\u0131 Kuvvetlerinin nitelikli personeli, teknolojik donan\u0131m\u0131, milletinin deste\u011fi ve devletinin sahip oldu\u011fu imkanlarla, b\u00f6lgesinde ve d\u00fcnyada etkin ve g\u00fc\u00e7l\u00fc bir ordu konumunda bulundu\u011funu vurgulayan G\u00fcler, d\u00fcnyada kritik geli\u015fmelerin ya\u015fand\u0131\u011f\u0131, artan risk ve tehditler nedeniyle g\u00fcvenlik ortam\u0131n\u0131n h\u0131zl\u0131 ve s\u00fcrekli de\u011fi\u015fti\u011fi hassas bir s\u00fcre\u00e7ten ge\u00e7ildi\u011fini s\u00f6yledi. <\/p>\n<p>Siyasi, askeri, sosyok\u00fclt\u00fcrel, ekonomik ve toplumsal alanlarda meydana gelen \u00e7ok y\u00f6nl\u00fc ve karma\u015f\u0131k geli\u015fmelerin \u00f6zellikle savunma ve g\u00fcvenlik konusunu her zamankinden daha \u00f6nemli k\u0131ld\u0131\u011f\u0131na dikkati \u00e7eken G\u00fcler, &#8220;Bu do\u011frultuda Milli Savunma Bakanl\u0131\u011f\u0131m\u0131z, devletimizin bekas\u0131, \u00fclkemizin ve asil milletimizin g\u00fcvenli\u011fi i\u00e7in \u00e7al\u0131\u015fmalar\u0131n\u0131 azim ve kararl\u0131l\u0131kla s\u00fcrd\u00fcrmektedir.&#8221; diye konu\u015ftu.<\/p>\n<p>S\u0131n\u0131rlar\u0131n kademeli emniyet sistemleriyle korundu\u011funu, birliklerin imkan ve kabiliyetlerinin s\u00fcrekli geli\u015ftirildi\u011fini belirten G\u00fcler, &#8220;Buna ra\u011fmen sosyal medya platformlar\u0131nda servis edilen g\u00f6r\u00fcnt\u00fcler asla ger\u00e7ek olmay\u0131p ba\u015fka \u00fclke s\u0131n\u0131rlar\u0131ndan \u00e7ekilen g\u00f6r\u00fcnt\u00fcleri ihtiva etmektedir. Bunlar art niyetli olarak servis edilmekte ve maalesef \u00e7e\u015fitli maksatlarla kullan\u0131lmaktad\u0131r. Kimsenin \u015f\u00fcphesi olmas\u0131n ki hudutlar\u0131m\u0131z\u0131 namus bilen Mehmet\u00e7ik, b\u00fcy\u00fck bir \u00f6zveriyle ve ba\u015far\u0131yla g\u00f6rev yapmaktad\u0131r.&#8221; ifadelerini kulland\u0131.<\/p>\n<p>Ter\u00f6r\u00fc, \u00fclkenin enerjisini ve kaynaklar\u0131n\u0131 harcayan, uzun y\u0131llard\u0131r \u00fclkeyi en \u00e7ok etkileyen sorun olarak nitelendiren G\u00fcler, &#8220;Tehditleri kayna\u011f\u0131nda etkisiz hale getirme stratejisiyle yurt i\u00e7inde ve s\u0131n\u0131r \u00f6tesinde s\u00fcrd\u00fcrd\u00fc\u011f\u00fcm\u00fcz ter\u00f6rle m\u00fccadelede en ba\u015far\u0131l\u0131 d\u00f6nemi ya\u015f\u0131yoruz.&#8221; dedi.<\/p>\n<p>F\u0131rat Kalkan\u0131, Zeytin Dal\u0131, Bar\u0131\u015f P\u0131nar\u0131, Bahar Kalkan\u0131 ile Pen\u00e7e serisi harekatlar ve di\u011fer operasyonlarla, ter\u00f6r \u00f6rg\u00fct\u00fcn\u00fcn yurt i\u00e7inde bitme noktas\u0131na geldi\u011fini, s\u0131n\u0131r \u00f6tesinden T\u00fcrkiye&#8217;ye y\u00f6nelik sald\u0131r\u0131lar\u0131n bertaraf edilerek kurulmak istenen ter\u00f6r koridorunun par\u00e7aland\u0131\u011f\u0131n\u0131 vurgulayan G\u00fcler, \u015funlar\u0131 s\u00f6yledi:<\/p>\n<p>&#8220;Gururla ifade etmeliyim ki \u00fclkemizin ve milletimizin g\u00fcvenli\u011fi i\u00e7in t\u00fcm ter\u00f6r \u00f6rg\u00fctlerine kar\u015f\u0131 verilen bu m\u00fccadelede destans\u0131 ba\u015far\u0131lar elde edilmi\u015ftir. 24 Temmuz 2015\u2019ten bug\u00fcne kadar yurt i\u00e7inde, Irak\u2019\u0131n ve Suriye\u2019nin kuzeyinde toplam 39 bin 211, bu y\u0131l\u0131n ba\u015f\u0131ndan itibaren ise 1868 ter\u00f6rist etkisiz hale getirilmi\u015ftir. Suriye ve Irak\u2019taki t\u00fcm operasyonlar\u0131m\u0131z, Birle\u015fmi\u015f Milletler Antla\u015fmas\u0131\u2019n\u0131n 51&#8217;inci maddesinden do\u011fan me\u015fru m\u00fcdafaa haklar\u0131m\u0131z do\u011frultusunda, kom\u015fular\u0131m\u0131z\u0131n egemenlik haklar\u0131na ve toprak b\u00fct\u00fcnl\u00fc\u011f\u00fcne sayg\u0131l\u0131 olarak ger\u00e7ekle\u015ftirilmektedir. Operasyonlar\u0131n planlanmas\u0131 ve icras\u0131nda masum sivillerin, dost unsurlar\u0131n, tarihi ve k\u00fclt\u00fcrel varl\u0131klar ile \u00e7evrenin zarar g\u00f6rmemesi i\u00e7in her t\u00fcrl\u00fc tedbir al\u0131nmaktad\u0131r. \u00dclkemize ve asil milletimize tehdit olu\u015fturan PKK\/KCK, PYD\/YPG ve DEA\u015e\u2019\u0131n Suriye ve Irak\u2019taki t\u00fcm unsurlar\u0131, bug\u00fcne kadar oldu\u011fu gibi bundan sonra da me\u015fru hedefimizdir.&#8221;<\/p>\n<p>Suriye ve Irak harekat alanlar\u0131ndaki Mehmet\u00e7i\u011fe y\u00f6nelik taciz ve sald\u0131r\u0131 giri\u015fimlerine misliyle kar\u015f\u0131l\u0131k verildi\u011fini, gerekli tedbirlerin al\u0131nd\u0131\u011f\u0131n\u0131 dile getiren G\u00fcler, &#8220;Bundan sonra da Say\u0131n Cumhurba\u015fkan\u0131&#8217;m\u0131z\u0131n liderli\u011finde \u00fclkemizin me\u015fru \u00e7\u0131karlar\u0131 ve g\u00fcvenli\u011fine y\u00f6nelik her t\u00fcrl\u00fc tedbiri teredd\u00fcts\u00fcz ve tavizsiz bir \u015fekilde kararl\u0131l\u0131kla uygulayaca\u011f\u0131z. T\u00fcm bunlarla birlikte Suriye\u2019de istikrar\u0131n bir an \u00f6nce tesis edilmesi ve Suriyelilerin emniyetli bir ortama, g\u00fcvenli geri d\u00f6n\u00fc\u015flerini sa\u011flamak i\u00e7in insani yard\u0131m ve destek faaliyetleri ile hayat\u0131n normalle\u015fmesine y\u00f6nelik \u00e7al\u0131\u015fmalar\u0131m\u0131z\u0131 da s\u00fcrd\u00fcrmekteyiz.&#8221; a\u00e7\u0131klamas\u0131nda bulundu. <\/p>\n<h3>&#8220;D\u00fcr\u00fcst ve yap\u0131c\u0131 bir ili\u015fki iki \u00fclkenin de yarar\u0131na&#8221;<\/h3>\n<p>&#8220;Asr\u0131n felaketi&#8221; olarak nitelendirilen Kahramanmara\u015f merkezli depremlerin ard\u0131ndan ger\u00e7ekle\u015ftirilen ziyaret ve g\u00f6r\u00fc\u015fmeler sonucu Yunanistan ile ili\u015fkilerde olumlu bir d\u00f6nem ya\u015fand\u0131\u011f\u0131na dikkati \u00e7eken G\u00fcler, \u015f\u00f6yle konu\u015ftu:<\/p>\n<p>&#8220;Yunanistan ile geli\u015fen bu olumlu havan\u0131n devam\u0131na y\u00f6nelik gayretlerimizi s\u00fcrd\u00fcrmekteyiz. Amac\u0131m\u0131z, Ege ve Do\u011fu Akdeniz\u2019deki sorunlar\u0131m\u0131z\u0131 uluslararas\u0131 hukuka, iyi kom\u015fuluk ili\u015fkilerine ve m\u00fcttefiklik ruhuna uygun bir \u015fekilde \u00e7\u00f6z\u00fcme kavu\u015fturmakt\u0131r. G\u00f6r\u00fc\u015fmelerimizde a\u011f\u0131rl\u0131kl\u0131 olarak Ege\u2019de gerginli\u011fin azalt\u0131lmas\u0131, diyalog kanallar\u0131n\u0131n a\u00e7\u0131k tutularak sorunlar\u0131n iyi kom\u015fuluk ili\u015fkileri \u00e7er\u00e7evesinde \u00e7\u00f6z\u00fcm\u00fc konular\u0131 \u00f6n plana \u00e7\u0131km\u0131\u015ft\u0131r. Bu kapsamda, y\u0131l i\u00e7erisinde Ege&#8217;deki askeri faaliyetlerimiz kar\u015f\u0131l\u0131kl\u0131 olarak azalt\u0131lm\u0131\u015f, b\u00f6lgemizde tansiyonu d\u00fc\u015f\u00fck tutmaya gayret edilmi\u015ftir. Biz, her zaman iki kom\u015fu olarak aram\u0131zdaki t\u00fcm sorunlar\u0131 kar\u015f\u0131l\u0131kl\u0131 diyalogla, bar\u0131\u015f\u00e7\u0131l y\u00f6ntemlerle, birbirimizin hakk\u0131na sayg\u0131 g\u00f6stererek ve m\u00fcttefiklik ruhu ile \u00e7\u00f6zme konusunda kararl\u0131 oldu\u011fumuzu ifade ediyoruz. Yunanistan ile aram\u0131zdaki ili\u015fkilerin geli\u015ftirilmesinde tarihi bir d\u00f6nemden ge\u00e7ti\u011fimize, \u00e7\u00f6z\u00fcm odakl\u0131 bir yakla\u015f\u0131m ile d\u00fcr\u00fcst ve yap\u0131c\u0131 bir ili\u015fkinin iki \u00fclkenin de yarar\u0131na olaca\u011f\u0131na inan\u0131yoruz.&#8221;<\/p>\n<p>Bakan G\u00fcler, pazartesi Ankara&#8217;da yap\u0131lan G\u00fcven Art\u0131r\u0131c\u0131 \u00d6nlemler toplant\u0131s\u0131n\u0131n, Yunanistan ile ili\u015fkileri daha da geli\u015ftirmek i\u00e7in g\u00fczel bir f\u0131rsat oldu\u011funu belirterek, &#8220;\u0130ki y\u0131ldan fazla bir s\u00fcredir ara verilen heyetler aras\u0131 g\u00f6r\u00fc\u015fmeler tekrar ba\u015flat\u0131lm\u0131\u015f, toplant\u0131da bu g\u00f6r\u00fc\u015fmelere \u00f6n\u00fcm\u00fczdeki sene de devam edilmesine y\u00f6nelik g\u00f6r\u00fc\u015f birli\u011fine var\u0131lm\u0131\u015ft\u0131r. Kom\u015fumuz Yunan halk\u0131 emin olmal\u0131d\u0131r ki T\u00fcrkiye, Yunanistan ile bar\u0131\u015f i\u00e7inde ve m\u00fcreffeh bir gelecekten yanad\u0131r ancak bar\u0131\u015f\u00e7\u0131l bir \u00e7\u00f6z\u00fcm i\u00e7in \u00e7aba g\u00f6sterirken milli menfaatlerimizden asla taviz vermeyece\u011fimizi de \u00f6zellikle vurgulamak istiyorum. \u00c7ok a\u00e7\u0131k bir \u015fekilde ifade etmek isterim ki mavi vatan\u0131m\u0131zdaki hak ve menfaatlerimizi koruma kararl\u0131l\u0131\u011f\u0131m\u0131z tamd\u0131r.&#8221; ifadelerini kulland\u0131.<\/p>\n<h3>&#8220;Azerbaycan\u2019\u0131n yan\u0131nda olmaya devam edece\u011fiz&#8221;<\/h3>\n<p>K\u0131br\u0131s&#8217;ta bug\u00fcne kadar ortaya konulan \u00e7\u00f6z\u00fcm y\u00f6ntemlerinden Rumlar\u0131n uzla\u015fmaz tutumu ve stat\u00fckocu tav\u0131rlar\u0131 nedeniyle bir sonu\u00e7 al\u0131namad\u0131\u011f\u0131n\u0131 dile getiren G\u00fcler, &#8220;Rum taraf\u0131, halen de yapt\u0131klar\u0131 askeri anla\u015fmalar ve \u00fc\u00e7\u00fcnc\u00fc \u00fclkelerden ald\u0131klar\u0131 askeri yard\u0131mlar ile sadece ve sadece \u00e7\u00f6z\u00fcms\u00fczl\u00fc\u011fe hizmet etmektedirler. Art\u0131k, adada tek ve kesin \u00e7\u00f6z\u00fcm\u00fcn, K\u0131br\u0131s T\u00fcrk halk\u0131n\u0131n egemen e\u015fitli\u011fi ve e\u015fit uluslararas\u0131 stat\u00fcs\u00fcn\u00fcn tescil edilmesi oldu\u011fu bilinmelidir. K\u0131br\u0131s meselesinin, K\u0131br\u0131s T\u00fcrk halk\u0131n\u0131n me\u015fru \u00e7\u0131karlar\u0131n\u0131 ve g\u00fcvenli\u011fini teminat alt\u0131na alacak \u015fekilde bir an \u00f6nce \u00e7\u00f6z\u00fcme kavu\u015fturulmas\u0131, \u00fclkemizin en \u00f6nemli \u00f6nceliklerinden birisidir.&#8221; diye konu\u015ftu.<\/p>\n<p>Uluslararas\u0131 camiay\u0131 &#8220;adil ve kal\u0131c\u0131 bir \u00e7\u00f6z\u00fcm i\u00e7in destek olmaya, sadece bir taraf\u0131n iddialar\u0131n\u0131 desteklemeyi b\u0131rak\u0131p konuya makul ve mant\u0131kl\u0131 \u015fekilde yakla\u015fmaya&#8221; davet eden Bakan G\u00fcler, &#8220;Milli meselemiz olan bu konuda K\u0131br\u0131sl\u0131 karde\u015flerimizin me\u015fru \u00e7\u0131karlar\u0131n\u0131 her ko\u015fulda destekliyor, garanti ve ittifak antla\u015fmalar\u0131 kapsam\u0131nda bug\u00fcne kadar oldu\u011fu gibi bundan sonra da adan\u0131n huzuru, g\u00fcvenli\u011fi ve refah\u0131 i\u00e7in elimizden geleni yapaca\u011f\u0131m\u0131z\u0131 bir kez daha ifade ediyoruz.&#8221; \u015feklinde konu\u015ftu.<\/p>\n<p>TSK&#8217;n\u0131n karde\u015f, dost ve m\u00fcttefik \u00fclkelerin hakl\u0131 davalar\u0131na destek olmaya devam etti\u011fini, bu kapsamda Azerbaycan\u2019\u0131 desteklemeyi s\u00fcrd\u00fcrd\u00fcklerini belirten G\u00fcler, &#8220;Bug\u00fcn, Karaba\u011f\u2019\u0131n tamam\u0131nda \u015fanl\u0131 Azerbaycan bayra\u011f\u0131n\u0131n dalgalanmas\u0131ndan b\u00fcy\u00fck bir memnuniyet duyuruyoruz. Art\u0131k, Azerbaycan ve Ermenistan aras\u0131nda kal\u0131c\u0131 bar\u0131\u015f\u0131n tesis edilmesine y\u00f6nelik yeni bir f\u0131rsat kap\u0131s\u0131 daha a\u00e7\u0131lm\u0131\u015ft\u0131r. Ermenistan\u2019\u0131n bunun bilincinde olarak davranmas\u0131n\u0131 umut ediyoruz. Sonu\u00e7 olarak bug\u00fcne kadar oldu\u011fu gibi bundan sonra da &#8216;\u0130ki devlet, tek millet&#8217; anlay\u0131\u015f\u0131yla Azerbaycan\u2019\u0131n yan\u0131nda olmaya devam edece\u011fiz.&#8221; dedi.<\/p>\n<p>T\u00fcrkiye&#8217;nin, tarihi k\u00f6kl\u00fc dostluk ve karde\u015flik ba\u011flar\u0131 bulunan Libya\u2019da da bar\u0131\u015f ve istikrara katk\u0131 sa\u011flamaya, BM&#8217;nin tan\u0131d\u0131\u011f\u0131 tek me\u015fru h\u00fck\u00fcmet olan Ulusal Mutabakat H\u00fck\u00fcmetinin daveti ve ikili antla\u015fmalar do\u011frultusunda Libya ordusuna e\u011fitim ve dan\u0131\u015fmanl\u0131k faaliyetlerini s\u00fcrd\u00fcrmeye devam etti\u011fini s\u00f6yleyen G\u00fcler, &#8220;T\u00fcrkiye olarak bug\u00fcne kadar oldu\u011fu gibi bundan sonra da Libya&#8217;da bar\u0131\u015f, huzur ve g\u00fcven ortam\u0131n\u0131n olu\u015fmas\u0131 i\u00e7in deste\u011fimizi s\u00fcrd\u00fcrece\u011fiz.&#8221; diye konu\u015ftu.<\/p>\n<h3>&#8220;Gazze&#8217;de acilen insani bir ate\u015fkes ilan edilmesi gerekti\u011fini vurguluyoruz&#8221;<\/h3>\n<p>\u0130srail&#8217;in Gazze&#8217;ye sald\u0131r\u0131lar\u0131na dikkati \u00e7eken G\u00fcler, sivillere y\u00f6nelik sald\u0131r\u0131lar\u0131n derhal sonland\u0131r\u0131lmas\u0131 ve acilen insani ate\u015fkes ilan edilmesi gereklili\u011fini dile getirdi.<\/p>\n<p>&#8220;Bu \u015fekilde uluslararas\u0131 hukukun ihlal edilmesi, hastaneler, okullar, kutsal mekanlar, m\u00fclteci kamplar\u0131 ile daha da vahimi \u00e7ocuk ve kad\u0131nlar\u0131n katledilmesi ve olay\u0131n vah\u015fet boyutuna d\u00f6n\u00fc\u015fmesi sava\u015f su\u00e7udur ve asla kabul edilemez.&#8221; diyen G\u00fcler, T\u00fcrkiye&#8217;nin, Cumhurba\u015fkan\u0131 Recep Tayyip Erdo\u011fan&#8217;\u0131n liderli\u011finde insani yard\u0131m konusunda \u00fczerine d\u00fc\u015feni yapmaya, Gazze&#8217;ye y\u00f6nelik sald\u0131r\u0131lar\u0131n durdurulmas\u0131 ve kal\u0131c\u0131 \u00e7\u00f6z\u00fcm i\u00e7in diplomatik giri\u015fimlerde bulunmaya devam edece\u011fini s\u00f6yledi.<\/p>\n<p>T\u00fcrkiye&#8217;nin NATO&#8217;nun etkin ve sayg\u0131n \u00fcyesi ve ikinci b\u00fcy\u00fck ordusuna sahip oldu\u011funu, ittifaktaki g\u00f6rev ve sorumluklar\u0131n\u0131 eksiksiz \u015fekilde yerine getirdi\u011fini vurgulayan G\u00fcler, T\u00fcrkiye&#8217;nin hem kuvvet katk\u0131s\u0131nda hem de NATO misyon, operasyon ve karargahlar\u0131na katk\u0131da ilk be\u015f \u00fclke aras\u0131nda yer ald\u0131\u011f\u0131na dikkati \u00e7ekti.<\/p>\n<p>Rusya-Ukrayna Sava\u015f\u0131&#8217;nda T\u00fcrkiye&#8217;nin ba\u015f\u0131ndan beri krizin \u00e7\u00f6z\u00fcm\u00fc i\u00e7in gayretlerini s\u00fcrd\u00fcrd\u00fc\u011f\u00fcn\u00fc belirten G\u00fcler, \u015f\u00f6yle konu\u015ftu:<\/p>\n<p>&#8220;Bu kapsamda b\u00f6lgemizde ve d\u00fcnyada istikrar\u0131n sa\u011flanmas\u0131 i\u00e7in Ukrayna&#8217;n\u0131n toprak b\u00fct\u00fcnl\u00fc\u011f\u00fcn\u00fcn korunmas\u0131 gerekti\u011fini her seviyede ve her platformda dile getiriyoruz. Karadeniz&#8217;de bar\u0131\u015f ve istikrar\u0131n yeniden tesisi, ba\u015fta k\u0131y\u0131da\u015f devletler olmak \u00fczere t\u00fcm d\u00fcnya a\u00e7\u0131s\u0131ndan \u00f6nem arz etmektedir. T\u00fcrkiye olarak Karadeniz&#8217;deki dengeyi sa\u011flayan Montr\u00f6 Bo\u011fazlar S\u00f6zle\u015fmesi&#8217;ni dikkatle, sorumlu ve tarafs\u0131z bir bi\u00e7imde uyguluyoruz ve uygulamakta da kararl\u0131y\u0131z. Di\u011fer yandan, \u00fclkemizin koordinasyonunda hayata ge\u00e7irilen ve etkinli\u011fiyle tah\u0131l krizinin a\u015f\u0131lmas\u0131na b\u00fcy\u00fck katk\u0131 sa\u011flayan Karadeniz Tah\u0131l Anla\u015fmas\u0131&#8217;n\u0131n yeniden aktif hale gelmesi i\u00e7in giri\u015fimlerimizi de s\u00fcrd\u00fcr\u00fcyoruz. Temennimiz, iki kom\u015fumuz aras\u0131nda olan ancak t\u00fcm d\u00fcnyay\u0131 etkileyen bu sava\u015f\u0131n bir an \u00f6nce son bulmas\u0131d\u0131r.&#8221;<\/p>\n<p>G\u00fcler, personel ve askeri \u00f6\u011frenci al\u0131mlar\u0131n\u0131n di\u011fer kamu kurumlar\u0131yla koordineli olarak yasalar ve ilgili mevzuata uygun, idari ve adli denetime a\u00e7\u0131k ve \u015feffaf \u015fekilde ger\u00e7ekle\u015ftirildi\u011fini dile getirerek, bunlar\u0131n yan\u0131 s\u0131ra personelin \u00f6zl\u00fck haklar\u0131n\u0131n iyile\u015ftirilmesine y\u00f6nelik \u00e7al\u0131\u015fmalar\u0131n da s\u00fcrd\u00fc\u011f\u00fcn\u00fc s\u00f6yledi.<\/p>\n<p>FET\u00d6 ile m\u00fccadelenin elde edilen bilgi ve belgeler do\u011frultusunda b\u00fcy\u00fck bir hassasiyetle devam etti\u011fini vurgulayan G\u00fcler, &#8220;15 Temmuz 2016 hain darbe giri\u015fiminden itibaren FET\u00d6 ba\u011flant\u0131s\u0131 nedeniyle T\u00fcrk Silahl\u0131 Kuvvetlerinden 23 bin 971 \u015fah\u0131s ihra\u00e7 edilmi\u015ftir. Hain \u00f6rg\u00fctle m\u00fccadelemiz, iltisakl\u0131 tek bir personel kalmay\u0131ncaya dek tavizsiz bir \u015fekilde ve kararl\u0131l\u0131kla devam edecektir.&#8221; diye konu\u015ftu.<\/p>\n<p>Cumhurba\u015fkan\u0131 Erdo\u011fan&#8217;\u0131n liderli\u011finde hayata ge\u00e7irilen Milli Teknoloji Hamlesi&#8217;yle savunma sanayisinde yerlilik ve millilik oran\u0131n\u0131n y\u00fczde 80&#8217;lere ula\u015ft\u0131\u011f\u0131n\u0131 kaydeden G\u00fcler, \u015funlar\u0131 s\u00f6yledi:<\/p>\n<p>&#8220;Yak\u0131n zamanda, savunma sanayimizin yeni g\u00f6zbebekleri olan \u0130MECE uydumuz, F\u0131rt\u0131na ob\u00fcslerimiz, \u00e7ok namlulu roketatarlar\u0131m\u0131z, ANKA\/Aksungur \u0130HA sistemimiz, d\u00fcnyaca \u00fcnl\u00fc Bayraktar TB2 S\u0130HA&#8217;lar\u0131m\u0131z, Ak\u0131nc\u0131 T\u0130HA&#8217;lar\u0131m\u0131z, temel e\u011fitim u\u00e7a\u011f\u0131m\u0131z H\u00dcRKU\u015e, helikopter ve u\u00e7ak ta\u015f\u0131ma kabiliyetine sahip ilk \u00e7ok maksatl\u0131 amfibi gemimiz TCG Anadolu ve bunlar gibi bir\u00e7ok kritik sistem kahraman ordumuzun envanterine dahil edilmi\u015ftir. Bunlar\u0131n yan\u0131 s\u0131ra Altay Tank\u0131m\u0131z, insans\u0131z sava\u015f u\u00e7a\u011f\u0131m\u0131z KIZILELMA, H\u00dcRJET ve milli muharip u\u00e7a\u011f\u0131m\u0131z KAAN&#8217;\u0131n \u00fcretim \u00e7al\u0131\u015fmalar\u0131 da t\u00fcm h\u0131z\u0131yla devam etmektedir. B\u00fcy\u00fck ve g\u00fc\u00e7l\u00fc T\u00fcrkiye&#8217;nin yolunun ekonomik ve teknolojik ba\u011f\u0131ms\u0131zl\u0131ktan ge\u00e7ti\u011finin bilinciyle, yerli ve milli savunma sanayimizi daha \u00fcst seviyelere ta\u015f\u0131mak i\u00e7in Bakanl\u0131k olarak var g\u00fcc\u00fcm\u00fczle \u00e7al\u0131\u015fmaya ve ilgili kurum ve kurulu\u015flar\u0131m\u0131za tam destek vermeye devam edece\u011fiz.&#8221;<\/p>\n<h3>Personel temini<\/h3>\n<p>Milli Savunma Bakanl\u0131\u011f\u0131n\u0131n t\u00fcm faaliyetlerinin yan\u0131 s\u0131ra 6 \u015eubat depremlerinin ilk an\u0131ndan itibaren t\u00fcm imkanlar\u0131yla arama kurtarma, ula\u015ft\u0131rma, g\u00fcvenlik, bar\u0131nma ve ia\u015fe deste\u011fiyle yaralar\u0131n sar\u0131lmas\u0131 i\u00e7in seferber oldu\u011funu hat\u0131rlatan G\u00fcler, &#8220;\u015eu anda da b\u00f6lgede hayat\u0131n normalle\u015ftirilmesine y\u00f6nelik, ilgili bakanl\u0131k ve kurumlarla tam bir koordinasyon i\u00e7erisinde faaliyetlerimize devam ediyoruz. Depremin yan\u0131 s\u0131ra orman yang\u0131nlar\u0131 ve di\u011fer afetlerle m\u00fccadele \u00e7al\u0131\u015fmalar\u0131na da ilgili kurumlar\u0131m\u0131z\u0131n talepleri do\u011frultusunda destek veriyoruz.&#8221; dedi.<\/p>\n<p>G\u00fcler, bunlarla birlikte Libya ve Afganistan&#8217;da meydana gelen afetler sonras\u0131nda AFAD&#8217;\u0131n arama kurtarma, sa\u011fl\u0131k ekipleri ve yard\u0131m malzemelerinin askeri gemi ve kargo u\u00e7aklar\u0131yla b\u00f6lgeye sevk edildi\u011fini, Gazze i\u00e7in g\u00f6nderilen insani yard\u0131mlar\u0131n da M\u0131s\u0131r&#8217;a askeri kargo u\u00e7aklar\u0131yla ula\u015ft\u0131r\u0131ld\u0131\u011f\u0131n\u0131 s\u00f6yledi.<\/p>\n<p>Bakan G\u00fcler, ayr\u0131ca d\u00fcn gece \u00e7o\u011funlu\u011funu acil tedaviye ihtiya\u00e7 duyan kanser hastalar\u0131n\u0131n olu\u015fturdu\u011fu 27 Gazzelinin T\u00fcrkiye&#8217;ye intikalinin sa\u011fland\u0131\u011f\u0131n\u0131 bildirdi.<\/p>\n<p>Asker alma faaliyetlerinin 2019&#8217;da y\u00fcr\u00fcrl\u00fc\u011fe konulan kanun kapsam\u0131nda s\u00fcrd\u00fcr\u00fcld\u00fc\u011f\u00fcn\u00fc ifade eden G\u00fcler, s\u00f6z konusu kanun h\u00fck\u00fcmlerinden y\u00fcr\u00fcrl\u00fc\u011fe girmesinden bug\u00fcne kadar 2 milyon 744 bin 202 ki\u015finin yararland\u0131\u011f\u0131n\u0131 belirtti.<\/p>\n<p>TSK&#8217;n\u0131n ba\u015fta ter\u00f6rle m\u00fccadele harekat\u0131 olmak \u00fczere yurt i\u00e7i ve d\u0131\u015f\u0131ndaki t\u00fcm faaliyetlerinde sa\u011fl\u0131k hizmet deste\u011finin \u00f6ncelikle askeri sa\u011fl\u0131k personeli, geri b\u00f6lgede de Sa\u011fl\u0131k Bakanl\u0131\u011f\u0131 personeli taraf\u0131ndan sa\u011fland\u0131\u011f\u0131n\u0131 dile getiren G\u00fcler, \u015funlar\u0131 kaydetti:<\/p>\n<p>&#8220;\u00dclkemizin jeopolitik konumu, b\u00f6lgesinde ve d\u00fcnyadaki \u00f6nemini daha da art\u0131r\u0131rken risk ve tehditleri de beraberinde getirmektedir. B\u00f6yle kritik bir co\u011frafyada var olabilmek, her alanda hak ve menfaatlerimizi koruyabilmek, ayn\u0131 zamanda d\u00fcnya bar\u0131\u015f ve istikrar\u0131na katk\u0131 sunabilmek i\u00e7in en ba\u015fta askeri a\u00e7\u0131dan g\u00fc\u00e7l\u00fc olmak zorunday\u0131z. Dolay\u0131s\u0131yla 2024 y\u0131l\u0131 B\u00fct\u00e7e teklifimiz ile Bakanl\u0131\u011f\u0131m\u0131za tahsis edilecek kaynaklar\u0131n bu do\u011frultuda en etkin ve en y\u00fcksek fayday\u0131 sa\u011flayacak \u015fekilde kullan\u0131lmas\u0131 hedeflenmi\u015ftir.&#8221;<\/p>\n<p>                            <span class=\"detay-foto-editor\">&#13;<br \/>\n                                <a href=\"https:\/\/www.aa.com.tr\/tr\/p\/abonelik-talep-formu\/1001\" target=\"_blank\" style=\"font-size:12px; color:#444; text-decoration:none;\" rel=\"noopener\">&#13;<br \/>\n                                    Anadolu Ajans\u0131 web sitesinde, AA Haber Ak\u0131\u015f Sistemi (HAS) \u00fczerinden abonelere sunulan haberler, \u00f6zetlenerek yay\u0131mlanmaktad\u0131r. <b style=\"color:#1897F7\">Abonelik i\u00e7in l\u00fctfen ileti\u015fime ge\u00e7iniz.<\/b>&#13;<br \/>\n                                <\/a>&#13;<br \/>\n                            <\/span>\n                        <\/div>\n<p><script>\n\t  window.fbAsyncInit = function() {\n\t\tFB.init({\n\t\t  appId: '1855843514662870',\n\t\t  status : true, \/\/ check login status\n\t\t  cookie : true, \/\/ enable cookies to allow the server to access the session\n\t\t  xfbml  : true  \/\/ parse XFBML\n\t\t});\n\t  };<\/p>\n<p>\t  (function() {\n\t\tvar e = document.createElement('script');\n\t\te.src=\"https:\/\/connect.facebook.net\/tr_TR\/all.js\";\n\t\te.async = true;\n\t\tdocument.getElementById('fb-root').appendChild(e);\n\t  }());\n    <\/script><\/p>\n","protected":false},"excerpt":{"rendered":"<p>Milli Savunma Bakan\u0131 Ya\u015far G\u00fcler, T\u00fcrkiye ile Yunanistan aras\u0131ndaki ili\u015fkilerin geli\u015ftirilmesinde tarihi bir d\u00f6nemden ge\u00e7ildi\u011fini belirterek, &#8220;Kom\u015fumuz Yunan halk\u0131 emin olmal\u0131d\u0131r ki T\u00fcrkiye, Yunanistan ile bar\u0131\u015f i\u00e7inde ve m\u00fcreffeh bir gelecekten yanad\u0131r.&#8221; dedi. G\u00fcler, TBMM Plan ve B\u00fct\u00e7e Komisyonunda Bakanl\u0131\u011f\u0131n\u0131n 2024 y\u0131l\u0131 b\u00fct\u00e7esinin sunumunu yapt\u0131. T\u00fcrk Silahl\u0131 Kuvvetlerinin nitelikli personeli, teknolojik donan\u0131m\u0131, milletinin deste\u011fi ve [&hellip;]<\/p>\n","protected":false},"author":1,"featured_media":22231,"comment_status":"","ping_status":"","sticky":false,"template":"","format":"standard","meta":[],"categories":[47],"tags":[],"_links":{"self":[{"href":"https:\/\/kraios.app\/news\/wp-json\/wp\/v2\/posts\/22230"}],"collection":[{"href":"https:\/\/kraios.app\/news\/wp-json\/wp\/v2\/posts"}],"about":[{"href":"https:\/\/kraios.app\/news\/wp-json\/wp\/v2\/types\/post"}],"author":[{"embeddable":true,"href":"https:\/\/kraios.app\/news\/wp-json\/wp\/v2\/users\/1"}],"replies":[{"embeddable":true,"href":"https:\/\/kraios.app\/news\/wp-json\/wp\/v2\/comments?post=22230"}],"version-history":[{"count":0,"href":"https:\/\/kraios.app\/news\/wp-json\/wp\/v2\/posts\/22230\/revisions"}],"wp:featuredmedia":[{"embeddable":true,"href":"https:\/\/kraios.app\/news\/wp-json\/wp\/v2\/media\/22231"}],"wp:attachment":[{"href":"https:\/\/kraios.app\/news\/wp-json\/wp\/v2\/media?parent=22230"}],"wp:term":[{"taxonomy":"category","embeddable":true,"href":"https:\/\/kraios.app\/news\/wp-json\/wp\/v2\/categories?post=22230"},{"taxonomy":"post_tag","embeddable":true,"href":"https:\/\/kraios.app\/news\/wp-json\/wp\/v2\/tags?post=22230"}],"curies":[{"name":"wp","href":"https:\/\/api.w.org\/{rel}","templated":true}]}}