{"id":22221,"date":"2023-11-17T01:37:50","date_gmt":"2023-11-17T01:37:50","guid":{"rendered":"https:\/\/kraios.app\/news\/siyaset\/2023\/11\/17\/ak-parti-sozcusu-celik-cumhurbaskanimizi-hedef-alanlar-bir-gun-hesap-verecekleri-suclarini-ortbas-etmeye-cabaliyor\/"},"modified":"2023-11-17T01:37:50","modified_gmt":"2023-11-17T01:37:50","slug":"ak-parti-sozcusu-celik-cumhurbaskanimizi-hedef-alanlar-bir-gun-hesap-verecekleri-suclarini-ortbas-etmeye-cabaliyor","status":"publish","type":"post","link":"https:\/\/kraios.app\/news\/siyaset\/2023\/11\/17\/ak-parti-sozcusu-celik-cumhurbaskanimizi-hedef-alanlar-bir-gun-hesap-verecekleri-suclarini-ortbas-etmeye-cabaliyor\/","title":{"rendered":"AK Parti S\u00f6zc\u00fcs\u00fc \u00c7elik: Cumhurba\u015fkan\u0131m\u0131z&#039;\u0131 hedef alanlar bir g\u00fcn hesap verecekleri su\u00e7lar\u0131n\u0131 \u00f6rtbas etmeye \u00e7abal\u0131yor"},"content":{"rendered":"<p>AK Parti S\u00f6zc\u00fcs\u00fc \u00c7elik, \u0130srail Ba\u015fbakan\u0131 ve \u0130srail D\u0131\u015fi\u015fleri Bakan\u0131&#8217;n\u0131n Cumhurba\u015fkan\u0131 Erdo\u011fan hakk\u0131ndaki a\u00e7\u0131klamalar\u0131na ili\u015fkin, &#8220;Eli kanl\u0131 \u0130srail&#8217;in hezeyanlar\u0131 bir g\u00fcn mutlaka hesap verecekleri su\u00e7lar\u0131n\u0131 \u00f6rtbas etme \u00e7abas\u0131d\u0131r.&#8221; ifadesini kulland\u0131.<\/p>\n","protected":false},"excerpt":{"rendered":"<p>AK Parti S\u00f6zc\u00fcs\u00fc \u00c7elik, \u0130srail Ba\u015fbakan\u0131 ve \u0130srail D\u0131\u015fi\u015fleri Bakan\u0131&#8217;n\u0131n Cumhurba\u015fkan\u0131 Erdo\u011fan hakk\u0131ndaki a\u00e7\u0131klamalar\u0131na ili\u015fkin, &#8220;Eli kanl\u0131 \u0130srail&#8217;in hezeyanlar\u0131 bir g\u00fcn mutlaka hesap verecekleri su\u00e7lar\u0131n\u0131 \u00f6rtbas etme \u00e7abas\u0131d\u0131r.&#8221; ifadesini kulland\u0131.<\/p>\n","protected":false},"author":1,"featured_media":22222,"comment_status":"","ping_status":"","sticky":false,"template":"","format":"standard","meta":[],"categories":[47],"tags":[],"_links":{"self":[{"href":"https:\/\/kraios.app\/news\/wp-json\/wp\/v2\/posts\/22221"}],"collection":[{"href":"https:\/\/kraios.app\/news\/wp-json\/wp\/v2\/posts"}],"about":[{"href":"https:\/\/kraios.app\/news\/wp-json\/wp\/v2\/types\/post"}],"author":[{"embeddable":true,"href":"https:\/\/kraios.app\/news\/wp-json\/wp\/v2\/users\/1"}],"replies":[{"embeddable":true,"href":"https:\/\/kraios.app\/news\/wp-json\/wp\/v2\/comments?post=22221"}],"version-history":[{"count":0,"href":"https:\/\/kraios.app\/news\/wp-json\/wp\/v2\/posts\/22221\/revisions"}],"wp:featuredmedia":[{"embeddable":true,"href":"https:\/\/kraios.app\/news\/wp-json\/wp\/v2\/media\/22222"}],"wp:attachment":[{"href":"https:\/\/kraios.app\/news\/wp-json\/wp\/v2\/media?parent=22221"}],"wp:term":[{"taxonomy":"category","embeddable":true,"href":"https:\/\/kraios.app\/news\/wp-json\/wp\/v2\/categories?post=22221"},{"taxonomy":"post_tag","embeddable":true,"href":"https:\/\/kraios.app\/news\/wp-json\/wp\/v2\/tags?post=22221"}],"curies":[{"name":"wp","href":"https:\/\/api.w.org\/{rel}","templated":true}]}}