{"id":22197,"date":"2023-11-16T22:46:47","date_gmt":"2023-11-16T22:46:47","guid":{"rendered":"https:\/\/kraios.app\/news\/siyaset\/2023\/11\/16\/40-tane-eurofighter-ucagi-almayi-planliyoruz\/"},"modified":"2023-11-16T22:46:47","modified_gmt":"2023-11-16T22:46:47","slug":"40-tane-eurofighter-ucagi-almayi-planliyoruz","status":"publish","type":"post","link":"https:\/\/kraios.app\/news\/siyaset\/2023\/11\/16\/40-tane-eurofighter-ucagi-almayi-planliyoruz\/","title":{"rendered":"40 tane Eurofighter u\u00e7a\u011f\u0131 almay\u0131 planl\u0131yoruz"},"content":{"rendered":"<p><\/p>\n<div>\n<p>Milli Savunma Bakan\u0131 Ya\u015far G\u00fcler, &#8220;Eurofighter Typhoon&#8221; tedariki i\u00e7in \u00e7al\u0131\u015fmalar\u0131n\u0131n oldu\u011funu belirterek, &#8220;Bu u\u00e7aklar \u0130ngiltere, Almanya ve \u0130spanya ile ilgili. Hem \u0130ngiltere hem \u0130spanya &#8216;evet&#8217; diyor, \u015fimdi Almanya&#8217;y\u0131 raz\u0131 etmek i\u00e7in onlar \u00e7al\u0131\u015f\u0131yorlar. O sorunu \u0130ngiltere ve \u0130spanya &#8216;Biz \u00e7\u00f6zece\u011fiz&#8217; diyorlar. Olursa 40 tane Eurofighter u\u00e7a\u011f\u0131 almay\u0131 planl\u0131yoruz.&#8221; dedi.<\/p>\n<p>G\u00fcler, Bakanl\u0131\u011f\u0131n\u0131n TBMM Plan ve B\u00fct\u00e7e Komisyonundaki 2024 y\u0131l\u0131 b\u00fct\u00e7esinin g\u00f6r\u00fc\u015fmelerinde milletvekillerinin sorular\u0131n\u0131 yan\u0131tlad\u0131.<\/p>\n<p>Bir milletvekilinin &#8220;Eurofighter Typhoon&#8221; sava\u015f u\u00e7a\u011f\u0131n\u0131n al\u0131n\u0131p al\u0131nmayaca\u011f\u0131na y\u00f6nelik sorusu \u00fczerine G\u00fcler, &#8220;Eurofighter ile ilgili \u00e7al\u0131\u015fmam\u0131z var. Eurofighter&#8217;\u0131 almak istiyoruz. \u00c7ok etkili bir u\u00e7ak. Bu u\u00e7aklar \u0130ngiltere, Almanya ve \u0130spanya ile ilgili. Hem \u0130ngiltere hem \u0130spanya &#8216;evet&#8217; diyor, \u015fimdi Almanya&#8217;y\u0131 raz\u0131 etmek i\u00e7in onlar \u00e7al\u0131\u015f\u0131yorlar. O sorunu \u0130ngiltere ve \u0130spanya &#8216;Biz \u00e7\u00f6zece\u011fiz&#8217; diyorlar. Olursa 40 tane Eurofighter u\u00e7a\u011f\u0131 almay\u0131 planl\u0131yoruz.&#8221; diye konu\u015ftu.<\/p>\n<p>T\u00fcrk Silahl\u0131 Kuvvetlerinin elindeki muharip u\u00e7aklar\u0131n, g\u00f6revlerini kar\u015f\u0131lay\u0131p kar\u015f\u0131lamayaca\u011f\u0131na y\u00f6nelik soruya G\u00fcler, &#8220;F-16&#8217;lar\u0131m\u0131z, F-4&#8217;lerimiz bizim yapaca\u011f\u0131m\u0131z g\u00f6revler i\u00e7in yeterli. Ancak biz tabii ki ileri bak\u0131yoruz. \u0130leri i\u00e7in de ba\u015flang\u0131\u00e7ta F-35&#8217;e m\u00fcracaat etmi\u015ftik fakat F-35&#8217;te birtak\u0131m problemler \u00e7\u0131kt\u0131. Onun da alternatiflerini \u00e7al\u0131\u015f\u0131yoruz. F-16&#8217;lar\u0131m\u0131z\u0131 modernize etmek i\u00e7in F-16 Blok 70 Viper&#8217;den 40 tane haz\u0131r alacak, 79 tanesinin modernizasyonunu TUSA\u015e&#8217;ta kendimiz yapaca\u011f\u0131z.&#8221; yan\u0131t\u0131n\u0131 verdi.<\/p>\n<p>&#8220;Bizim i\u00e7in as\u0131l olan iki u\u00e7a\u011f\u0131m\u0131z var.&#8221; diyen G\u00fcler, &#8220;Bunlardan biri H\u00fcrjet. Bu ayn\u0131 zamanda bizim e\u011fitim u\u00e7a\u011f\u0131m\u0131z olacak. Ayn\u0131 zamanda da muharip u\u00e7ak. As\u0131l hedefimiz 5&#8217;inci nesil milli muharip u\u00e7a\u011f\u0131m\u0131z Kaan. Bu y\u0131l\u0131n sonunda in\u015fallah ilk u\u00e7u\u015funu yapacak. 5&#8217;inci nesil bir u\u00e7ak. Kendi motorumuz i\u00e7in \u00e7al\u0131\u015f\u0131yoruz. 2028&#8217;de yerli motoru verece\u011fiz, en ge\u00e7 2032&#8217;de de kendi motorumuzla u\u00e7uyor olacak.&#8221; dedi.<\/p>\n<h3>&#8220;TSK, Kahramanmara\u015f merkezli depremlerin ard\u0131ndan ilk andan itibaren gerekli her t\u00fcrl\u00fc faaliyeti yapt\u0131&#8221;<\/h3>\n<p>TSK&#8217;n\u0131n, Kahramanmara\u015f merkezli depremlerin ard\u0131ndan ilk andan itibaren gerekli her t\u00fcrl\u00fc faaliyeti yapt\u0131\u011f\u0131n\u0131 belirten G\u00fcler, TSK unsurlar\u0131n\u0131n yapt\u0131\u011f\u0131 \u00e7al\u0131\u015fmalar\u0131 anlatt\u0131.<\/p>\n<p>Deprem sonras\u0131 6 bin 400 sorti yap\u0131ld\u0131\u011f\u0131n\u0131 dile getiren G\u00fcler, bu rakam\u0131n Hava Kuvvetleri Komutanl\u0131\u011f\u0131n\u0131n bir y\u0131ldaki toplam sorti say\u0131s\u0131ndan fazla oldu\u011funu kaydetti.<\/p>\n<p>Depremin ilk g\u00fcn\u00fcnde gitti\u011fi Hatay&#8217;da bir konteynerde 2,5 ay kald\u0131\u011f\u0131n\u0131 ifade eden G\u00fcler, Suriye&#8217;nin kuzeyindeki \u00fcs b\u00f6lgelerinden dahi askerlerin \u00e7al\u0131\u015fmalara kat\u0131lmak \u00fczere sevk edildi\u011fini s\u00f6yledi.<\/p>\n<p>T\u00fcrk Silahl\u0131 Kuvvetlerinde personel, istihbarat, harekat-operasyon ve lojistik olmak \u00fczere d\u00f6rt \u00f6nemli disiplinin bulundu\u011funu belirten G\u00fcler, bunlardan istihbarat ile harekat-operasyonun en \u00f6nemli disiplinler oldu\u011funu bildirdi. Ya\u015far G\u00fcler, &#8220;Bu iki yetki ilk g\u00fcnden itibaren Genelkurmay Ba\u015fkan\u0131&#8217;na verilmi\u015f durumda. B\u00fct\u00fcn istihbarat ve harekat faaliyetlerinin tamam\u0131 Genelkurmay taraf\u0131ndan yap\u0131lm\u0131\u015ft\u0131r ve hala ayn\u0131 \u015fekilde y\u00fcr\u00fct\u00fclmektedir.&#8221; diye konu\u015ftu.<\/p>\n<p>S-400 Uzun Menzilli B\u00f6lge Hava ve F\u00fcze Savunma Sistemi&#8217;ne y\u00f6nelik soruya G\u00fcler, &#8220;Bizler 7 g\u00fcn 24 saat, 365 g\u00fcn bu memleketin g\u00fcvenli\u011fi i\u00e7in \u00e7al\u0131\u015f\u0131yoruz. S-400&#8217;\u00fc al\u0131p bir fabrikan\u0131n k\u00f6\u015fesine teslim edemeyiz. B\u00f6yle bir \u015fey asla yok. S-400&#8217;e ihtiya\u00e7 duydu\u011fumuz anda d\u00fc\u011fmeye bast\u0131\u011f\u0131m\u0131zda, ne oldu\u011funu merak edenlerin hepsi g\u00f6r\u00fcr.&#8221; yan\u0131t\u0131n\u0131 verdi.<\/p>\n<p>CHP Malatya Milletvekili Veli A\u011fbaba&#8217;n\u0131n &#8220;Niye kullanm\u0131yorsunuz?&#8221; diye sormas\u0131 \u00fczerine G\u00fcler, &#8220;Nereye kullanaca\u011f\u0131z, bu \u00e7ama\u015f\u0131r makinesi mi? L\u00fctfen, anlay\u0131p anlamad\u0131\u011f\u0131n\u0131z her konuda bir fikir y\u00fcr\u00fctmek zorunda de\u011filsiniz.&#8221; dedi.<\/p>\n<h3>&#8220;Y\u00fczde 50 zorunlu, y\u00fczde 50 profesyonel askerlik&#8221;<\/h3>\n<p>T\u00fcrk Silahl\u0131 Kuvvetleri envanterinde kimyasal silah olmad\u0131\u011f\u0131n\u0131n alt\u0131n\u0131 \u00e7izen G\u00fcler, &#8220;B\u00f6yle bir \u015feye sahip olmay\u0131 da kesinlikle istemiyoruz.&#8221; ifadesini kulland\u0131.<\/p>\n<p>G\u00fcler, zorunlu askerlik konusunda, &#8220;\u00d6n\u00fcm\u00fczdeki d\u00f6nemde de y\u00fczde 50 zorunlu, y\u00fczde 50 profesyonel askerlik. Zaten \u015fu anda bu oranlar\u0131 yakalam\u0131\u015f durumday\u0131z. Bunu da korumaya y\u00f6nelik d\u00fc\u015f\u00fcncemiz devam ediyor.&#8221; diye konu\u015ftu.<\/p>\n<p>Sa\u011fl\u0131k Bakanl\u0131\u011f\u0131na devredilen askeri hastanelerin durumuna y\u00f6nelik sorular\u0131 da yan\u0131tlayan G\u00fcler, \u015funlar\u0131 s\u00f6yledi:<\/p>\n<p>&#8220;\u015eu anda 5 tane hastane ve ihtiya\u00e7 halinde tam izolasyonu sa\u011flanm\u0131\u015f 10 hastane T\u00fcrk Silahl\u0131 Kuvvetlerine tahsis edilmi\u015f durumda. Bununla birlikte Askeri Sa\u011fl\u0131k Hizmetleri Genel M\u00fcd\u00fcrl\u00fc\u011f\u00fcne ba\u011fl\u0131 4 seyyar hastanemiz var. TCG Anadolu&#8217;da ikinci basamak sa\u011fl\u0131k te\u015fkili, KKTC&#8217;deki Girne Asker Hastanesi, Sa\u011fl\u0131k Bakanl\u0131\u011f\u0131n\u0131n iki seyyar sahra hastanesinin ikinci basamak acil sa\u011fl\u0131k hizmeti de \u015fu anda bizde ve hepsi bize ait.<\/p>\n<p>Milli Savunma Bakanl\u0131\u011f\u0131 kadrolar\u0131nda halihaz\u0131rda 137 pratisyen, 89 uzman askeri hekim, 50 de uzmanl\u0131k \u00f6\u011frencisi var. Bunlar\u0131n hepsi de r\u00fctbeli ve subay. Ayr\u0131ca MSB kadrolar\u0131nda 319 sivil tabip g\u00f6rev yap\u0131yor. Bunlar Bakanl\u0131\u011f\u0131n mecburi hizmeti kapsam\u0131nda. Arzu eden doktorlar, &#8216;Ben Silahl\u0131 Kuvvetlerde \u00e7al\u0131\u015fmak istiyorum&#8217; diyor ve bize geliyor ama bunlar yeterli mi? Hay\u0131r, de\u011fil. \u015eu anda Sa\u011fl\u0131k Bilimleri \u00dcniversitesinde Bakanl\u0131\u011f\u0131m\u0131za ait, tamamen al\u0131m\u0131, okutmas\u0131, yemesi i\u00e7mesi bize ait 713 t\u0131p fak\u00fcltesi \u00f6\u011frencimiz var. 29 di\u015f hekimli\u011fi ve 16 eczac\u0131l\u0131k fak\u00fcltesi \u00f6\u011frencimiz var. Hepsi asker. Biz askeri hastanelerimizin hepsinin bizde olmas\u0131n\u0131 arzu ediyoruz ama elbette ki 15 Temmuz gibi bir bela ya\u015fand\u0131. Zamanla bunlar\u0131n hepsinin s\u0131rayla yap\u0131laca\u011f\u0131na inanc\u0131m\u0131z tam.&#8221;<\/p>\n<h3>&#8220;Biz hakikaten F-35 almal\u0131 m\u0131y\u0131z?&#8221;<\/h3>\n<p>Milli Savunma Bakan\u0131 G\u00fcler, &#8220;Altay Tank\u0131&#8221; ile ilgili \u00e7al\u0131\u015fmalar\u0131n devam etti\u011fini belirterek, proje kapsam\u0131nda toplam 250 tank \u00fcretilece\u011fini ifade etti. Yerli motor \u00fcretilene kadar g\u00fc\u00e7 grubunun G\u00fcney Kore&#8217;den temin edilece\u011fini aktaran G\u00fcler, &#8220;G\u00fcney Kore bize 85 tane veriyor. 165 tanesi de yerli g\u00fc\u00e7 grubuyla yap\u0131lacak.&#8221; diye konu\u015ftu.<\/p>\n<p>&#8220;S\u0131n\u0131rlar\u0131m\u0131z bug\u00fcne kadar olmad\u0131\u011f\u0131 kadar g\u00fcvenli ve g\u00fcvenilir.&#8221; diyen G\u00fcler, s\u0131n\u0131rlarda 60 bin personelin 7 g\u00fcn 24 saat esas\u0131na g\u00f6re \u00e7al\u0131\u015ft\u0131\u011f\u0131n\u0131 vurgulad\u0131. Bakan G\u00fcler, arzu eden her milletvekilini de istedi\u011fi s\u0131n\u0131ra g\u00f6t\u00fcrebileceklerini s\u00f6yledi.<\/p>\n<p>G\u00fcler, F-35 al\u0131m\u0131n\u0131n, \u00fczerinde d\u00fc\u015f\u00fcn\u00fclmesi gereken bir konu oldu\u011funu dile getirerek, \u015f\u00f6yle devam etti:<\/p>\n<p>&#8220;\u015eu anda Amerika&#8217;da dahi F-35&#8217;lerin \u00e7o\u011funun u\u00e7u\u015fu kesilmi\u015f durumda, \u0130srail F-35&#8217;lerini u\u00e7uram\u0131yor ve bu konuda da s\u00fcrekli Amerika&#8217;ya sald\u0131r\u0131yor. Avrupa&#8217;daki bir\u00e7ok \u00fclkede de anla\u015f\u0131lmayan, onlar\u0131n \u00e7\u00f6zemedi\u011fi aksakl\u0131klar var. A\u00e7\u0131k\u00e7as\u0131 biz KAAN gibi bir u\u00e7a\u011f\u0131 art\u0131k \u015fu anda hangardan \u00e7\u0131karm\u0131\u015f\u0131z, 15-20 g\u00fcn sonra u\u00e7uraca\u011f\u0131z. Biz hakikaten F-35 almal\u0131 m\u0131y\u0131z? Yoksa KAAN u\u00e7a\u011f\u0131 i\u00e7in biraz daha sabretmeli miyiz? Kendi yerli milli u\u00e7a\u011f\u0131m\u0131z\u0131 kullanmak dururken F-35&#8217;i kullanabilir miyiz, kullanmal\u0131 m\u0131y\u0131z? Bunu iyice bir d\u00fc\u015f\u00fcnmemiz gerekir. Benim \u015fahsi g\u00f6r\u00fc\u015f\u00fcm; kesinlikle alma taraftar\u0131 de\u011filim.&#8221;<\/p>\n<p>Ya\u015far G\u00fcler, F-35 projesi kapsam\u0131nda \u00f6denen \u00fccretin ne olaca\u011f\u0131n\u0131n sorulmas\u0131 \u00fczerine, &#8220;Bu bizim d\u00fc\u015f\u00fcncemiz ve olup olmayaca\u011f\u0131n\u0131 bilmiyoruz a\u00e7\u0131k\u00e7as\u0131. F-16 Blok 70 Viper&#8217;lar\u0131 al\u0131rken o paray\u0131 oraya mahsup ettirelim diye d\u00fc\u015f\u00fcn\u00fcyoruz ama tabii kesin bir \u015fey yok hen\u00fcz.&#8221; dedi.<\/p>\n<p>Binba\u015f\u0131 ve emekli astsubaylar\u0131n g\u00f6rev tazminatlar\u0131n\u0131n durumuna ili\u015fkin soruyu da yan\u0131tlayan G\u00fcler, konuya ili\u015fkin kanun teklifinin bu y\u0131l i\u00e7erisinde Meclis&#8217;e sunulaca\u011f\u0131n\u0131 ifade etti.<\/p>\n<p>G\u00f6r\u00fc\u015fmelerin ard\u0131ndan, Milli Savunma Bakanl\u0131\u011f\u0131n\u0131n 2024 y\u0131l\u0131 b\u00fct\u00e7esinin yan\u0131 s\u0131ra Akaryak\u0131t \u0130kmal ve NATO Pol Tesisleri \u0130\u015fletme Ba\u015fkanl\u0131\u011f\u0131n\u0131n b\u00fct\u00e7e ve kesin hesaplar\u0131 ile Say\u0131\u015ftay raporlar\u0131 kabul edildi.<\/p>\n<p>                            <span class=\"detay-foto-editor\">&#13;<br \/>\n                                <a href=\"https:\/\/www.aa.com.tr\/tr\/p\/abonelik-talep-formu\/1001\" target=\"_blank\" style=\"font-size:12px; color:#444; text-decoration:none;\" rel=\"noopener\">&#13;<br \/>\n                                    Anadolu Ajans\u0131 web sitesinde, AA Haber Ak\u0131\u015f Sistemi (HAS) \u00fczerinden abonelere sunulan haberler, \u00f6zetlenerek yay\u0131mlanmaktad\u0131r. <b style=\"color:#1897F7\">Abonelik i\u00e7in l\u00fctfen ileti\u015fime ge\u00e7iniz.<\/b>&#13;<br \/>\n                                <\/a>&#13;<br \/>\n                            <\/span>\n                        <\/div>\n<p><script>\n\t  window.fbAsyncInit = function() {\n\t\tFB.init({\n\t\t  appId: '1855843514662870',\n\t\t  status : true, \/\/ check login status\n\t\t  cookie : true, \/\/ enable cookies to allow the server to access the session\n\t\t  xfbml  : true  \/\/ parse XFBML\n\t\t});\n\t  };<\/p>\n<p>\t  (function() {\n\t\tvar e = document.createElement('script');\n\t\te.src=\"https:\/\/connect.facebook.net\/tr_TR\/all.js\";\n\t\te.async = true;\n\t\tdocument.getElementById('fb-root').appendChild(e);\n\t  }());\n    <\/script><\/p>\n","protected":false},"excerpt":{"rendered":"<p>Milli Savunma Bakan\u0131 Ya\u015far G\u00fcler, &#8220;Eurofighter Typhoon&#8221; tedariki i\u00e7in \u00e7al\u0131\u015fmalar\u0131n\u0131n oldu\u011funu belirterek, &#8220;Bu u\u00e7aklar \u0130ngiltere, Almanya ve \u0130spanya ile ilgili. Hem \u0130ngiltere hem \u0130spanya &#8216;evet&#8217; diyor, \u015fimdi Almanya&#8217;y\u0131 raz\u0131 etmek i\u00e7in onlar \u00e7al\u0131\u015f\u0131yorlar. O sorunu \u0130ngiltere ve \u0130spanya &#8216;Biz \u00e7\u00f6zece\u011fiz&#8217; diyorlar. Olursa 40 tane Eurofighter u\u00e7a\u011f\u0131 almay\u0131 planl\u0131yoruz.&#8221; dedi. G\u00fcler, Bakanl\u0131\u011f\u0131n\u0131n TBMM Plan ve B\u00fct\u00e7e [&hellip;]<\/p>\n","protected":false},"author":1,"featured_media":22198,"comment_status":"","ping_status":"","sticky":false,"template":"","format":"standard","meta":[],"categories":[47],"tags":[],"_links":{"self":[{"href":"https:\/\/kraios.app\/news\/wp-json\/wp\/v2\/posts\/22197"}],"collection":[{"href":"https:\/\/kraios.app\/news\/wp-json\/wp\/v2\/posts"}],"about":[{"href":"https:\/\/kraios.app\/news\/wp-json\/wp\/v2\/types\/post"}],"author":[{"embeddable":true,"href":"https:\/\/kraios.app\/news\/wp-json\/wp\/v2\/users\/1"}],"replies":[{"embeddable":true,"href":"https:\/\/kraios.app\/news\/wp-json\/wp\/v2\/comments?post=22197"}],"version-history":[{"count":0,"href":"https:\/\/kraios.app\/news\/wp-json\/wp\/v2\/posts\/22197\/revisions"}],"wp:featuredmedia":[{"embeddable":true,"href":"https:\/\/kraios.app\/news\/wp-json\/wp\/v2\/media\/22198"}],"wp:attachment":[{"href":"https:\/\/kraios.app\/news\/wp-json\/wp\/v2\/media?parent=22197"}],"wp:term":[{"taxonomy":"category","embeddable":true,"href":"https:\/\/kraios.app\/news\/wp-json\/wp\/v2\/categories?post=22197"},{"taxonomy":"post_tag","embeddable":true,"href":"https:\/\/kraios.app\/news\/wp-json\/wp\/v2\/tags?post=22197"}],"curies":[{"name":"wp","href":"https:\/\/api.w.org\/{rel}","templated":true}]}}