{"id":22180,"date":"2023-11-16T15:47:32","date_gmt":"2023-11-16T15:47:32","guid":{"rendered":"https:\/\/kraios.app\/news\/siyaset\/2023\/11\/16\/tbmm-baska-bir-kurum-tarafindan-gorevlendirilecek-bir-yer-degildir\/"},"modified":"2023-11-16T15:47:32","modified_gmt":"2023-11-16T15:47:32","slug":"tbmm-baska-bir-kurum-tarafindan-gorevlendirilecek-bir-yer-degildir","status":"publish","type":"post","link":"https:\/\/kraios.app\/news\/siyaset\/2023\/11\/16\/tbmm-baska-bir-kurum-tarafindan-gorevlendirilecek-bir-yer-degildir\/","title":{"rendered":"TBMM, ba\u015fka bir kurum taraf\u0131ndan g\u00f6revlendirilecek bir yer de\u011fildir"},"content":{"rendered":"<p><\/p>\n<div>\n<p>TBMM Ba\u015fkan\u0131 Numan Kurtulmu\u015f, Meclis&#8217;te m\u00fczakere ortam\u0131n\u0131n sa\u011fl\u0131kl\u0131 bir \u015fekilde y\u00fcr\u00fcmesini temin etmek i\u00e7in diyaloglar\u0131 art\u0131rma, partiler aras\u0131ndaki temaslar\u0131n g\u00fc\u00e7l\u00fc \u015fekilde s\u00fcrd\u00fcr\u00fclmesini temin etme g\u00f6revinin oldu\u011funu belirterek, &#8220;\u00d6zellikle anayasa ve i\u00e7\u00fcz\u00fckle ilgili meselelerin \u00e7ok b\u00fcy\u00fck ihtimalle yerel se\u00e7im sonras\u0131ndaki d\u00f6neme kalaca\u011f\u0131 a\u015fikard\u0131r.&#8221; dedi.<\/p>\n<p>Kurtulmu\u015f, AK Parti Meclis Grubunu ziyaret ederek Grup Ba\u015fkan\u0131 Abdullah G\u00fcler ve Grup Ba\u015fkanvekilleri ile g\u00f6r\u00fc\u015ft\u00fc.<\/p>\n<p>Bas\u0131na kapal\u0131 ger\u00e7ekle\u015fen g\u00f6r\u00fc\u015fmenin ard\u0131ndan gazetecilere a\u00e7\u0131klamada bulunan Kurtulmu\u015f, Meclis Ba\u015fkan\u0131 se\u00e7ildikten sonra siyasi partilerin gruplar\u0131n\u0131n kendisini ziyaret etti\u011fini hat\u0131rlatt\u0131.<\/p>\n<p><img decoding=\"async\" alt=\"\" src=\"https:\/\/www.aa.com.tr\/uploads\/userFiles\/88e4063b-7018-4331-b06e-f0cb513ac64c\/2023%2F11%2Fkurtulmus16-1.jpg\"\/><\/p>\n<p>Bir plan \u00e7er\u00e7evesinde siyasi partilerin gruplar\u0131na ziyaretler ger\u00e7ekle\u015ftirdi\u011fini aktaran Kurtulmu\u015f, MHP, \u0130Y\u0130 Parti, CHP, Saadet Partisi ve AK Parti gruplar\u0131yla g\u00f6r\u00fc\u015ft\u00fc\u011f\u00fcn\u00fc belirtti. Numan Kurtulmu\u015f, bug\u00fcn uygun olmad\u0131klar\u0131 i\u00e7in HEDEP grubuyla sonraki hafta g\u00f6r\u00fc\u015fece\u011fini bildirdi.<\/p>\n<p>Ziyaretlerin iadeiziyaret kapsam\u0131nda oldu\u011funu dile getiren Kurtulmu\u015f, siyasi partiler aras\u0131ndaki ortam\u0131n yumu\u015fat\u0131lmas\u0131, m\u00fczakere ortam\u0131n\u0131n g\u00fc\u00e7lendirilmesi, fikir al\u0131\u015fveri\u015fi mekanizmalar\u0131n\u0131n sa\u011flam \u015fekilde kurulabilmesi i\u00e7in bu irtibatlar\u0131n \u00f6nemli oldu\u011funu vurgulad\u0131.<\/p>\n<h3>&#8220;\u00dczerimizde b\u00fcy\u00fck sorumluluklar oldu\u011funun fark\u0131nday\u0131z&#8221;<\/h3>\n<p>TBMM Ba\u015fkan\u0131 Kurtulmu\u015f, 28. D\u00f6nem&#8217;de Meclis&#8217;e b\u00fcy\u00fck sorumluluklar d\u00fc\u015ft\u00fc\u011f\u00fcn\u00fc, bu d\u00f6nemin Cumhuriyet&#8217;in ikinci asr\u0131na ge\u00e7i\u015fin ba\u015flang\u0131c\u0131n\u0131 yapan d\u00f6nem oldu\u011funu dile getirerek, \u015f\u00f6yle devam etti:<\/p>\n<p>&#8220;Meclis&#8217;te T\u00fcrkiye&#8217;nin temel meseleleri \u00fczerinde yo\u011fun \u00e7al\u0131\u015fma imkan\u0131m\u0131z olacak. Bunlar\u0131n en ba\u015f\u0131nda i\u00e7t\u00fcz\u00fck ve yeni anayasa tart\u0131\u015fmalar\u0131n\u0131n, do\u011fru zemini ve do\u011fru y\u00f6ntemi, bunun TBMM&#8217;nin \u00f6nc\u00fcl\u00fc\u011f\u00fcnde, TBMM&#8217;deki siyasi partilerle en y\u00fcksek d\u00fczeyde bir ittifak\u0131n olu\u015fmas\u0131n\u0131 sa\u011flayacak \u015fekilde m\u00fczakere edilerek g\u00fcndeme getirilmesidir. B\u00fct\u00fcn bu konular\u0131, b\u00fct\u00fcn parti gruplar\u0131yla yapt\u0131\u011f\u0131m\u0131z g\u00f6r\u00fc\u015fmelerde ele alma imkan\u0131m\u0131z oldu. \u00dczerimizde b\u00fcy\u00fck sorumluluklar oldu\u011funun fark\u0131nday\u0131z. \u00d6zellikle bu s\u00fcre\u00e7 i\u00e7erisinde ya\u015fad\u0131\u011f\u0131m\u0131z d\u00fcnyadaki g\u00fcndemin de son derece a\u011f\u0131r bir g\u00fcndem oldu\u011funu, T\u00fcrkiye \u00fczerinde de ya\u015fananlar\u0131n b\u00fcy\u00fck bir tarihi sorumluluk getirdi\u011fini biliyoruz.&#8221;<\/p>\n<p>\u0130srail&#8217;in Gazze&#8217;deki sald\u0131r\u0131lar\u0131n\u0131 hat\u0131rlatan Kurtulmu\u015f, soyk\u0131r\u0131m derecesine ula\u015fan katliamlara kar\u015f\u0131 T\u00fcrkiye&#8217;nin her alanda, her platformda b\u00fcy\u00fck m\u00fccadele verdi\u011fini ifade etti.<\/p>\n<p>Numan Kurtulmu\u015f, \u015f\u00f6yle konu\u015ftu:<\/p>\n<p>&#8220;Say\u0131n Cumhurba\u015fkan\u0131m\u0131z\u0131n, bendenizin Meclis Ba\u015fkan\u0131 olarak, D\u0131\u015fi\u015fleri Bakan\u0131m\u0131z\u0131n, di\u011fer b\u00fct\u00fcn arkada\u015flar\u0131m\u0131z\u0131n, her alanda, d\u00fcnyadaki b\u00fct\u00fcn platformlarda mazlum, masum ve ger\u00e7ekten \u00e7aresiz b\u0131rak\u0131lm\u0131\u015f olan Filistin halk\u0131n\u0131n yan\u0131nda m\u00fccadele etti\u011fimizi g\u00f6r\u00fcyorsunuz. Bu kadar a\u011f\u0131r sorumluluklar\u0131n ya\u015fand\u0131\u011f\u0131, bu kadar zor sorunlarla hem bizim hem b\u00f6lge \u00fclkelerinin hem de b\u00fct\u00fcn d\u00fcnyan\u0131n kar\u015f\u0131 kar\u015f\u0131ya kald\u0131\u011f\u0131 bir d\u00f6nemde T\u00fcrkiye&#8217;nin i\u00e7 siyaset bak\u0131m\u0131ndan yak\u0131n diyalogla \u00e7al\u0131\u015fmas\u0131n\u0131n zaruri bir durum oldu\u011funun alt\u0131n\u0131 \u00e7izmek isterim. Her alanda, her fikirde uyu\u015fmayabiliriz ama parlamentoda bulunan siyasi partilerin farkl\u0131 fikirlerine ra\u011fmen ortak hareket edebilme becerisini kazanmalar\u0131n\u0131n gerekli oldu\u011fu kanaatindeyim.&#8221;<\/p>\n<p>Y\u00fcksek d\u00fczeyde temas trafi\u011finin olu\u015fmas\u0131n\u0131n hem TBMM&#8217;nin alaca\u011f\u0131 kararlar\u0131n daha olgun \u015fekilde ger\u00e7ekle\u015fmesi hem de T\u00fcrkiye siyasetinin \u00fczerindeki y\u00fck\u00fcn hafifletilmesi bak\u0131m\u0131ndan zorunlu oldu\u011funa i\u015faret eden Kurtulmu\u015f, ziyaretleri bu kapsamda yapt\u0131klar\u0131n\u0131 ve s\u00fcrd\u00fcreceklerini s\u00f6yledi.<\/p>\n<p><img decoding=\"async\" alt=\"\" src=\"https:\/\/admin.aa.com.tr\/uploads\/userFiles\/88e4063b-7018-4331-b06e-f0cb513ac64c\/2023%2F11%2Fkurtulmus16-2.jpg\"\/><\/p>\n<h3>&#8220;Bize d\u00fc\u015fen, temaslar\u0131n g\u00fc\u00e7l\u00fc \u015fekilde s\u00fcrd\u00fcr\u00fclmesini temin etmektir&#8221;<\/h3>\n<p>Ziyaret trafi\u011fiyle ilgili takvimlendirmenin olup olmad\u0131\u011f\u0131n\u0131n sorulmas\u0131 \u00fczerine Kurtulmu\u015f, b\u00fct\u00e7e g\u00f6r\u00fc\u015fmelerinin s\u00fcrd\u00fc\u011f\u00fcn\u00fc an\u0131msatt\u0131.<\/p>\n<p>Kurtulmu\u015f, Plan ve B\u00fct\u00e7e Komisyonunda s\u00fcren b\u00fct\u00e7e trafi\u011finin 11 Aral\u0131k&#8217;tan itibaren TBMM Genel Kuruluna gelece\u011fini, ondan sonra da partiler i\u00e7in yerel se\u00e7im haz\u0131rl\u0131klar\u0131n\u0131n ba\u015flayaca\u011f\u0131n\u0131 aktararak, &#8220;\u00d6zellikle anayasa ve \u0130\u00e7t\u00fcz\u00fckle ilgili meselelerin \u00e7ok b\u00fcy\u00fck ihtimalle yerel se\u00e7im sonras\u0131ndaki d\u00f6neme kalaca\u011f\u0131 a\u015fikard\u0131r. Bu d\u00f6nem i\u00e7erisinde bize d\u00fc\u015fen, bu m\u00fczakere ortam\u0131n\u0131n sa\u011fl\u0131kl\u0131 bir \u015fekilde y\u00fcr\u00fcmesini temin etmek i\u00e7in diyaloglar\u0131 art\u0131rmak, partilerin aras\u0131ndaki bu temaslar\u0131n g\u00fc\u00e7l\u00fc \u015fekilde s\u00fcrd\u00fcr\u00fclmesini temin etmektir.&#8221; dedi.<\/p>\n<p>T\u00fcrkiye \u0130\u015f\u00e7i Partisinden milletvekili se\u00e7ilen Gezi Park\u0131 davas\u0131 h\u00fck\u00fcml\u00fcs\u00fc Can Atalay&#8217;\u0131n durumu ile Anayasa Mahkemesi ve Yarg\u0131tay&#8217;\u0131n Atalay hakk\u0131ndaki kararlar\u0131n\u0131n sorulmas\u0131 \u00fczerine Kurtulmu\u015f, \u015funlar\u0131 ifade etti:<\/p>\n<p>&#8220;\u00d6n\u00fcm\u00fczdeki mesele iki y\u00fcksek yarg\u0131 aras\u0131nda bir i\u00e7tihat farkl\u0131l\u0131\u011f\u0131 ve tutum farkl\u0131l\u0131\u011f\u0131ndan kaynaklanan bir meseledir. Herkes \u015fundan emin olsun, T\u00fcrkiye anayasal bir hukuk devletidir. B\u00fct\u00fcn kurumlar\u0131n g\u00f6rev, yetki, sorumluluklar\u0131 bellidir. Bu \u00e7er\u00e7evede de \u00f6zellikle milli iradenin tecelligah\u0131 olarak TBMM, herhangi bir \u015fekilde ba\u015fka bir kurum taraf\u0131ndan g\u00f6revlendirilecek bir yer de\u011fildir. TBMM kendi g\u00fcndemine hakimdir, bu kendi g\u00fcndemi ve \u00f6ncelikleri i\u00e7erisinde bu mesele ba\u015fta olmak \u00fczere b\u00fct\u00fcn meseleleri \u00e7\u00f6zebilecek karar\u0131n uygulanmas\u0131n\u0131 yapacak olan yer TBMM&#8217;dir. Dolay\u0131s\u0131yla herkes rahat olsun. Ortada 12 Eyl\u00fcl darbe anayasas\u0131n\u0131n getirmi\u015f oldu\u011fu bir sorunla kar\u015f\u0131 kar\u015f\u0131yay\u0131z. Kurumlar aras\u0131nda \u00e7eli\u015fkileri, i\u00e7tihat farkl\u0131l\u0131klar\u0131n\u0131, \u00e7at\u0131\u015fmalar\u0131 ortadan kald\u0131racak \u015fekilde yeni bir anayasa \u00e7al\u0131\u015fmas\u0131n\u0131n da ne kadar zaruri oldu\u011funu g\u00f6steren bireysel bir \u00f6rnektir bu \u00f6rnek. Bu \u00f6rnek \u00fczerinden, umut ederim ki hi\u00e7bir \u00f6n yarg\u0131 i\u00e7erisinde olmaks\u0131z\u0131n anayasa \u00e7al\u0131\u015fmalar\u0131nda T\u00fcrkiye&#8217;de bu anlamda yeni bir d\u00fczenlemenin, yeni bir anayasal de\u011fi\u015fikli\u011fin yap\u0131lmas\u0131 m\u00fcmk\u00fcn olur.&#8221;<\/p>\n<p>&#8220;Can Atalay karar\u0131n\u0131 okutma noktas\u0131ndaki kanaatiniz nedir?&#8221; sorusuna Kurtulmu\u015f, &#8220;Burada ki\u015fisel kanaatler de\u011fil, tekraren s\u00f6yl\u00fcyorum, T\u00fcrkiye&#8217;de kurum ve kurulu\u015flar\u0131n g\u00f6revleri, yetkileri, sorumluluklar\u0131 bellidir. TBMM, kendi g\u00fcndemine hakimdir, kendi g\u00fcndemi i\u00e7erisinde ve kendi \u00f6ncelikleri i\u00e7erisinde bu konuda gere\u011fini yapacakt\u0131r.&#8221; yan\u0131t\u0131n\u0131 verdi.<\/p>\n<h3>&#8220;Kamu vicdan\u0131n\u0131 da dikkate alarak yeniden g\u00f6zden ge\u00e7irilmesi kanaatindeyim&#8221;<\/h3>\n<p>Agos Gazetesi Genel Yay\u0131n Y\u00f6netmeni Hrant Dink cinayetinin h\u00fck\u00fcml\u00fcs\u00fc Og\u00fcn Samast&#8217;\u0131n tahliyesiyle ilgili soru \u00fczerine Kurtulmu\u015f, \u015fartl\u0131 tahliyeyle ilgili daha \u00f6nce reddedilen bir durumla kar\u015f\u0131 kar\u015f\u0131ya olundu\u011funu s\u00f6yledi.<\/p>\n<p>Kurtulmu\u015f, &#8220;Burada da infaz sistemimizle ilgili belki yeni d\u00fczenlemeler yap\u0131lmas\u0131 laz\u0131m. A\u011f\u0131rla\u015ft\u0131r\u0131lm\u0131\u015f m\u00fcebbet hapis cezas\u0131 alan birisi, ya\u015ftan dolay\u0131 bu cezas\u0131 belli bir s\u00fcreye indirilmi\u015f ve ondan sonra da maalesef iyi hal uygulamas\u0131 dolay\u0131s\u0131yla d\u0131\u015far\u0131ya \u00e7\u0131kar\u0131lm\u0131\u015f. B\u00fct\u00fcn bunlar bizim yarg\u0131 sistemimizde de yeniden g\u00f6zden ge\u00e7irilmesi gereken hususlar\u0131n oldu\u011funu ortaya koyuyor. Bunlar\u0131n kamu vicdan\u0131n\u0131 da dikkate alarak yeniden g\u00f6zden ge\u00e7irilmesi kanaatindeyim.&#8221; \u015feklinde konu\u015ftu.<\/p>\n<p>AK Parti Grup Ba\u015fkan\u0131 Abdullah G\u00fcler ise TBMM Ba\u015fkan\u0131 Kurtulmu\u015f&#8217;a ziyaretten dolay\u0131 te\u015fekk\u00fcr etti, ziyarette Grup Ba\u015fkanvekilleriyle de\u011ferlendirmelerde bulunduklar\u0131n\u0131 dile getirdi.<\/p>\n<p>G\u00fcler, Kurtulmu\u015f&#8217;a anayasa ve \u0130\u00e7t\u00fcz\u00fck ile Meclis \u00e7al\u0131\u015fmalar\u0131 konusunda i\u015fbirli\u011fi ve koordinasyon i\u00e7erisinde olacaklar\u0131n\u0131 ifade ettiklerini bildirdi.<\/p>\n<p>                            <span class=\"detay-foto-editor\">&#13;<br \/>\n                                <a href=\"https:\/\/www.aa.com.tr\/tr\/p\/abonelik-talep-formu\/1001\" target=\"_blank\" style=\"font-size:12px; color:#444; text-decoration:none;\" rel=\"noopener\">&#13;<br \/>\n                                    Anadolu Ajans\u0131 web sitesinde, AA Haber Ak\u0131\u015f Sistemi (HAS) \u00fczerinden abonelere sunulan haberler, \u00f6zetlenerek yay\u0131mlanmaktad\u0131r. <b style=\"color:#1897F7\">Abonelik i\u00e7in l\u00fctfen ileti\u015fime ge\u00e7iniz.<\/b>&#13;<br \/>\n                                <\/a>&#13;<br \/>\n                            <\/span>\n                        <\/div>\n<p><script>\n\t  window.fbAsyncInit = function() {\n\t\tFB.init({\n\t\t  appId: '1855843514662870',\n\t\t  status : true, \/\/ check login status\n\t\t  cookie : true, \/\/ enable cookies to allow the server to access the session\n\t\t  xfbml  : true  \/\/ parse XFBML\n\t\t});\n\t  };<\/p>\n<p>\t  (function() {\n\t\tvar e = document.createElement('script');\n\t\te.src=\"https:\/\/connect.facebook.net\/tr_TR\/all.js\";\n\t\te.async = true;\n\t\tdocument.getElementById('fb-root').appendChild(e);\n\t  }());\n    <\/script><\/p>\n","protected":false},"excerpt":{"rendered":"<p>TBMM Ba\u015fkan\u0131 Numan Kurtulmu\u015f, Meclis&#8217;te m\u00fczakere ortam\u0131n\u0131n sa\u011fl\u0131kl\u0131 bir \u015fekilde y\u00fcr\u00fcmesini temin etmek i\u00e7in diyaloglar\u0131 art\u0131rma, partiler aras\u0131ndaki temaslar\u0131n g\u00fc\u00e7l\u00fc \u015fekilde s\u00fcrd\u00fcr\u00fclmesini temin etme g\u00f6revinin oldu\u011funu belirterek, &#8220;\u00d6zellikle anayasa ve i\u00e7\u00fcz\u00fckle ilgili meselelerin \u00e7ok b\u00fcy\u00fck ihtimalle yerel se\u00e7im sonras\u0131ndaki d\u00f6neme kalaca\u011f\u0131 a\u015fikard\u0131r.&#8221; dedi. Kurtulmu\u015f, AK Parti Meclis Grubunu ziyaret ederek Grup Ba\u015fkan\u0131 Abdullah G\u00fcler ve [&hellip;]<\/p>\n","protected":false},"author":1,"featured_media":22181,"comment_status":"","ping_status":"","sticky":false,"template":"","format":"standard","meta":[],"categories":[47],"tags":[],"_links":{"self":[{"href":"https:\/\/kraios.app\/news\/wp-json\/wp\/v2\/posts\/22180"}],"collection":[{"href":"https:\/\/kraios.app\/news\/wp-json\/wp\/v2\/posts"}],"about":[{"href":"https:\/\/kraios.app\/news\/wp-json\/wp\/v2\/types\/post"}],"author":[{"embeddable":true,"href":"https:\/\/kraios.app\/news\/wp-json\/wp\/v2\/users\/1"}],"replies":[{"embeddable":true,"href":"https:\/\/kraios.app\/news\/wp-json\/wp\/v2\/comments?post=22180"}],"version-history":[{"count":0,"href":"https:\/\/kraios.app\/news\/wp-json\/wp\/v2\/posts\/22180\/revisions"}],"wp:featuredmedia":[{"embeddable":true,"href":"https:\/\/kraios.app\/news\/wp-json\/wp\/v2\/media\/22181"}],"wp:attachment":[{"href":"https:\/\/kraios.app\/news\/wp-json\/wp\/v2\/media?parent=22180"}],"wp:term":[{"taxonomy":"category","embeddable":true,"href":"https:\/\/kraios.app\/news\/wp-json\/wp\/v2\/categories?post=22180"},{"taxonomy":"post_tag","embeddable":true,"href":"https:\/\/kraios.app\/news\/wp-json\/wp\/v2\/tags?post=22180"}],"curies":[{"name":"wp","href":"https:\/\/api.w.org\/{rel}","templated":true}]}}