{"id":22169,"date":"2023-11-16T14:36:25","date_gmt":"2023-11-16T14:36:25","guid":{"rendered":"https:\/\/kraios.app\/news\/siyaset\/2023\/11\/16\/isvecin-natoya-katilim-protokolune-iliskin-teklif-uzerindeki-muzakereler-ertelendi\/"},"modified":"2023-11-16T14:36:25","modified_gmt":"2023-11-16T14:36:25","slug":"isvecin-natoya-katilim-protokolune-iliskin-teklif-uzerindeki-muzakereler-ertelendi","status":"publish","type":"post","link":"https:\/\/kraios.app\/news\/siyaset\/2023\/11\/16\/isvecin-natoya-katilim-protokolune-iliskin-teklif-uzerindeki-muzakereler-ertelendi\/","title":{"rendered":"\u0130sve\u00e7&#8217;in NATO&#8217;ya kat\u0131l\u0131m protokol\u00fcne ili\u015fkin teklif \u00fczerindeki m\u00fczakereler ertelendi"},"content":{"rendered":"<p><\/p>\n<div>\n<p>Komisyon, AK Parti Ankara Milletvekili Fuat Oktay ba\u015fkanl\u0131\u011f\u0131nda topland\u0131.<\/p>\n<p>Fuat Oktay, toplant\u0131n\u0131n a\u00e7\u0131l\u0131\u015f\u0131nda yapt\u0131\u011f\u0131 konu\u015fmada, KKTC&#8217;nin kurulu\u015funun 40. ve Filistin Devleti&#8217;nin kurulu\u015funun 35. y\u0131l d\u00f6n\u00fcm\u00fcn\u00fc kutlad\u0131.<\/p>\n<p>Her zaman ve \u015fartta KKTC&#8217;nin hakl\u0131 davas\u0131n\u0131n yan\u0131nda olacaklar\u0131n\u0131 vurgulayan Oktay, K\u0131br\u0131s&#8217;ta \u00e7\u00f6z\u00fcm\u00fcn iki devletli bir yakla\u015f\u0131m\u0131n kabul\u00fcyle m\u00fcmk\u00fcn oldu\u011funu kaydetti.<\/p>\n<p>\u0130srail&#8217;in Filistin&#8217;e y\u00f6nelik sald\u0131r\u0131lar\u0131na da de\u011finen Oktay, &#8220;\u0130srail kad\u0131n, erkek, ya\u015fl\u0131, hasta demeden sivillere y\u00f6nelik insanl\u0131k d\u0131\u015f\u0131 sald\u0131r\u0131lar yap\u0131yor. Biz Filistin halk\u0131n\u0131n yan\u0131nda olaca\u011f\u0131z. Bu sorunun \u00e7\u00f6z\u00fcm\u00fc i\u00e7in T\u00fcrkiye olarak t\u00fcm kurumlar\u0131m\u0131zla birlikte yo\u011fun \u00e7aba i\u00e7erisindeyiz. Bu sorunun 1968 s\u0131n\u0131rlar\u0131 dahilinde e\u015fit iki devleti i\u00e7eren bir yakla\u015f\u0131mla \u00e7\u00f6z\u00fclebilece\u011fini d\u00fc\u015f\u00fcn\u00fcyoruz.&#8221; diye konu\u015ftu.<\/p>\n<p>Oktay, T\u00fcrkiye olarak b\u00f6lgenin istikrar\u0131 ve bar\u0131\u015f\u0131 i\u00e7in somut \u00f6neriler sunduklar\u0131n\u0131, T\u00fcrkiye&#8217;nin bu \u00e7abalar\u0131 nedeniyle g\u00fcvenilir ve ilkeli akt\u00f6r bir \u00fclke olarak kabul edildi\u011fini kaydetti.<\/p>\n<h3>&#8220;\u00d6zele\u015ftiri d\u00f6nemi ba\u015flad\u0131&#8221;<\/h3>\n<p>Teklifin t\u00fcm\u00fc \u00fczerindeki g\u00f6r\u00fc\u015fmelerde konu\u015fan D\u0131\u015fi\u015fleri Bakan Yard\u0131mc\u0131s\u0131 Burak Ak\u00e7apar, uluslararas\u0131 d\u00fczeyde derin bir de\u011fi\u015fim ve d\u00f6n\u00fc\u015f\u00fcm d\u00f6neminden ge\u00e7ildi\u011fini belirtti.<\/p>\n<p>T\u00fcrkiye&#8217;nin kuzey ve g\u00fcneyinde s\u0131cak \u00e7at\u0131\u015fmalar\u0131n s\u00fcrd\u00fc\u011f\u00fcne dikkati \u00e7eken Ak\u00e7apar &#8220;Ukrayna sava\u015f\u0131 Avrupa Atlantik B\u00f6lgesi&#8217;ndeki g\u00fcvenlik ortam\u0131n\u0131 derinden sarsm\u0131\u015f durumda. Gazze&#8217;de ya\u015fananlar; \u0130srail&#8217;in binlerce ki\u015finin hayat\u0131na mal olan sald\u0131r\u0131lar\u0131 olmu\u015ftur. T\u00fcm bunlar g\u00fcvenli\u011fe 360 derece yakla\u015f\u0131m\u0131n \u00f6nemini ortaya koyuyor.&#8221; diye konu\u015ftu.<\/p>\n<p>Daha \u00f6nce Finlandiya&#8217;n\u0131n NATO&#8217;ya kat\u0131l\u0131m protokol\u00fcn\u00fcn onaylanmas\u0131n\u0131n uygun bulundu\u011funa dair kanun teklifinin kabul edildi\u011fini an\u0131msatan Ak\u00e7apar, de\u011fi\u015fen g\u00fcvenlik ortam\u0131n\u0131n yaratt\u0131\u011f\u0131 bir durumunun s\u00f6z konusu oldu\u011funu belirtti.<\/p>\n<p>Rusya-Ukrayna sava\u015f\u0131n\u0131n ard\u0131ndan Balt\u0131klar ve Kuzey co\u011frafyas\u0131n\u0131n g\u00fcvenli\u011finin NATO ittifak\u0131 i\u00e7in daha da \u00f6nem te\u015fkil etti\u011fine dikkati \u00e7eken Ak\u00e7apar, &#8220;Bu b\u00f6lgenin stratejik \u00f6nemi haiz \u00fclkelerinden olan \u0130sve\u00e7, sava\u015f\u0131n ba\u015flamas\u0131ndan sonra savunma ve g\u00fcvenlik alan\u0131ndaki tarafs\u0131zl\u0131k politikas\u0131n\u0131 terk ederek NATO&#8217;ya kat\u0131lma karar\u0131 alm\u0131\u015ft\u0131r. \u0130sve\u00e7&#8217;in m\u00fcstakbel m\u00fcttefikimiz olarak \u00fclkemizin me\u015fru g\u00fcvenlik kayg\u0131lar\u0131n\u0131 g\u00f6zetmesi, ittifak ruhuyla hareket etmesi gerekti\u011fini s\u00fcrecin ba\u015f\u0131ndan beri en \u00fcst d\u00fczeydi vurgulad\u0131k.&#8221; dedi.<\/p>\n<p>Ak\u00e7apar, \u0130sve\u00e7 ile Finlandiya&#8217;n\u0131n; ter\u00f6r \u00f6rg\u00fct\u00fc PKK&#8217;n\u0131n finansman ve eleman dev\u015firme faaliyetlerini engellemeyi, FET\u00d6, PKK\/PYD&#8217;ye destek sa\u011flamamay\u0131, ter\u00f6rizmle m\u00fccadelede yasal ad\u0131mlar atmay\u0131, iade ve s\u0131n\u0131r d\u0131\u015f\u0131 i\u015flemleri ile savunma sanayi konusundaki s\u0131n\u0131rlamalar\u0131 kald\u0131rmay\u0131 taahh\u00fct ettiklerini kaydetti.<\/p>\n<p>At\u0131lan ad\u0131mlar\u0131n takibi a\u00e7\u0131s\u0131ndan \u00fc\u00e7 \u00fclke aras\u0131nda daimi ortak mekanizman\u0131n kuruldu\u011funu dile getiren Ak\u00e7apar, &#8220;\u0130sve\u00e7&#8217;in bu s\u00fcre\u00e7te ge\u00e7irdi\u011fi d\u00f6n\u00fc\u015f\u00fcme ve att\u0131\u011f\u0131 ad\u0131mlara bakt\u0131\u011f\u0131m\u0131zda \u0130sve\u00e7 h\u00fck\u00fcmeti ve kamuoyu \u00fclkemizin me\u015fru g\u00fcvenlik kayg\u0131lar\u0131n\u0131 daha iyi anlamaya ba\u015flad\u0131. Bu s\u00fcre\u00e7te hem h\u00fck\u00fcmet hem de kamuoyu d\u00fczeyinde eksik yakla\u015f\u0131mlar sorguland\u0131 ve \u00f6zele\u015ftiri d\u00f6nemi ba\u015flad\u0131.&#8221; ifadelerini kulland\u0131.<\/p>\n<h3>&#8220;\u00d6rg\u00fct bask\u0131 alt\u0131ndad\u0131r&#8221;<\/h3>\n<p>Ak\u00e7apar, bu d\u00f6n\u00fc\u015f\u00fcm\u00fc \u0130sve\u00e7 h\u00fck\u00fcmet yetkililerinden yap\u0131lan a\u00e7\u0131klamalardan g\u00f6rd\u00fcklerini, \u0130sve\u00e7li yetkililerin bir paradigma de\u011fi\u015fikli\u011fine gittiklerini her vesileyle dile getirdiklerini s\u00f6yledi.<\/p>\n<p>\u0130sve\u00e7 h\u00fck\u00fcmetinin taahh\u00fctlerine sad\u0131k kalaca\u011f\u0131n\u0131 beyan etti\u011fine i\u015faret eden Ak\u00e7apar, &#8220;\u0130sve\u00e7 h\u00fck\u00fcmeti ter\u00f6rizmle m\u00fccadele kapsam\u0131nda mevzuatta yap\u0131lan de\u011fi\u015fiklikleri y\u00fcr\u00fcrl\u00fc\u011fe koydu. Bu \u00e7er\u00e7evede ter\u00f6r \u00f6rg\u00fct\u00fcne kat\u0131l\u0131m\u0131n cezaland\u0131r\u0131lmas\u0131na ili\u015fkin anayasa de\u011fi\u015fikli\u011fi yap\u0131ld\u0131. \u0130sve\u00e7&#8217;te ilk kez ter\u00f6r \u00f6rg\u00fct\u00fcne kat\u0131l\u0131m su\u00e7 haline getirildi. \u0130sve\u00e7 PKK&#8217;n\u0131n faaliyetleri ve finansmanlar\u0131 ba\u015fta olmak \u00fczere ter\u00f6r faaliyetleri konular\u0131nda somut ad\u0131mlar att\u0131. PKK iltisakl\u0131 \u00e7evreler, eskiden oldu\u011fu gibi \u0130sve\u00e7&#8217;te rahat bir hareket alan\u0131 bulam\u0131yor. \u00d6rg\u00fct bask\u0131 alt\u0131ndad\u0131r.&#8221; dedi.<\/p>\n<p>\u0130sve\u00e7&#8217;in ikili temaslar \u00e7er\u00e7evesinde yol haritas\u0131 tasla\u011f\u0131n\u0131 haz\u0131rlad\u0131\u011f\u0131n\u0131 T\u00fcrkiye&#8217;ye bildirdi\u011fini dile getiren Ak\u00e7apar, \u0130sve\u00e7&#8217;in, s\u00fcre\u00e7 i\u00e7erisinde sorumluluklar\u0131n\u0131 ve hangi ad\u0131mlar\u0131n\u0131 atacaklar\u0131n\u0131 i\u00e7eren bir yol haritas\u0131n\u0131 T\u00fcrkiye&#8217;ye sunaca\u011f\u0131n\u0131 belirtti.<\/p>\n<p>Ter\u00f6rle m\u00fccadelede i\u015f birli\u011fini art\u0131raca\u011f\u0131n\u0131 d\u00fc\u015f\u00fcnd\u00fckleri i\u00e7in ter\u00f6r \u00f6rg\u00fctlerinin \u0130sve\u00e7&#8217;in NATO \u00fcyeli\u011fine kar\u015f\u0131 faaliyet g\u00f6sterdi\u011fini dile getiren Ak\u00e7apar, &#8220;\u0130sve\u00e7&#8217;in NATO&#8217;ya kat\u0131m\u0131n\u0131n Avrupa Atlantik B\u00f6lgesi&#8217;ni daha g\u00fcvenli hale getirece\u011fi, ikili ili\u015fkilerimizin m\u00fcttefiklik ba\u011f\u0131 ve sorumluluklar\u0131 temelinde daha da geli\u015fmesine hizmet edece\u011fi, \u00f6zellikle savunma sanayi alan\u0131nda i\u015f birli\u011fimizin geli\u015fmesine katk\u0131 sa\u011flayaca\u011f\u0131n\u0131 de\u011ferlendiriyoruz.&#8221; ifadelerini kulland\u0131.<\/p>\n<p>Teklifin t\u00fcm\u00fc \u00fczerindeki g\u00f6r\u00fc\u015fmelerin ard\u0131ndan AK Parti milletvekillerinin kabul edilen \u00f6nergesiyle m\u00fczakerelerin ertelenmesi karar\u0131 al\u0131nd\u0131. \u00d6nergede, &#8220;G\u00f6r\u00fc\u015f\u00fclmekte olan konunun a\u00e7\u0131kl\u0131\u011fa kavu\u015fmamas\u0131 ve m\u00fczakerelerin yeterince olgunla\u015fmamas\u0131 nedeniyle teklifin maddelerine ge\u00e7ilmemesi ve sonland\u0131r\u0131lmas\u0131&#8221; ifadeleri yer ald\u0131.<\/p>\n<p>                            <span class=\"detay-foto-editor\">&#13;<br \/>\n                                <a href=\"https:\/\/www.aa.com.tr\/tr\/p\/abonelik-talep-formu\/1001\" target=\"_blank\" style=\"font-size:12px; color:#444; text-decoration:none;\" rel=\"noopener\">&#13;<br \/>\n                                    Anadolu Ajans\u0131 web sitesinde, AA Haber Ak\u0131\u015f Sistemi (HAS) \u00fczerinden abonelere sunulan haberler, \u00f6zetlenerek yay\u0131mlanmaktad\u0131r. <b style=\"color:#1897F7\">Abonelik i\u00e7in l\u00fctfen ileti\u015fime ge\u00e7iniz.<\/b>&#13;<br \/>\n                                <\/a>&#13;<br \/>\n                            <\/span>\n                        <\/div>\n<p><script>\n\t  window.fbAsyncInit = function() {\n\t\tFB.init({\n\t\t  appId: '1855843514662870',\n\t\t  status : true, \/\/ check login status\n\t\t  cookie : true, \/\/ enable cookies to allow the server to access the session\n\t\t  xfbml  : true  \/\/ parse XFBML\n\t\t});\n\t  };<\/p>\n<p>\t  (function() {\n\t\tvar e = document.createElement('script');\n\t\te.src=\"https:\/\/connect.facebook.net\/tr_TR\/all.js\";\n\t\te.async = true;\n\t\tdocument.getElementById('fb-root').appendChild(e);\n\t  }());\n    <\/script><\/p>\n","protected":false},"excerpt":{"rendered":"<p>Komisyon, AK Parti Ankara Milletvekili Fuat Oktay ba\u015fkanl\u0131\u011f\u0131nda topland\u0131. Fuat Oktay, toplant\u0131n\u0131n a\u00e7\u0131l\u0131\u015f\u0131nda yapt\u0131\u011f\u0131 konu\u015fmada, KKTC&#8217;nin kurulu\u015funun 40. ve Filistin Devleti&#8217;nin kurulu\u015funun 35. y\u0131l d\u00f6n\u00fcm\u00fcn\u00fc kutlad\u0131. Her zaman ve \u015fartta KKTC&#8217;nin hakl\u0131 davas\u0131n\u0131n yan\u0131nda olacaklar\u0131n\u0131 vurgulayan Oktay, K\u0131br\u0131s&#8217;ta \u00e7\u00f6z\u00fcm\u00fcn iki devletli bir yakla\u015f\u0131m\u0131n kabul\u00fcyle m\u00fcmk\u00fcn oldu\u011funu kaydetti. \u0130srail&#8217;in Filistin&#8217;e y\u00f6nelik sald\u0131r\u0131lar\u0131na da de\u011finen Oktay, &#8220;\u0130srail [&hellip;]<\/p>\n","protected":false},"author":1,"featured_media":22170,"comment_status":"","ping_status":"","sticky":false,"template":"","format":"standard","meta":[],"categories":[47],"tags":[],"_links":{"self":[{"href":"https:\/\/kraios.app\/news\/wp-json\/wp\/v2\/posts\/22169"}],"collection":[{"href":"https:\/\/kraios.app\/news\/wp-json\/wp\/v2\/posts"}],"about":[{"href":"https:\/\/kraios.app\/news\/wp-json\/wp\/v2\/types\/post"}],"author":[{"embeddable":true,"href":"https:\/\/kraios.app\/news\/wp-json\/wp\/v2\/users\/1"}],"replies":[{"embeddable":true,"href":"https:\/\/kraios.app\/news\/wp-json\/wp\/v2\/comments?post=22169"}],"version-history":[{"count":0,"href":"https:\/\/kraios.app\/news\/wp-json\/wp\/v2\/posts\/22169\/revisions"}],"wp:featuredmedia":[{"embeddable":true,"href":"https:\/\/kraios.app\/news\/wp-json\/wp\/v2\/media\/22170"}],"wp:attachment":[{"href":"https:\/\/kraios.app\/news\/wp-json\/wp\/v2\/media?parent=22169"}],"wp:term":[{"taxonomy":"category","embeddable":true,"href":"https:\/\/kraios.app\/news\/wp-json\/wp\/v2\/categories?post=22169"},{"taxonomy":"post_tag","embeddable":true,"href":"https:\/\/kraios.app\/news\/wp-json\/wp\/v2\/tags?post=22169"}],"curies":[{"name":"wp","href":"https:\/\/api.w.org\/{rel}","templated":true}]}}