{"id":22155,"date":"2023-11-16T11:23:14","date_gmt":"2023-11-16T11:23:14","guid":{"rendered":"https:\/\/kraios.app\/news\/siyaset\/2023\/11\/16\/tbmm-baskani-kurtulmustan-saadet-partisi-meclis-grubuna-ziyaret\/"},"modified":"2023-11-16T11:23:14","modified_gmt":"2023-11-16T11:23:14","slug":"tbmm-baskani-kurtulmustan-saadet-partisi-meclis-grubuna-ziyaret","status":"publish","type":"post","link":"https:\/\/kraios.app\/news\/siyaset\/2023\/11\/16\/tbmm-baskani-kurtulmustan-saadet-partisi-meclis-grubuna-ziyaret\/","title":{"rendered":"TBMM Ba\u015fkan\u0131 Kurtulmu\u015f\u2019tan Saadet Partisi Meclis Grubu&#8217;na ziyaret"},"content":{"rendered":"<p><\/p>\n<div>\n<p>Kurtulmu\u015f&#8217;un Grup Ba\u015fkan\u0131 Sel\u00e7uk \u00d6zda\u011f, Grup Ba\u015fkanvekilleri \u0130sa Mesih \u015eahin ve B\u00fclent Kaya ile g\u00f6r\u00fc\u015fmesi, g\u00f6r\u00fcnt\u00fc ve foto\u011fraf al\u0131nmas\u0131n\u0131n ard\u0131ndan bas\u0131na kapal\u0131 devam etti.<\/p>\n<p>Yakla\u015f\u0131k 40 dakika s\u00fcren ziyarette TBMM Genel Sekreteri Talip Uzun da yer ald\u0131.<\/p>\n<p>Saadet Partisi Grup Ba\u015fkan\u0131 \u00d6zda\u011f, ziyaret sonras\u0131 gazetecilere yapt\u0131\u011f\u0131 a\u00e7\u0131klamada, Meclis Ba\u015fkan\u0131 Kurtulmu\u015f&#8217;un iadeiziyarette bulundu\u011funu ifade ederek, &#8220;Meclisin i\u015fleyi\u015fiyle ilgili konu\u015fmalar\u0131m\u0131z oldu. Ayn\u0131 zamanda bizim taleplerimiz oldu. Saadet-Gelecek Grubu olarak taleplerimiz vard\u0131. Bunlarla ilgili olarak da not ald\u0131lar. Ayn\u0131 zamanda memleketimizin meseleleri hakk\u0131nda g\u00f6r\u00fc\u015f al\u0131\u015fveri\u015finde bulunduk. T\u00fcrkiye&#8217;nin daha demokratik bir \u00fclke, daha hukukun \u00fcst\u00fcnl\u00fc\u011f\u00fcn\u00fc \u00f6nemseyen bir \u00fclke olmas\u0131 noktas\u0131nda siyasi konu\u015fmalar\u0131m\u0131z oldu. Bir nezaket ziyaretiydi.&#8221; de\u011ferlendirmesinde bulundu.<\/p>\n<p><img decoding=\"async\" alt=\"\" src=\"https:\/\/www.aa.com.tr\/uploads\/userFiles\/caec1b32-8257-4f58-87b0-6657c62b92b3\/New%20folder%2FNew%20folder%20(11)%2FAA-32914043.jpg\"\/><\/p>\n<p>Bir gazetecinin yeni bir anayasa \u00e7al\u0131\u015fmas\u0131n\u0131n ba\u015flamas\u0131n\u0131n g\u00fcndeme gelip gelmedi\u011fini sormas\u0131 \u00fczerine \u00d6zda\u011f, bu konudaki d\u00fc\u015f\u00fcncelerini payla\u015ft\u0131klar\u0131n\u0131 aktararak, &#8220;Bunlar\u0131n erken oldu\u011funu, se\u00e7im atmosferi i\u00e7inde bunlar\u0131n konu\u015fulmas\u0131n\u0131n do\u011fru olmad\u0131\u011f\u0131n\u0131, se\u00e7imden sonra gerek i\u00e7 t\u00fcz\u00fck konusunun gerek anayasa konusunun konu\u015fulmas\u0131 gerekti\u011fini kendi d\u00fc\u015f\u00fcncemiz olarak aktard\u0131k.&#8221; diye konu\u015ftu.<\/p>\n<p>Grup Ba\u015fkanvekili \u0130sa Mesih \u015eahin de bir gazetecinin Agos Gazetesi Genel Yay\u0131n Y\u00f6netmeni Hrant Dink cinayetinin tetik\u00e7isi Og\u00fcn Samast&#8217;\u0131n \u015fartl\u0131 tahliyesi ile Ceza ve Tevkifevleri Genel M\u00fcd\u00fcrl\u00fc\u011f\u00fcn\u00fcn konuyla ilgili a\u00e7\u0131klamas\u0131na dair de\u011ferlendirmesini sormas\u0131 \u00fczerine, her zaman bu topraklarda toplumsal bar\u0131\u015ftan, karde\u015flikten ve birlikten yana olduklar\u0131n\u0131 s\u00f6yledi.<\/p>\n<p>\u015eahin, toplumsal bar\u0131\u015f\u0131 bozan, birlik ve beraberli\u011fe kasteden her t\u00fcrl\u00fc duru\u015fun kar\u015f\u0131s\u0131nda olduklar\u0131n\u0131 ifade ederek, bir mahkumun ko\u015fullu sal\u0131verilmesi i\u00e7in toplumla b\u00fct\u00fcnle\u015fece\u011fi, yeniden su\u00e7 i\u015flemeyece\u011fi kanaatinin olu\u015fmas\u0131 gerekti\u011fini dile getirdi.<\/p>\n<p>Eline silah almam\u0131\u015f ama sadece bir yerlere \u00fcye olmaktan ceza alm\u0131\u015f ki\u015filerin bu h\u00fck\u00fcmlerden yararland\u0131r\u0131lmad\u0131\u011f\u0131n\u0131 \u00f6ne s\u00fcren \u015eahin, &#8220;Bu \u00fclkede cinayet i\u015fleyen, toplumsal bar\u0131\u015fa kasteden bir ki\u015fi, ko\u015fullu sal\u0131verme h\u00fck\u00fcmlerinden yararlanabiliyor. Bu \u00e7eli\u015fkiye dikkat \u00e7ekmek istiyoruz. Adaletsiz, tutars\u0131z bir duru\u015f olarak g\u00f6r\u00fcyoruz.&#8221; diye konu\u015ftu.<\/p>\n<p>                            <span class=\"detay-foto-editor\">&#13;<br \/>\n                                <a href=\"https:\/\/www.aa.com.tr\/tr\/p\/abonelik-talep-formu\/1001\" target=\"_blank\" style=\"font-size:12px; color:#444; text-decoration:none;\" rel=\"noopener\">&#13;<br \/>\n                                    Anadolu Ajans\u0131 web sitesinde, AA Haber Ak\u0131\u015f Sistemi (HAS) \u00fczerinden abonelere sunulan haberler, \u00f6zetlenerek yay\u0131mlanmaktad\u0131r. <b style=\"color:#1897F7\">Abonelik i\u00e7in l\u00fctfen ileti\u015fime ge\u00e7iniz.<\/b>&#13;<br \/>\n                                <\/a>&#13;<br \/>\n                            <\/span>\n                        <\/div>\n<p><script>\n\t  window.fbAsyncInit = function() {\n\t\tFB.init({\n\t\t  appId: '1855843514662870',\n\t\t  status : true, \/\/ check login status\n\t\t  cookie : true, \/\/ enable cookies to allow the server to access the session\n\t\t  xfbml  : true  \/\/ parse XFBML\n\t\t});\n\t  };<\/p>\n<p>\t  (function() {\n\t\tvar e = document.createElement('script');\n\t\te.src=\"https:\/\/connect.facebook.net\/tr_TR\/all.js\";\n\t\te.async = true;\n\t\tdocument.getElementById('fb-root').appendChild(e);\n\t  }());\n    <\/script><\/p>\n","protected":false},"excerpt":{"rendered":"<p>Kurtulmu\u015f&#8217;un Grup Ba\u015fkan\u0131 Sel\u00e7uk \u00d6zda\u011f, Grup Ba\u015fkanvekilleri \u0130sa Mesih \u015eahin ve B\u00fclent Kaya ile g\u00f6r\u00fc\u015fmesi, g\u00f6r\u00fcnt\u00fc ve foto\u011fraf al\u0131nmas\u0131n\u0131n ard\u0131ndan bas\u0131na kapal\u0131 devam etti. Yakla\u015f\u0131k 40 dakika s\u00fcren ziyarette TBMM Genel Sekreteri Talip Uzun da yer ald\u0131. Saadet Partisi Grup Ba\u015fkan\u0131 \u00d6zda\u011f, ziyaret sonras\u0131 gazetecilere yapt\u0131\u011f\u0131 a\u00e7\u0131klamada, Meclis Ba\u015fkan\u0131 Kurtulmu\u015f&#8217;un iadeiziyarette bulundu\u011funu ifade ederek, &#8220;Meclisin [&hellip;]<\/p>\n","protected":false},"author":1,"featured_media":22156,"comment_status":"","ping_status":"","sticky":false,"template":"","format":"standard","meta":[],"categories":[47],"tags":[],"_links":{"self":[{"href":"https:\/\/kraios.app\/news\/wp-json\/wp\/v2\/posts\/22155"}],"collection":[{"href":"https:\/\/kraios.app\/news\/wp-json\/wp\/v2\/posts"}],"about":[{"href":"https:\/\/kraios.app\/news\/wp-json\/wp\/v2\/types\/post"}],"author":[{"embeddable":true,"href":"https:\/\/kraios.app\/news\/wp-json\/wp\/v2\/users\/1"}],"replies":[{"embeddable":true,"href":"https:\/\/kraios.app\/news\/wp-json\/wp\/v2\/comments?post=22155"}],"version-history":[{"count":0,"href":"https:\/\/kraios.app\/news\/wp-json\/wp\/v2\/posts\/22155\/revisions"}],"wp:featuredmedia":[{"embeddable":true,"href":"https:\/\/kraios.app\/news\/wp-json\/wp\/v2\/media\/22156"}],"wp:attachment":[{"href":"https:\/\/kraios.app\/news\/wp-json\/wp\/v2\/media?parent=22155"}],"wp:term":[{"taxonomy":"category","embeddable":true,"href":"https:\/\/kraios.app\/news\/wp-json\/wp\/v2\/categories?post=22155"},{"taxonomy":"post_tag","embeddable":true,"href":"https:\/\/kraios.app\/news\/wp-json\/wp\/v2\/tags?post=22155"}],"curies":[{"name":"wp","href":"https:\/\/api.w.org\/{rel}","templated":true}]}}