{"id":22099,"date":"2023-11-15T23:22:58","date_gmt":"2023-11-15T23:22:58","guid":{"rendered":"https:\/\/kraios.app\/news\/siyaset\/2023\/11\/15\/yuzde-30-buyume-hedefliyoruz-sektore-bize-guvenin\/"},"modified":"2023-11-15T23:22:58","modified_gmt":"2023-11-15T23:22:58","slug":"yuzde-30-buyume-hedefliyoruz-sektore-bize-guvenin","status":"publish","type":"post","link":"https:\/\/kraios.app\/news\/siyaset\/2023\/11\/15\/yuzde-30-buyume-hedefliyoruz-sektore-bize-guvenin\/","title":{"rendered":"Y\u00fczde 30 b\u00fcy\u00fcme hedefliyoruz. Sekt\u00f6re, bize g\u00fcvenin"},"content":{"rendered":"<p><\/p>\n<div>\n<p>K\u00fclt\u00fcr ve Turizm Bakan\u0131 Mehmet Nuri Ersoy, TBMM Plan ve B\u00fct\u00e7e Komisyonunda, Bakanl\u0131\u011f\u0131n\u0131n 2024 y\u0131l\u0131 b\u00fct\u00e7esi \u00fczerindeki g\u00f6r\u00fc\u015fmelerde milletvekillerinin soru ve ele\u015ftirilerini yan\u0131tlad\u0131.<\/p>\n<p>Ersoy, T\u00fcrkiye Turizm Tan\u0131t\u0131m ve Geli\u015ftirme Ajans\u0131 (TGA) olmadan \u00f6nce fuar a\u011f\u0131rl\u0131kl\u0131 tan\u0131t\u0131m tercih edildi\u011fini, bug\u00fcn ise T\u00fcrkiye&#8217;nin 200 \u00fclkede 400 filmle tan\u0131t\u0131m\u0131n\u0131n yap\u0131ld\u0131\u011f\u0131n\u0131 anlatt\u0131.<\/p>\n<p>TGA&#8217;ya \u00f6deme yapanlar\u0131n a\u011f\u0131rl\u0131kl\u0131 olarak sekt\u00f6r temsilcileri oldu\u011funa i\u015faret eden Ersoy, sekt\u00f6r payda\u015flar\u0131n\u0131n se\u00e7ti\u011fi temsilcilerden ajans\u0131n y\u00f6netim kurulunun olu\u015ftu\u011funu ve bu y\u00f6netim kurulunun, ajans\u0131n b\u00fct\u00e7esini belirledi\u011fini ifade etti.<\/p>\n<p>Ersoy, &#8220;Bakanl\u0131\u011f\u0131n da ajansta iki koltu\u011fu var. Katk\u0131 vermemiz gerekti\u011finde daha fazlas\u0131n\u0131, ihtiya\u00e7 oldu\u011funda veriyoruz.&#8221; diye konu\u015ftu.<\/p>\n<p>T\u00fcrkiye&#8217;nin \u00e7ok g\u00fczel bir co\u011frafyada bulundu\u011funu fakat krizlere a\u00e7\u0131k oldu\u011funu ve turizm sekt\u00f6r\u00fcn\u00fcn ba\u011f\u0131\u015f\u0131kl\u0131\u011f\u0131n\u0131 bu krizlere haz\u0131rl\u0131kl\u0131 hale getirdiklerini vurgulayan Ersoy, &#8220;Bu ba\u011f\u0131\u015f\u0131kl\u0131\u011f\u0131 sa\u011flarken a\u015f\u0131lardan en b\u00fcy\u00fc\u011f\u00fc T\u00fcrkiye Turizm Tan\u0131t\u0131m ve Geli\u015ftirme Ajans\u0131. 100 y\u0131l sonra \u00fclkemizde kuruldu bu ajans. Sekt\u00f6re &#8216;Bu ajans\u0131 iptal edece\u011fim, ne d\u00fc\u015f\u00fcn\u00fcyorsunuz?&#8217; diye sorun, ne cevap verecekler? Sekt\u00f6r istiyor bu ajans\u0131, sahipleniyor. Bu sene otelleri kay\u0131t alt\u0131na al\u0131yoruz. Otellerin ajansa kat\u0131l\u0131m pay\u0131 binde 7 bu\u00e7uktu. 1 Ocak 2024&#8217;ten itibaren binde 5&#8217;e \u00e7ektik. Asl\u0131nda bu pay ne kadar \u00e7ok olursa o kadar tan\u0131t\u0131m yapar\u0131z.&#8221; \u015feklinde konu\u015ftu.<\/p>\n<p>Turizm hedeflerinin ger\u00e7ek\u00e7i olmad\u0131\u011f\u0131 ele\u015ftirilerine Ersoy, &#8220;Orta Vadeli Program&#8217;da a\u00e7\u0131klanan hedefler fazlas\u0131yla ger\u00e7ek\u00e7i.&#8221; kar\u015f\u0131l\u0131\u011f\u0131n\u0131 verdi.<\/p>\n<p>Bakanl\u0131\u011f\u0131n\u0131n 5 y\u0131ll\u0131k s\u00fcrecinin sonunda ki\u015fi ba\u015f\u0131 gecelik harcaman\u0131n 65 dolardan 100 dolara geldi\u011fini ifade eden Ersoy, &#8220;2028&#8217;de ki\u015fi ba\u015f\u0131 gecelik harcamay\u0131 130 dolar hedefliyoruz. Y\u00fczde 30 b\u00fcy\u00fcme hedefliyoruz. Sekt\u00f6re, bize g\u00fcvenin. Bu rakam T\u00fcrkiye gibi turizm potansiyeli olan \u00fclkede hi\u00e7bir \u015feydir. \u0130nan\u0131rsak, sava\u015f\u0131rsak yapar\u0131z. Hedefleri yakalayan bir turizm \u00fclkesi olduk. T\u00fcrkiye gibi bir turizm potansiyeli olan bir \u00fclkede y\u00fczde 7 y\u0131ll\u0131k turist say\u0131s\u0131nda art\u0131\u015f \u00fctopik de\u011fil.&#8221; de\u011ferlendirmesinde bulundu.<\/p>\n<p>Bakan Ersoy, turizmin 12 aya yay\u0131lmas\u0131 noktas\u0131nda golf sahalar\u0131n\u0131n art\u0131r\u0131lmas\u0131na da kar\u015f\u0131 \u00e7\u0131k\u0131ld\u0131\u011f\u0131n\u0131 belirterek, \u015funlar\u0131 kaydetti:<\/p>\n<p>&#8220;En etkili sonu\u00e7 turizmde golften al\u0131n\u0131yor. \u00c7\u00fcnk\u00fc tam y\u00fcksek sezonu, bizim &#8216;\u00f6l\u00fc sezon&#8217; dedi\u011fimiz d\u00f6neme denk geliyor. Ben golf sahas\u0131 yapmaya \u00e7al\u0131\u015f\u0131yorum. Onun yerine &#8216;\u00e7ek \u00e7ek yeri yap\u0131n&#8217; diyor. \u00c7ek \u00e7ek yeri yapmak ne demek, tersane yapmak demek. Bakanl\u0131\u011f\u0131n tersane yap\u0131lmas\u0131na k\u0131y\u0131da izin vermesi en son olas\u0131l\u0131kt\u0131r. Her golf sahas\u0131 en az 3, 4 oteli besleyecek kapasite. Bizde toplasan\u0131z 20 tane golf sahas\u0131 var, \u00e7ok de\u011fil. Bizim rakip diye g\u00f6sterdi\u011fimiz \u00fclkelerin en az\u0131nda 400 golf sahas\u0131 var. 4 tane daha yapmak istiyoruz, demedi\u011finizi b\u0131rakm\u0131yorsunuz, bu \u015fekilde mi turizmi b\u00fcy\u00fctece\u011fiz?&#8221;<\/p>\n<p>Bakan Ersoy, Gelece\u011fi Miras Projesi&#8217;nin, arkeoloji alan\u0131nda yapt\u0131klar\u0131 en \u00f6zel \u00e7al\u0131\u015fma oldu\u011funu dile getirdi.<\/p>\n<p>Ersoy, &#8220;Y\u0131l sonuna kadar t\u00fcm kaz\u0131lara T\u00fcrk koordinat\u00f6rler at\u0131yoruz. Yabanc\u0131lar\u0131 kaz\u0131 ba\u015fkanlar\u0131n\u0131 \u00e7\u0131karm\u0131yoruz ama T\u00fcrk kaz\u0131 koordinat\u00f6rleri at\u0131yoruz hepsinin ba\u015f\u0131na. Y\u00fczde y\u00fcz bizim denetimimize girmi\u015f oluyor kaz\u0131 ba\u015fkanl\u0131klar\u0131. Bunlar\u0131 atam\u0131\u015f olmak i\u00e7in atam\u0131yoruz. Ekip ve finansman deste\u011fi veriyoruz. Son 60 y\u0131lda yap\u0131lan\u0131 gelecek 4 y\u0131lda yapmay\u0131 hangi ekip taahh\u00fct edebilir? Hangi Bakan \u00e7\u0131kar bu kadar iddial\u0131 konu\u015fur. Hocalar\u0131m\u0131z, arkeolog aray\u0131\u015f\u0131 i\u00e7erisinde, \u00e7ok yo\u011fun \u00e7al\u0131\u015fma i\u00e7erisindeler. Sit alanlar\u0131nda, arkeoloji alan\u0131nda harikalar yarat\u0131yoruz.&#8221; dedi.<\/p>\n<h3>&#8220;Tamer Karada\u011fl\u0131 \u00e7ok ba\u015far\u0131l\u0131 bir tiyatrocu&#8221;<\/h3>\n<p>S\u00fcrd\u00fcr\u00fclebilirlik konusunda Paris Antla\u015fmas\u0131&#8217;na imza att\u0131ktan sonra T\u00fcrkiye&#8217;nin \u00e7ok h\u0131zl\u0131 hareket etti\u011fini anlatan Ersoy, \u00f6zellikle konaklama sekt\u00f6r\u00fcnde yap\u0131lan yasa de\u011fi\u015fiklikleri ve protokollerle geli\u015fme kaydedildi\u011fini s\u00f6yledi.<\/p>\n<p>Bakan Ersoy, &#8220;Konaklama sekt\u00f6r\u00fcnde atm\u0131\u015f oldu\u011fumuz ad\u0131mlar sayesinde 2024 yaz sezonuna kadar b\u00fct\u00fcn tesislerimiz birinci a\u015fama s\u00fcre\u00e7lerini tamamlam\u0131\u015f olacak. Bu a\u00e7\u0131dan d\u00fcnyada \u00f6rnek g\u00f6steriliyoruz.&#8221; ifadelerini kulland\u0131.<\/p>\n<p>K\u00fclt\u00fcr Yolu Festivallerine ili\u015fkin milletvekillerinden gelen sorulara verdi\u011fi yan\u0131tta, &#8220;Hepinizden talep geldi\u011fine g\u00f6re, demek ki iyi i\u015f \u00e7\u0131kar\u0131yoruz.&#8221; diyen Ersoy, festivallerin yap\u0131laca\u011f\u0131 \u015fehirleri se\u00e7erken her b\u00f6lgeden bir ili bar\u0131nd\u0131racak \u015fekilde hareket edildi\u011fini bildirdi.<\/p>\n<p>\u00d6zel tiyatrolara ili\u015fkin ele\u015ftirilere cevap veren Ersoy, vergilerin d\u00fc\u015f\u00fcr\u00fcld\u00fc\u011f\u00fc, e\u011flence vergilerinin kald\u0131r\u0131ld\u0131\u011f\u0131 \u00f6zel tiyatrolar\u0131n, bakanl\u0131\u011f\u0131 d\u00f6neminde en yo\u011fun deste\u011fi ald\u0131\u011f\u0131n\u0131 anlatt\u0131.<\/p>\n<p>Tamer Karada\u011fl\u0131&#8217;n\u0131n Devlet Tiyatrolar\u0131 Genel M\u00fcd\u00fcrl\u00fc\u011f\u00fcne getirilmesiyle ilgili ele\u015ftiriler \u00fczerine Bakan Ersoy, &#8220;Tamer Karada\u011fl\u0131, \u00e7ok ba\u015far\u0131l\u0131 bir tiyatrocu. \u00dclke ve d\u00fcnya \u00e7ap\u0131nda kabul g\u00f6rm\u00fc\u015f bir tiyatrocu. Shakespeare&#8217;i \u0130ngilizce oynayan ben ikinci bir isim bilmiyorum T\u00fcrkiye&#8217;de, varsa bildirin. Kendisi liyakat sahibi bir insan ve sonuna kadar genel m\u00fcd\u00fcr\u00fcm\u00fcn arkas\u0131nday\u0131m. \u00c7ok ba\u015far\u0131l\u0131 i\u015fler \u00e7\u0131karaca\u011f\u0131na da ad\u0131m gibi eminim.&#8221; \u015feklinde konu\u015ftu.<\/p>\n<p>Halk plajlar\u0131n\u0131n \u00fczerinde hassasiyetle durduklar\u0131 bir konu oldu\u011funu vurgulayan Ersoy, Phaselis Antik Kenti&#8217;nde tarihi eserlerin oldu\u011fu alanda &#8220;en ufak bir \u00e7al\u0131\u015fman\u0131n&#8221; yap\u0131lmad\u0131\u011f\u0131n\u0131 bildirdi.<\/p>\n<p>&#8220;Tam tersi, tarihi eserlerin, antik \u015fehrin oldu\u011fu koyu rahatlatmak i\u00e7in bir \u00e7al\u0131\u015fma yap\u0131ld\u0131.&#8221; diyen Ersoy, g\u00fcnl\u00fck 12 bin ki\u015finin kulland\u0131\u011f\u0131 bir alana tuvalet yap\u0131ld\u0131\u011f\u0131n\u0131 s\u00f6yledi.<\/p>\n<h3>&#8220;Bu d\u00fczenleme olmazsa olmaz&#8221;<\/h3>\n<p>Konutlar\u0131n turizm ama\u00e7l\u0131 k\u0131sa s\u00fcreli kiralanmas\u0131na ili\u015fkin kanuna dair de\u011ferlendirmede bulunan ve d\u00fczenlemenin gereklili\u011fine ili\u015fkin gerek\u00e7elere de\u011finen Ersoy, &#8220;Konut i\u00e7in yap\u0131lan yerler otel gibi i\u015fletilmeye ba\u015fland\u0131\u011f\u0131 zaman zaten b\u00fct\u00fcn \u015fehrin omurgas\u0131n\u0131 bozuyorsunuz. O y\u00fczden bu d\u00fczenleme olmazsa olmaz, say\u0131 belli bir rakama \u00e7\u0131kt\u0131ktan sonra.&#8221; dedi.<\/p>\n<p>\u0130lgili kanun kapsam\u0131nda baz\u0131 alanlar i\u00e7in ayr\u0131cal\u0131k tan\u0131nd\u0131\u011f\u0131 iddialar\u0131 \u00fczerine Ersoy, &#8220;Kat plan\u0131nda \u00f6zellikle turizm ama\u00e7l\u0131 konut oldu\u011fu belirtilmi\u015fse ve bu da tapuya \u015ferh edildiyse o zaman o rezidanstan veya apartmandan konut sat\u0131n alanlar bu durumu zaten bilerek ald\u0131klar\u0131 i\u00e7in &#8216;muvafakatname gerekmez&#8217; dedik. Sekt\u00f6rden gelen bir talepti, bize de gayet makul geldi. Onun d\u0131\u015f\u0131nda bir ayr\u0131cal\u0131k, istisna tan\u0131nm\u0131\u015f de\u011fil.&#8221; de\u011ferlendirmesinde bulundu.<\/p>\n<p>S\u00f6z konusu konutlar\u0131n da ilgili vergileri \u00f6deyece\u011fini hat\u0131rlatan Ersoy, bu yerlerin online pazarlamayla konut sahibince g\u00fcnl\u00fck kiraya verildi\u011fini ancak konut sahibi, arac\u0131 vas\u0131tas\u0131yla kiraya vermek istemesi halinde bunun Bakanl\u0131\u011f\u0131n kontrol yetkisi olan acente \u00fczerinden pazarlanmas\u0131n\u0131 istediklerini anlatt\u0131.<\/p>\n<p>Haydarpa\u015fa ve Sirkeci i\u00e7in akademisyenler ve uzman ki\u015filerden olu\u015fan bir Dan\u0131\u015fma ve Bilim Kurulu olu\u015fturduklar\u0131n\u0131 an\u0131msatan Ersoy, &#8220;Haydarpa\u015fa ve Sirkeci, \u0130stanbul&#8217;un \u00e7ok b\u00fcy\u00fck ihtiyac\u0131 olan k\u00fclt\u00fcr ve sanat vahas\u0131 olacak.&#8221; diye konu\u015ftu.<\/p>\n<p>Ersoy, peribacalar\u0131yla ilgili yasalara ayk\u0131r\u0131 hareket edenlere y\u00f6nelik para cezas\u0131n\u0131n yan\u0131nda 2 y\u0131ldan 5 y\u0131la kadar hapis cezas\u0131 bulundu\u011funu hat\u0131rlatt\u0131.<\/p>\n<p>G\u00f6r\u00fc\u015fmelerin ard\u0131ndan, K\u00fclt\u00fcr ve Turizm Bakanl\u0131\u011f\u0131, Radyo ve Televizyon \u00dcst Kurulu, Devlet Opera ve Balesi Genel M\u00fcd\u00fcrl\u00fc\u011f\u00fc, Devlet Tiyatrolar\u0131 Genel M\u00fcd\u00fcrl\u00fc\u011f\u00fc, T\u00fcrkiye Yazma Eserler Kurumu Ba\u015fkanl\u0131\u011f\u0131, Vak\u0131flar Genel M\u00fcd\u00fcrl\u00fc\u011f\u00fc, T\u00fcrk \u0130\u015fbirli\u011fi ve Koordinasyon Ajans\u0131 Ba\u015fkanl\u0131\u011f\u0131, Yurtd\u0131\u015f\u0131 T\u00fcrkler ve Akraba Topluluklar Ba\u015fkanl\u0131\u011f\u0131, Atat\u00fcrk K\u00fclt\u00fcr, Dil ve Tarih Y\u00fcksek Kurumu, Atat\u00fcrk Ara\u015ft\u0131rma Merkezi, Atat\u00fcrk K\u00fclt\u00fcr Merkezi, T\u00fcrk Dil Kurumu, T\u00fcrk Tarih Kurumu, Kapadokya Alan Ba\u015fkanl\u0131\u011f\u0131, Uluda\u011f Alan Ba\u015fkanl\u0131\u011f\u0131, \u00c7anakkale Sava\u015flar\u0131 Gelibolu Tarihi Alan Ba\u015fkanl\u0131\u011f\u0131n\u0131n 2024 b\u00fct\u00e7eleri kabul edildi.<\/p>\n<p>                            <span class=\"detay-foto-editor\">&#13;<br \/>\n                                <a href=\"https:\/\/www.aa.com.tr\/tr\/p\/abonelik-talep-formu\/1001\" target=\"_blank\" style=\"font-size:12px; color:#444; text-decoration:none;\" rel=\"noopener\">&#13;<br \/>\n                                    Anadolu Ajans\u0131 web sitesinde, AA Haber Ak\u0131\u015f Sistemi (HAS) \u00fczerinden abonelere sunulan haberler, \u00f6zetlenerek yay\u0131mlanmaktad\u0131r. <b style=\"color:#1897F7\">Abonelik i\u00e7in l\u00fctfen ileti\u015fime ge\u00e7iniz.<\/b>&#13;<br \/>\n                                <\/a>&#13;<br \/>\n                            <\/span>\n                        <\/div>\n<p><script>\n\t  window.fbAsyncInit = function() {\n\t\tFB.init({\n\t\t  appId: '1855843514662870',\n\t\t  status : true, \/\/ check login status\n\t\t  cookie : true, \/\/ enable cookies to allow the server to access the session\n\t\t  xfbml  : true  \/\/ parse XFBML\n\t\t});\n\t  };<\/p>\n<p>\t  (function() {\n\t\tvar e = document.createElement('script');\n\t\te.src=\"https:\/\/connect.facebook.net\/tr_TR\/all.js\";\n\t\te.async = true;\n\t\tdocument.getElementById('fb-root').appendChild(e);\n\t  }());\n    <\/script><\/p>\n","protected":false},"excerpt":{"rendered":"<p>K\u00fclt\u00fcr ve Turizm Bakan\u0131 Mehmet Nuri Ersoy, TBMM Plan ve B\u00fct\u00e7e Komisyonunda, Bakanl\u0131\u011f\u0131n\u0131n 2024 y\u0131l\u0131 b\u00fct\u00e7esi \u00fczerindeki g\u00f6r\u00fc\u015fmelerde milletvekillerinin soru ve ele\u015ftirilerini yan\u0131tlad\u0131. Ersoy, T\u00fcrkiye Turizm Tan\u0131t\u0131m ve Geli\u015ftirme Ajans\u0131 (TGA) olmadan \u00f6nce fuar a\u011f\u0131rl\u0131kl\u0131 tan\u0131t\u0131m tercih edildi\u011fini, bug\u00fcn ise T\u00fcrkiye&#8217;nin 200 \u00fclkede 400 filmle tan\u0131t\u0131m\u0131n\u0131n yap\u0131ld\u0131\u011f\u0131n\u0131 anlatt\u0131. TGA&#8217;ya \u00f6deme yapanlar\u0131n a\u011f\u0131rl\u0131kl\u0131 olarak sekt\u00f6r temsilcileri [&hellip;]<\/p>\n","protected":false},"author":1,"featured_media":22100,"comment_status":"","ping_status":"","sticky":false,"template":"","format":"standard","meta":[],"categories":[47],"tags":[],"_links":{"self":[{"href":"https:\/\/kraios.app\/news\/wp-json\/wp\/v2\/posts\/22099"}],"collection":[{"href":"https:\/\/kraios.app\/news\/wp-json\/wp\/v2\/posts"}],"about":[{"href":"https:\/\/kraios.app\/news\/wp-json\/wp\/v2\/types\/post"}],"author":[{"embeddable":true,"href":"https:\/\/kraios.app\/news\/wp-json\/wp\/v2\/users\/1"}],"replies":[{"embeddable":true,"href":"https:\/\/kraios.app\/news\/wp-json\/wp\/v2\/comments?post=22099"}],"version-history":[{"count":0,"href":"https:\/\/kraios.app\/news\/wp-json\/wp\/v2\/posts\/22099\/revisions"}],"wp:featuredmedia":[{"embeddable":true,"href":"https:\/\/kraios.app\/news\/wp-json\/wp\/v2\/media\/22100"}],"wp:attachment":[{"href":"https:\/\/kraios.app\/news\/wp-json\/wp\/v2\/media?parent=22099"}],"wp:term":[{"taxonomy":"category","embeddable":true,"href":"https:\/\/kraios.app\/news\/wp-json\/wp\/v2\/categories?post=22099"},{"taxonomy":"post_tag","embeddable":true,"href":"https:\/\/kraios.app\/news\/wp-json\/wp\/v2\/tags?post=22099"}],"curies":[{"name":"wp","href":"https:\/\/api.w.org\/{rel}","templated":true}]}}