{"id":22083,"date":"2023-11-15T17:53:32","date_gmt":"2023-11-15T17:53:32","guid":{"rendered":"https:\/\/kraios.app\/news\/siyaset\/2023\/11\/15\/turk-askerinin-azerbaycandaki-gorev-suresini-1-yil-uzatan-cumhurbaskanligi-tezkeresi-kabul-edildi\/"},"modified":"2023-11-15T17:53:32","modified_gmt":"2023-11-15T17:53:32","slug":"turk-askerinin-azerbaycandaki-gorev-suresini-1-yil-uzatan-cumhurbaskanligi-tezkeresi-kabul-edildi","status":"publish","type":"post","link":"https:\/\/kraios.app\/news\/siyaset\/2023\/11\/15\/turk-askerinin-azerbaycandaki-gorev-suresini-1-yil-uzatan-cumhurbaskanligi-tezkeresi-kabul-edildi\/","title":{"rendered":"T\u00fcrk askerinin Azerbaycan&#8217;daki g\u00f6rev s\u00fcresini 1 y\u0131l uzatan Cumhurba\u015fkanl\u0131\u011f\u0131 tezkeresi kabul edildi"},"content":{"rendered":"<p><\/p>\n<div>\n<p style=\"margin:0px 0px 1em;padding:0px 0.2em;color:#000000;font-family:Verdana, Geneva, sans-serif;font-size:12px;font-style:normal;font-variant-ligatures:normal;font-variant-caps:normal;font-weight:400;letter-spacing:normal;orphans:2;text-align:start;text-indent:0px;text-transform:none;widows:2;word-spacing:0px;-webkit-text-stroke-width:0px;white-space:normal;text-decoration-thickness:initial;text-decoration-style:initial;text-decoration-color:initial;\">Tezkere \u00fczerinde Saadet Partisi Grubu ad\u0131na s\u00f6z alan Kocaeli Milletvekili Hasan Bitmez, \u0130srail&#8217;in Gazze&#8217;deki sald\u0131r\u0131lar\u0131n\u0131 k\u0131nad\u0131.<\/p>\n<p style=\"margin:0px 0px 1em;padding:0px 0.2em;color:#000000;font-family:Verdana, Geneva, sans-serif;font-size:12px;font-style:normal;font-variant-ligatures:normal;font-variant-caps:normal;font-weight:400;letter-spacing:normal;orphans:2;text-align:start;text-indent:0px;text-transform:none;widows:2;word-spacing:0px;-webkit-text-stroke-width:0px;white-space:normal;text-decoration-thickness:initial;text-decoration-style:initial;text-decoration-color:initial;\">Filistin&#8217;e destek olacak her eylemi onaylayacaklar\u0131n\u0131 ifade eden Bitmez, iktidar\u0131n do\u011fruyu yapman\u0131n gayreti i\u00e7inde olmad\u0131\u011f\u0131n\u0131 savundu.<\/p>\n<p style=\"margin:0px 0px 1em;padding:0px 0.2em;color:#000000;font-family:Verdana, Geneva, sans-serif;font-size:12px;font-style:normal;font-variant-ligatures:normal;font-variant-caps:normal;font-weight:400;letter-spacing:normal;orphans:2;text-align:start;text-indent:0px;text-transform:none;widows:2;word-spacing:0px;-webkit-text-stroke-width:0px;white-space:normal;text-decoration-thickness:initial;text-decoration-style:initial;text-decoration-color:initial;\">\u0130ktidar\u0131n \u0130srail ile diplomatik ili\u015fkileri kesmesini isteyen Bitmez, T\u00fcrkiye&#8217;nin limanlar\u0131ndan \u0130srail&#8217;e petrol ile meyve ve sebze sevk edildi\u011fini \u00f6ne s\u00fcrd\u00fc.<\/p>\n<p style=\"margin:0px 0px 1em;padding:0px 0.2em;color:#000000;font-family:Verdana, Geneva, sans-serif;font-size:12px;font-style:normal;font-variant-ligatures:normal;font-variant-caps:normal;font-weight:400;letter-spacing:normal;orphans:2;text-align:start;text-indent:0px;text-transform:none;widows:2;word-spacing:0px;-webkit-text-stroke-width:0px;white-space:normal;text-decoration-thickness:initial;text-decoration-style:initial;text-decoration-color:initial;\">\u0130Y\u0130 Parti \u0130stanbul Milletvekili Mehmet Satuk Bu\u011fra Kavuncu, &#8220;\u0130Y\u0130 Parti olarak TSK&#8217;nin Azerbaycan&#8217;daki g\u00f6rev s\u00fcresinin bir y\u0131l uzat\u0131lmas\u0131na y\u00f6nelik tezkereye elbette ki &#8216;evet&#8217; diyece\u011fiz. Buradaki tezkerede g\u00f6rev s\u00fcresi bir y\u0131l olarak belirtilse de Azerbaycan&#8217;daki tarihi sorumlulu\u011fumuz T\u00fcrk milleti ya\u015fad\u0131k\u00e7a sonsuza kadar var olacakt\u0131r.&#8221; dedi.<\/p>\n<p style=\"margin:0px 0px 1em;padding:0px 0.2em;color:#000000;font-family:Verdana, Geneva, sans-serif;font-size:12px;font-style:normal;font-variant-ligatures:normal;font-variant-caps:normal;font-weight:400;letter-spacing:normal;orphans:2;text-align:start;text-indent:0px;text-transform:none;widows:2;word-spacing:0px;-webkit-text-stroke-width:0px;white-space:normal;text-decoration-thickness:initial;text-decoration-style:initial;text-decoration-color:initial;\">Azerbaycan&#8217;\u0131n her zaman yan\u0131nda olacaklar\u0131n\u0131 dile getiren Kavuncu, Azerbaycan&#8217;\u0131n ve T\u00fcrkiye&#8217;nin birlikteli\u011finin hayati oldu\u011funu, her t\u00fcrl\u00fc siyasi tart\u0131\u015fman\u0131n \u00f6tesinde bulundu\u011funu vurgulad\u0131.<\/p>\n<p style=\"margin:0px 0px 1em;padding:0px 0.2em;color:#000000;font-family:Verdana, Geneva, sans-serif;font-size:12px;font-style:normal;font-variant-ligatures:normal;font-variant-caps:normal;font-weight:400;letter-spacing:normal;orphans:2;text-align:start;text-indent:0px;text-transform:none;widows:2;word-spacing:0px;-webkit-text-stroke-width:0px;white-space:normal;text-decoration-thickness:initial;text-decoration-style:initial;text-decoration-color:initial;\">Kuzey K\u0131br\u0131s T\u00fcrk Cumhuriyeti (KKTC) Cumhurba\u015fkan\u0131 Ersin Tatar&#8217;\u0131n Azerbaycan&#8217;da temaslarda bulundu\u011funu hat\u0131rlatan Kavuncu, KKTC&#8217;nin T\u00fcrk d\u00fcnyas\u0131ndaki konumunun g\u00fc\u00e7lendirilmesinde Azerbaycan&#8217;\u0131n hayati rol oynayaca\u011f\u0131n\u0131 belirtti.<\/p>\n<h3>&#8220;Karaba\u011f zaferi, mazlum co\u011frafyalarda yeni umudun ba\u015flang\u0131c\u0131 olmu\u015ftur&#8221;<\/h3>\n<p style=\"margin:0px 0px 1em;padding:0px 0.2em;color:#000000;font-family:Verdana, Geneva, sans-serif;font-size:12px;font-style:normal;font-variant-ligatures:normal;font-variant-caps:normal;font-weight:400;letter-spacing:normal;orphans:2;text-align:start;text-indent:0px;text-transform:none;widows:2;word-spacing:0px;-webkit-text-stroke-width:0px;white-space:normal;text-decoration-thickness:initial;text-decoration-style:initial;text-decoration-color:initial;\">MHP Kayseri Milletvekili \u0130smail \u00d6zdemir, Azerbaycan&#8217;\u0131n, T\u00fcrkiye&#8217;nin verdi\u011fi destekle oyunlar\u0131 bo\u015fa \u00e7\u0131kard\u0131\u011f\u0131n\u0131, Azerbaycan topraklar\u0131ndaki i\u015fgalin son buldu\u011funu s\u00f6yledi.<\/p>\n<p style=\"margin:0px 0px 1em;padding:0px 0.2em;color:#000000;font-family:Verdana, Geneva, sans-serif;font-size:12px;font-style:normal;font-variant-ligatures:normal;font-variant-caps:normal;font-weight:400;letter-spacing:normal;orphans:2;text-align:start;text-indent:0px;text-transform:none;widows:2;word-spacing:0px;-webkit-text-stroke-width:0px;white-space:normal;text-decoration-thickness:initial;text-decoration-style:initial;text-decoration-color:initial;\">\u00d6zdemir, &#8220;Karaba\u011f zaferi, mazlum co\u011frafyalarda yeni umdun ba\u015flang\u0131c\u0131 olmu\u015ftur, T\u00fcrkl\u00fc\u011f\u00fcn lehine sonu\u00e7lar do\u011furmu\u015ftur. D\u00fcnyan\u0131n farkl\u0131 yerlerinde zulme u\u011frayanlar\u0131n T\u00fcrk&#8217;e olan g\u00fcvenini peki\u015ftirmi\u015ftir.&#8221; diye konu\u015ftu.<\/p>\n<p style=\"margin:0px 0px 1em;padding:0px 0.2em;color:#000000;font-family:Verdana, Geneva, sans-serif;font-size:12px;font-style:normal;font-variant-ligatures:normal;font-variant-caps:normal;font-weight:400;letter-spacing:normal;orphans:2;text-align:start;text-indent:0px;text-transform:none;widows:2;word-spacing:0px;-webkit-text-stroke-width:0px;white-space:normal;text-decoration-thickness:initial;text-decoration-style:initial;text-decoration-color:initial;\">Ermenistan&#8217;\u0131n verdi\u011fi s\u00f6zleri tutmad\u0131\u011f\u0131n\u0131 ve zaman zaman ate\u015fkesi ihlal etti\u011fini hat\u0131rlatan \u00d6zdemir, 19 Eyl\u00fcl 2023&#8217;te Azerbaycan ordusunun anti-ter\u00f6r operasyonunu ba\u015flatt\u0131\u011f\u0131n\u0131 ve yeni bir zafer kazan\u0131ld\u0131\u011f\u0131n\u0131 dile getirdi.<\/p>\n<p style=\"margin:0px 0px 1em;padding:0px 0.2em;color:#000000;font-family:Verdana, Geneva, sans-serif;font-size:12px;font-style:normal;font-variant-ligatures:normal;font-variant-caps:normal;font-weight:400;letter-spacing:normal;orphans:2;text-align:start;text-indent:0px;text-transform:none;widows:2;word-spacing:0px;-webkit-text-stroke-width:0px;white-space:normal;text-decoration-thickness:initial;text-decoration-style:initial;text-decoration-color:initial;\">MHP&#8217;li \u00d6zdemir, Karaba\u011f ile ilgili verilen m\u00fccadelenin amac\u0131na ula\u015ft\u0131\u011f\u0131n\u0131, T\u00fcrk askerinin varl\u0131\u011f\u0131n\u0131n \u00f6nemli bir garanti oldu\u011funu vurgulad\u0131.<\/p>\n<p style=\"margin:0px 0px 1em;padding:0px 0.2em;color:#000000;font-family:Verdana, Geneva, sans-serif;font-size:12px;font-style:normal;font-variant-ligatures:normal;font-variant-caps:normal;font-weight:400;letter-spacing:normal;orphans:2;text-align:start;text-indent:0px;text-transform:none;widows:2;word-spacing:0px;-webkit-text-stroke-width:0px;white-space:normal;text-decoration-thickness:initial;text-decoration-style:initial;text-decoration-color:initial;\">T\u00fcrk&#8217;\u00fcn iradesinin bar\u0131\u015f\u0131n teminat\u0131 anlam\u0131na geldi\u011fini ifade eden \u00d6zdemir, t\u00fcm co\u011frafyalarda gerilimi t\u0131rmand\u0131r\u0131c\u0131 faaliyetlere kar\u015f\u0131 olduklar\u0131n\u0131n alt\u0131n\u0131 \u00e7izdi.<\/p>\n<h3>&#8220;T\u00fcrkiye, her t\u00fcrl\u00fc katk\u0131y\u0131 vermeye haz\u0131rd\u0131r&#8221;<\/h3>\n<p style=\"margin:0px 0px 1em;padding:0px 0.2em;color:#000000;font-family:Verdana, Geneva, sans-serif;font-size:12px;font-style:normal;font-variant-ligatures:normal;font-variant-caps:normal;font-weight:400;letter-spacing:normal;orphans:2;text-align:start;text-indent:0px;text-transform:none;widows:2;word-spacing:0px;-webkit-text-stroke-width:0px;white-space:normal;text-decoration-thickness:initial;text-decoration-style:initial;text-decoration-color:initial;\">CHP Eski\u015fehir Milletvekili Utku \u00c7ak\u0131r\u00f6zer, T\u00fcrkiye-Azerbaycan aras\u0131nda e\u015fine rastlanmayacak karde\u015flik ba\u011f\u0131n\u0131n bulundu\u011funu belirtti.<\/p>\n<p style=\"margin:0px 0px 1em;padding:0px 0.2em;color:#000000;font-family:Verdana, Geneva, sans-serif;font-size:12px;font-style:normal;font-variant-ligatures:normal;font-variant-caps:normal;font-weight:400;letter-spacing:normal;orphans:2;text-align:start;text-indent:0px;text-transform:none;widows:2;word-spacing:0px;-webkit-text-stroke-width:0px;white-space:normal;text-decoration-thickness:initial;text-decoration-style:initial;text-decoration-color:initial;\">Azerbaycan&#8217;\u0131n, Ermenistan&#8217;\u0131n hukuksuz i\u015fgali alt\u0131ndaki topraklar\u0131n\u0131 kurtard\u0131\u011f\u0131n\u0131 ifade eden \u00c7ak\u0131r\u00f6zer, Azerbaycan&#8217;\u0131n zaferini kutlad\u0131.<\/p>\n<p style=\"margin:0px 0px 1em;padding:0px 0.2em;color:#000000;font-family:Verdana, Geneva, sans-serif;font-size:12px;font-style:normal;font-variant-ligatures:normal;font-variant-caps:normal;font-weight:400;letter-spacing:normal;orphans:2;text-align:start;text-indent:0px;text-transform:none;widows:2;word-spacing:0px;-webkit-text-stroke-width:0px;white-space:normal;text-decoration-thickness:initial;text-decoration-style:initial;text-decoration-color:initial;\">B\u00f6lgede \u00f6nceli\u011fin kal\u0131c\u0131 bar\u0131\u015f olmas\u0131 gerekti\u011finin alt\u0131n\u0131 \u00e7izen \u00c7ak\u0131r\u00f6zer, bar\u0131\u015f\u0131 Ermenistan ve Azerbaycan&#8217;\u0131n istemesi gerekti\u011fini s\u00f6yledi.<\/p>\n<p style=\"margin:0px 0px 1em;padding:0px 0.2em;color:#000000;font-family:Verdana, Geneva, sans-serif;font-size:12px;font-style:normal;font-variant-ligatures:normal;font-variant-caps:normal;font-weight:400;letter-spacing:normal;orphans:2;text-align:start;text-indent:0px;text-transform:none;widows:2;word-spacing:0px;-webkit-text-stroke-width:0px;white-space:normal;text-decoration-thickness:initial;text-decoration-style:initial;text-decoration-color:initial;\">Tezkere olumlu oy kullanacaklar\u0131n\u0131 bildiren \u00c7ak\u0131r\u00f6zer, &#8220;Bir millet iki devlet \u015fiar\u0131yla g\u00f6rd\u00fc\u011f\u00fcm\u00fcz can Azerbaycan\u0131m\u0131za, Azerbaycanl\u0131 karde\u015flerimize bug\u00fcne kadar en g\u00fc\u00e7l\u00fc deste\u011fi veren T\u00fcrkiye, T\u00fcrk milleti, bundan sonra da t\u00fcm haklar\u0131n savunulabilmesi i\u00e7in her t\u00fcrl\u00fc katk\u0131y\u0131, deste\u011fi vermeye haz\u0131rd\u0131r.&#8221; \u015feklinde konu\u015ftu.<\/p>\n<h3>&#8220;T\u00fcrkiye ve Azerbaycan tek y\u00fcrektir&#8221;<\/h3>\n<p style=\"margin:0px 0px 1em;padding:0px 0.2em;color:#000000;font-family:Verdana, Geneva, sans-serif;font-size:12px;font-style:normal;font-variant-ligatures:normal;font-variant-caps:normal;font-weight:400;letter-spacing:normal;orphans:2;text-align:start;text-indent:0px;text-transform:none;widows:2;word-spacing:0px;-webkit-text-stroke-width:0px;white-space:normal;text-decoration-thickness:initial;text-decoration-style:initial;text-decoration-color:initial;\">TBMM Adalet Komisyonu Ba\u015fkan\u0131 ve AK Parti \u0130stanbul Milletvekili C\u00fcneyt Y\u00fcksel, \u0130srail&#8217;in Gazze&#8217;deki sald\u0131r\u0131lar\u0131nda \u00e7ok say\u0131da sivilin hayat\u0131n\u0131 kaybetti\u011fini belirtti.<\/p>\n<p style=\"margin:0px 0px 1em;padding:0px 0.2em;color:#000000;font-family:Verdana, Geneva, sans-serif;font-size:12px;font-style:normal;font-variant-ligatures:normal;font-variant-caps:normal;font-weight:400;letter-spacing:normal;orphans:2;text-align:start;text-indent:0px;text-transform:none;widows:2;word-spacing:0px;-webkit-text-stroke-width:0px;white-space:normal;text-decoration-thickness:initial;text-decoration-style:initial;text-decoration-color:initial;\">Gazze&#8217;de ya\u015fayanlar\u0131n, sald\u0131r\u0131lar\u0131n yan\u0131 s\u0131ra a\u00e7l\u0131k ve susuzluk nedeniyle \u00f6l\u00fcme mahkum edildi\u011fini, soyk\u0131r\u0131m yap\u0131ld\u0131\u011f\u0131n\u0131, hastanelerin kasten hedef al\u0131nd\u0131\u011f\u0131n\u0131 vurgulayan Y\u00fcksel, d\u00fcnyan\u0131n harekete ge\u00e7mek zorunda oldu\u011funu ifade etti.<\/p>\n<p style=\"margin:0px 0px 1em;padding:0px 0.2em;color:#000000;font-family:Verdana, Geneva, sans-serif;font-size:12px;font-style:normal;font-variant-ligatures:normal;font-variant-caps:normal;font-weight:400;letter-spacing:normal;orphans:2;text-align:start;text-indent:0px;text-transform:none;widows:2;word-spacing:0px;-webkit-text-stroke-width:0px;white-space:normal;text-decoration-thickness:initial;text-decoration-style:initial;text-decoration-color:initial;\">T\u00fcrkiye&#8217;nin, Azerbaycan&#8217;da ya\u015fananlara hi\u00e7bir zaman kay\u0131ts\u0131z kalmad\u0131\u011f\u0131n\u0131 dile getiren Y\u00fcksel, &#8220;T\u00fcrkiye ve Azerbaycan bir millet iki devlettir, tek y\u00fcrektir. T\u00fcrkiye, Azerbaycan&#8217;\u0131n oldu\u011fu her yerdedir. Azerbaycan&#8217;\u0131n menfaatleri T\u00fcrkiye&#8217;nin de menfaatleridir.&#8221; dedi.<\/p>\n<p style=\"margin:0px 0px 1em;padding:0px 0.2em;color:#000000;font-family:Verdana, Geneva, sans-serif;font-size:12px;font-style:normal;font-variant-ligatures:normal;font-variant-caps:normal;font-weight:400;letter-spacing:normal;orphans:2;text-align:start;text-indent:0px;text-transform:none;widows:2;word-spacing:0px;-webkit-text-stroke-width:0px;white-space:normal;text-decoration-thickness:initial;text-decoration-style:initial;text-decoration-color:initial;\">T\u00fcrk askerinin Karaba\u011f&#8217;daki varl\u0131\u011f\u0131yla esenli\u011fin teminat\u0131 oldu\u011funa i\u015faret eden Y\u00fcksel, Ermenistan&#8217;\u0131n, Azerbaycan topraklar\u0131ndaki emellerinden sonsuza kadar vazge\u00e7mesi gerekti\u011fini dile getirdi. C\u00fcneyt Y\u00fcksel, \u015funlar\u0131 kaydetti:<\/p>\n<p style=\"margin:0px 0px 1em;padding:0px 0.2em;color:#000000;font-family:Verdana, Geneva, sans-serif;font-size:12px;font-style:normal;font-variant-ligatures:normal;font-variant-caps:normal;font-weight:400;letter-spacing:normal;orphans:2;text-align:start;text-indent:0px;text-transform:none;widows:2;word-spacing:0px;-webkit-text-stroke-width:0px;white-space:normal;text-decoration-thickness:initial;text-decoration-style:initial;text-decoration-color:initial;\">&#8220;Cumhuriyetimizin ikinci asr\u0131 T\u00fcrkiye Y\u00fczy\u0131l\u0131 olaca\u011f\u0131 gibi T\u00fcrk devletlerinin ve T\u00fcrk d\u00fcnyas\u0131n\u0131n da asr\u0131 olacakt\u0131r. Hem Azerbaycan hem de KKTC T\u00fcrkiye Y\u00fczy\u0131l\u0131&#8217;nda daha da g\u00fc\u00e7lenerek varl\u0131\u011f\u0131n\u0131 s\u00fcrd\u00fcrecektir. T\u00fcrk askerlerinin b\u00f6lgedeki mevcudiyeti, g\u00f6rev ald\u0131\u011f\u0131 her yerde oldu\u011fu gibi son \u00fc\u00e7 y\u0131l boyunca Karaba\u011f&#8217;da da huzurun teminat\u0131 olmu\u015ftur. Azerbaycan&#8217;\u0131n T\u00fcrk askerine verdi\u011fi de\u011fer ve g\u00f6sterdi\u011fi ihtimam da bunu teyit etmektedir.&#8221;<\/p>\n<p style=\"margin:0px 0px 1em;padding:0px 0.2em;color:#000000;font-family:Verdana, Geneva, sans-serif;font-size:12px;font-style:normal;font-variant-ligatures:normal;font-variant-caps:normal;font-weight:400;letter-spacing:normal;orphans:2;text-align:start;text-indent:0px;text-transform:none;widows:2;word-spacing:0px;-webkit-text-stroke-width:0px;white-space:normal;text-decoration-thickness:initial;text-decoration-style:initial;text-decoration-color:initial;\">G\u00f6r\u00fc\u015fmelerin ard\u0131ndan TSK&#8217;n\u0131n Azerbaycan&#8217;daki g\u00f6rev s\u00fcresinin 17 Kas\u0131m&#8217;dan itibaren 1 y\u0131l uzat\u0131lmas\u0131na y\u00f6nelik Cumhurba\u015fkanl\u0131\u011f\u0131 tezkeresi, kabul edildi.<\/p>\n<p>\n                            <span class=\"detay-foto-editor\">&#13;<br \/>\n                                <a href=\"https:\/\/www.aa.com.tr\/tr\/p\/abonelik-talep-formu\/1001\" target=\"_blank\" style=\"font-size:12px; color:#444; text-decoration:none;\" rel=\"noopener\">&#13;<br \/>\n                                    Anadolu Ajans\u0131 web sitesinde, AA Haber Ak\u0131\u015f Sistemi (HAS) \u00fczerinden abonelere sunulan haberler, \u00f6zetlenerek yay\u0131mlanmaktad\u0131r. <b style=\"color:#1897F7\">Abonelik i\u00e7in l\u00fctfen ileti\u015fime ge\u00e7iniz.<\/b>&#13;<br \/>\n                                <\/a>&#13;<br \/>\n                            <\/span>\n                        <\/div>\n<p><script>\n\t  window.fbAsyncInit = function() {\n\t\tFB.init({\n\t\t  appId: '1855843514662870',\n\t\t  status : true, \/\/ check login status\n\t\t  cookie : true, \/\/ enable cookies to allow the server to access the session\n\t\t  xfbml  : true  \/\/ parse XFBML\n\t\t});\n\t  };<\/p>\n<p>\t  (function() {\n\t\tvar e = document.createElement('script');\n\t\te.src=\"https:\/\/connect.facebook.net\/tr_TR\/all.js\";\n\t\te.async = true;\n\t\tdocument.getElementById('fb-root').appendChild(e);\n\t  }());\n    <\/script><\/p>\n","protected":false},"excerpt":{"rendered":"<p>Tezkere \u00fczerinde Saadet Partisi Grubu ad\u0131na s\u00f6z alan Kocaeli Milletvekili Hasan Bitmez, \u0130srail&#8217;in Gazze&#8217;deki sald\u0131r\u0131lar\u0131n\u0131 k\u0131nad\u0131. Filistin&#8217;e destek olacak her eylemi onaylayacaklar\u0131n\u0131 ifade eden Bitmez, iktidar\u0131n do\u011fruyu yapman\u0131n gayreti i\u00e7inde olmad\u0131\u011f\u0131n\u0131 savundu. \u0130ktidar\u0131n \u0130srail ile diplomatik ili\u015fkileri kesmesini isteyen Bitmez, T\u00fcrkiye&#8217;nin limanlar\u0131ndan \u0130srail&#8217;e petrol ile meyve ve sebze sevk edildi\u011fini \u00f6ne s\u00fcrd\u00fc. \u0130Y\u0130 Parti \u0130stanbul [&hellip;]<\/p>\n","protected":false},"author":1,"featured_media":22084,"comment_status":"","ping_status":"","sticky":false,"template":"","format":"standard","meta":[],"categories":[47],"tags":[],"_links":{"self":[{"href":"https:\/\/kraios.app\/news\/wp-json\/wp\/v2\/posts\/22083"}],"collection":[{"href":"https:\/\/kraios.app\/news\/wp-json\/wp\/v2\/posts"}],"about":[{"href":"https:\/\/kraios.app\/news\/wp-json\/wp\/v2\/types\/post"}],"author":[{"embeddable":true,"href":"https:\/\/kraios.app\/news\/wp-json\/wp\/v2\/users\/1"}],"replies":[{"embeddable":true,"href":"https:\/\/kraios.app\/news\/wp-json\/wp\/v2\/comments?post=22083"}],"version-history":[{"count":0,"href":"https:\/\/kraios.app\/news\/wp-json\/wp\/v2\/posts\/22083\/revisions"}],"wp:featuredmedia":[{"embeddable":true,"href":"https:\/\/kraios.app\/news\/wp-json\/wp\/v2\/media\/22084"}],"wp:attachment":[{"href":"https:\/\/kraios.app\/news\/wp-json\/wp\/v2\/media?parent=22083"}],"wp:term":[{"taxonomy":"category","embeddable":true,"href":"https:\/\/kraios.app\/news\/wp-json\/wp\/v2\/categories?post=22083"},{"taxonomy":"post_tag","embeddable":true,"href":"https:\/\/kraios.app\/news\/wp-json\/wp\/v2\/tags?post=22083"}],"curies":[{"name":"wp","href":"https:\/\/api.w.org\/{rel}","templated":true}]}}