{"id":19626,"date":"2023-10-24T16:40:43","date_gmt":"2023-10-24T16:40:43","guid":{"rendered":"https:\/\/kraios.app\/news\/siyaset\/2023\/10\/24\/isvecin-natoya-katilimi-pragdan-donunce-disisleri-komisyonuna-gonderecegim\/"},"modified":"2023-10-24T16:40:43","modified_gmt":"2023-10-24T16:40:43","slug":"isvecin-natoya-katilimi-pragdan-donunce-disisleri-komisyonuna-gonderecegim","status":"publish","type":"post","link":"https:\/\/kraios.app\/news\/siyaset\/2023\/10\/24\/isvecin-natoya-katilimi-pragdan-donunce-disisleri-komisyonuna-gonderecegim\/","title":{"rendered":"(\u0130sve\u00e7&#8217;in NATO&#8217;ya kat\u0131l\u0131m\u0131) Prag&#8217;dan d\u00f6n\u00fcnce D\u0131\u015fi\u015fleri Komisyonu&#8217;na g\u00f6nderece\u011fim"},"content":{"rendered":"<p><\/p>\n<div>\n<p>TBMM Ba\u015fkan\u0131 Numan Kurtulmu\u015f, d\u00fcn TBMM&#8217;ye sevk edilen \u0130sve\u00e7&#8217;in NATO&#8217;ya kat\u0131l\u0131m protokol\u00fcne ili\u015fkin, &#8220;Bu ak\u015fam T\u00fcrkiye&#8217;ye d\u00f6n\u00fcyorum. D\u00f6ner d\u00f6nmez D\u0131\u015fi\u015fleri Komisyonuna g\u00f6nderece\u011fiz. \u00dcmit ediyorum ki en k\u0131sa s\u00fcre i\u00e7inde TBMM Genel Kuruluna gelecek ve milletvekillerimiz kararlar\u0131n\u0131 verecektir.&#8221; dedi.<\/p>\n<p>Kurtulmu\u015f, K\u0131r\u0131m Platformu 2&#8217;nci Parlamenter Zirvesine kat\u0131lmak \u00fczere bulundu\u011fu \u00c7ekya&#8217;n\u0131n ba\u015fkenti Prag&#8217;da, AA muhabirinin sorular\u0131n\u0131 yan\u0131tlad\u0131.<\/p>\n<p>&#8220;T\u00fcrkiye, K\u0131r\u0131m Platformu&#8217;nun te\u015fkilini en ba\u015f\u0131ndan beri destekledi ve ger\u00e7ekle\u015ftirilen iki zirveye de \u00fcst d\u00fczey kat\u0131l\u0131m sa\u011flad\u0131. T\u00fcrkiye&#8217;nin bu yakla\u015f\u0131m\u0131n\u0131n temelinde ne var?&#8221; sorusu \u00fczerine Kurtulmu\u015f, K\u0131r\u0131m Platformu Parlamenter Zirvesi&#8217;nin ikincisinin d\u00fczenlendi\u011fini, T\u00fcrkiye&#8217;nin bu zirveye ba\u015f\u0131ndan beri destek verdi\u011fini s\u00f6yledi.<\/p>\n<p>K\u0131r\u0131m Tatar\u0131 T\u00fcrkler ile bir g\u00f6n\u00fcl ba\u011flar\u0131n\u0131n oldu\u011funu vurgulayan Kurtulmu\u015f, &#8220;B\u00fcy\u00fck ac\u0131lar \u00e7ektiler, 1944&#8217;te Stalin d\u00f6neminde b\u00fcy\u00fck s\u00fcrg\u00fcne g\u00f6nderildiler. Tam yeniden kedilerini bulduklar\u0131, ba\u011f\u0131ms\u0131zl\u0131klar\u0131n\u0131 bir \u015fekilde temin ettiklerinde bu sefer de Rusya&#8217;n\u0131n ilhak\u0131yla K\u0131r\u0131m, yeni ac\u0131lar\u0131n i\u00e7erisine girdi. Biz bu anlamda uluslararas\u0131 camiada K\u0131r\u0131m&#8217;a verilen bu deste\u011fi \u00e7ok \u00f6nemli ve anlaml\u0131 buluyoruz. T\u00fcrkiye olarak da ba\u015f\u0131ndan itibaren K\u0131r\u0131m Platformuna ve bu \u00e7er\u00e7evede yap\u0131lan m\u00fczakerelere destek veriyoruz.&#8221; diye konu\u015ftu.<\/p>\n<p>K\u0131r\u0131m&#8217;\u0131n ilhak\u0131n\u0131 ba\u015f\u0131ndan itibaren kabul etmediklerini hat\u0131rlatan Kurtulmu\u015f, bundan sonra da ilhak\u0131 tan\u0131mayacaklar\u0131n\u0131 kaydetti.<\/p>\n<p>Kurtulmu\u015f, Ukrayna&#8217;n\u0131n di\u011fer b\u00f6lgelerinin de ilhak edilmesi meselesini uluslararas\u0131 hukuka ayk\u0131r\u0131 bulduklar\u0131n\u0131 ifade ederek, \u015f\u00f6yle konu\u015ftu:<\/p>\n<p>&#8220;Bu pozisyonumuzu korurken T\u00fcrkiye olarak di\u011fer \u00fclkelerden farkl\u0131la\u015ft\u0131\u011f\u0131m\u0131z nokta \u015furas\u0131. Rusya ile de Ukrayna ile de konu\u015fabilen nerdeyse b\u00f6lgedeki tek \u00fclke olarak T\u00fcrkiye bir an evvel sava\u015f\u0131n sona erdirilmesi, taraflar aras\u0131nda adil ve kal\u0131c\u0131 bar\u0131\u015f\u0131n bulunabilmesi i\u00e7in elindeki b\u00fct\u00fcn imkanlar\u0131 seferber ediyor. Bizim meselemiz, b\u00f6lgesel olarak da yay\u0131lma potansiyeli ta\u015f\u0131yan Rusya-Ukrayna sava\u015f\u0131n\u0131n ve belki de yeni k\u00fcresel \u00e7at\u0131\u015fmalar\u0131n da fitilini ate\u015fleyebilecek bu sava\u015f\u0131n bir an evvel durdurulmas\u0131d\u0131r. Bir tek insan\u0131n bile \u00f6ld\u00fcr\u00fclmesi bu sava\u015f\u0131 durdurmam\u0131z i\u00e7in yeterli bir sebeptir. Hem K\u0131r\u0131m&#8217;a sonuna kadar destek veriyoruz hem Ukrayna&#8217;n\u0131n toprak b\u00fct\u00fcnl\u00fc\u011f\u00fcn\u00fc savunuyoruz ama ayn\u0131 zamanda bir an evvel adil ve kal\u0131c\u0131 bir bar\u0131\u015f\u0131n sa\u011flanabilmesi i\u00e7in m\u00fccadele ediyoruz.&#8221;<\/p>\n<p>T\u00fcrkiye&#8217;nin bu pozisyonu dolay\u0131s\u0131yla zaman zaman net sonu\u00e7lar ald\u0131\u011f\u0131n\u0131 s\u00f6yleyen Kurtulmu\u015f, Tah\u0131l Koridoru&#8217;nun a\u00e7\u0131k tutulmas\u0131n\u0131n b\u00fct\u00fcn\u00fcyle T\u00fcrkiye&#8217;nin, Cumhurba\u015fkan\u0131 Recep Tayyip Erdo\u011fan&#8217;\u0131n inisiyatifleriyle, Birle\u015fmi\u015f Milletlerle ortaya koydu\u011fu \u00e7abalarla ger\u00e7ekle\u015fti\u011fini an\u0131msatt\u0131. Esir takaslar\u0131n\u0131n da zaman zaman m\u00fcmk\u00fcn oldu\u011funu g\u00f6rd\u00fcklerini kaydeden Kurtulmu\u015f, bu anlamda T\u00fcrkiye&#8217;nin, pozisyonunu korumaya devam edece\u011fini ayn\u0131 zamanda da K\u0131r\u0131m&#8217;\u0131n ilhak\u0131n\u0131 tan\u0131mad\u0131\u011f\u0131n\u0131 her platformda dile getirece\u011fini bildirdi.<\/p>\n<p>Zirveden beklentilerinin sorulmas\u0131 \u00fczerine Kurtulmu\u015f, &#8220;M\u00fchim olan uluslararas\u0131 dayan\u0131\u015fman\u0131n ortaya konulmas\u0131. Bu t\u00fcr toplant\u0131lardan hemen birebir sonu\u00e7 \u00e7\u0131kmas\u0131 m\u00fcmk\u00fcn de\u011fil. Burada T\u00fcrkiye olarak bizim amac\u0131m\u0131z bunlar\u0131n \u00fczerinden pozisyonumuzu d\u00fcnya kamuoyuna ilan etmek ama ayn\u0131 zamanda da bar\u0131\u015f\u0131n temin edilmesi i\u00e7in gayret sarf etmektir.&#8221; de\u011ferlendirmesinde bulundu.<\/p>\n<h3>&#8220;D\u00fcnya bu insanl\u0131k dram\u0131na sessiz kalmamal\u0131&#8221;<\/h3>\n<p>Kurtulmu\u015f, \u0130srail-Filistin \u00e7at\u0131\u015fmas\u0131na ili\u015fkin y\u00fcr\u00fct\u00fclen diplomasi \u00e7al\u0131\u015fmalar\u0131n\u0131 K\u0131r\u0131m Platformu 2&#8217;nci Parlamenter Zirvesi&#8217;nde de s\u00fcrd\u00fcrd\u00fc\u011f\u00fcn\u00fc s\u00f6yledi.<\/p>\n<p>Genel Kurul oturumunda baz\u0131 konular\u0131n alt\u0131n\u0131 \u00e7izdi\u011fini anlatan Kurtulmu\u015f, &#8220;Ukrayna ve K\u0131r\u0131m meselesindeki pozisyonumuzu devam ettirirken ayn\u0131 zamanda \u0130srail ve Filistin aras\u0131nda devam eden \u00e7at\u0131\u015fmalar\u0131n da bir ba\u015fka geni\u015fleme potansiyeli olan \u00e7at\u0131\u015fma oldu\u011funun alt\u0131n\u0131 \u00e7iziyoruz. Nas\u0131l ki Ukrayna&#8217;n\u0131n uluslararas\u0131 s\u0131n\u0131rlar\u0131n\u0131 benimsiyorsak ayn\u0131 \u015fekilde 1967&#8217;de \u00e7izilmi\u015f olan Filistin&#8217;in s\u0131n\u0131rlar\u0131n\u0131 da tan\u0131mak herhalde uluslararas\u0131 camian\u0131n temel meselelerinden birisidir.&#8221; \u015feklinde konu\u015ftu.<\/p>\n<p>Ukrayna&#8217;da sivillerin \u00f6lmesine kar\u015f\u0131 \u00e7\u0131kt\u0131klar\u0131 gibi Filistin&#8217;de de 5 bini a\u015fk\u0131n masum insan\u0131n \u00f6ld\u00fcr\u00fclmesine kar\u015f\u0131 \u00e7\u0131kt\u0131klar\u0131n\u0131 belirten Kurtulmu\u015f, \u015f\u00f6yle devam etti:<\/p>\n<p>&#8220;Gazze&#8217;de hastanelerin y\u0131k\u0131ld\u0131\u011f\u0131, insanlar\u0131n bir lokma ekme\u011finin, bir bardak suyunun olmad\u0131\u011f\u0131, en ufak bir t\u0131bbi yard\u0131m malzemesinin dahi ellerinde kalmad\u0131\u011f\u0131 bir ortamda b\u00fct\u00fcn d\u00fcnyan\u0131n bu insanl\u0131k dram\u0131na sessiz kalmamas\u0131 i\u00e7in \u00fczerimize d\u00fc\u015fen her t\u00fcrl\u00fc sorumlulu\u011fu yerine getirmeye gayret ediyoruz. Bu \u00e7ifte standard\u0131n, siviller aras\u0131nda bir hiyerar\u015finin, \u00e7ifte standard\u0131n kabul edilemeyece\u011fini, bu konuda ikiy\u00fczl\u00fc bir yakla\u015f\u0131m\u0131n ise asla sorunu \u00e7\u00f6zmeye destek olmayaca\u011f\u0131n\u0131 ifade etmeye \u00e7al\u0131\u015f\u0131yoruz. Hem genel kurul toplant\u0131s\u0131nda bunu ifade ettik hem de \u015fimdiye kadar yapt\u0131\u011f\u0131m, bundan sonra da yapaca\u011f\u0131m ikili g\u00f6r\u00fc\u015fmelerde muhataplar\u0131m\u0131zla bu konuyu tart\u0131\u015f\u0131yoruz.<\/p>\n<p>Filistin meselesinin iki taraf\u0131 var. Birincisi, acil insani mesele. Bir an evvel yard\u0131m ula\u015ft\u0131r\u0131lmal\u0131d\u0131r. 2 milyon 300 bin Gazzelinin imdad\u0131na insanl\u0131k yeti\u015fmelidir. Bu, siyasi tart\u0131\u015fmalar\u0131n \u00f6tesinde bir insanl\u0131k vazifesidir. E\u011fer insano\u011flu bunu yapm\u0131yorsa herkes kendisini sorgulamal\u0131d\u0131r. Buna m\u00fcsaade etmeyen \u0130srail&#8217;in bu sald\u0131rgan tavr\u0131na kar\u015f\u0131 da d\u00fcnyan\u0131n bir tav\u0131r almas\u0131 laz\u0131m. Ama di\u011fer tarafta meselenin siyasi y\u00f6n\u00fc var. Bu noktaya bir g\u00fcnde gelinmedi, siyasi taraf\u0131 da bir g\u00fcnde \u00e7\u00f6z\u00fclebilecek gibi g\u00f6r\u00fcnm\u00fcyor. Ama bunun da \u00e7ok a\u00e7\u0131k bir \u015fekilde, hakkaniyet \u00f6l\u00e7\u00fcleri i\u00e7erisinde d\u00fcnya kamuoyuyla payla\u015f\u0131lmas\u0131 laz\u0131m. Biz i\u00e7inde bulundu\u011fumuz uluslararas\u0131 platformlarda bunu dile getiriyoruz.&#8221;<\/p>\n<p>Kurtulmu\u015f, \u0130srail-Filistin aras\u0131ndaki temel siyasi farkl\u0131l\u0131klar\u0131n \u00fc\u00e7 mesele olarak ele al\u0131nmas\u0131 gerekti\u011fini belirterek, &#8220;\u0130lk olarak 1967 s\u0131n\u0131rlar\u0131nda, ba\u015fkenti Kud\u00fcs olan bir Filistin devleti. Mahalle mahalle b\u00f6l\u00fcnm\u00fc\u015f, par\u00e7alanm\u0131\u015f, ka\u011f\u0131t \u00fczerinde bir devlet de\u011fil, tam manas\u0131yla var olan egemen bir Filistin devleti kurulmadan bar\u0131\u015f sa\u011flanamaz.&#8221; diye konu\u015ftu.<\/p>\n<p>Filistinlilerin evlerine, i\u015f yerlerine yerle\u015fen, onlar\u0131 k\u00f6ylerinden uzakla\u015ft\u0131ran \u0130srailli yerle\u015fimcilerin mutlaka oradan \u00e7\u0131kart\u0131larak yerle\u015fimciler meselesinin k\u00f6kten \u00e7\u00f6z\u00fclmesi gerekti\u011finin alt\u0131n\u0131 \u00e7izen Kurtulmu\u015f, ayr\u0131ca M\u00fcsl\u00fcmanlar\u0131n, Hristiyanlar\u0131n, Yahudilerin kutsal mekanlar\u0131n\u0131n korunmas\u0131 gerekti\u011fini, ba\u015fta Mescid-i Aksa olmak \u00fczere b\u00fct\u00fcn \u0130slam&#8217;\u0131n kutsal mekanlar\u0131n\u0131n korunarak teminat alt\u0131na al\u0131nmas\u0131 gerekti\u011fini vurgulad\u0131. Kurtulmu\u015f, &#8220;Akl\u0131na esen bir provokat\u00f6r\u00fcn hem de ayakkab\u0131lar\u0131yla, \u00e7izmeleriyle Mescid-i Aksa&#8217;ya girip, oray\u0131 sald\u0131r\u0131 alt\u0131nda tutmalar\u0131, birtak\u0131m provokasyonlarla M\u00fcsl\u00fcmanlar\u0131n hakk\u0131na, hukukuna, inan\u00e7lar\u0131na sald\u0131r\u0131da bulunmalar\u0131 kabul edilemez.&#8221; dedi.<\/p>\n<p>S\u00f6z konusu sorunlar\u0131n \u00e7\u00f6z\u00fcm\u00fc i\u00e7in uluslararas\u0131 toplumun duyars\u0131z kald\u0131\u011f\u0131n\u0131, Filistinlilerin y\u0131llar boyunca dile getirdi\u011fi var olu\u015f m\u00fccadelesinin g\u00f6rmezden gelinmesinin kabul edilemez oldu\u011funu ifade eden Kurtulmu\u015f, &#8220;Bulundu\u011fumuz her platformda Filistin halk\u0131n\u0131n, masum sivillerin hakk\u0131n\u0131 hukukunu savunmak ve bu sorunun da kal\u0131c\u0131 bir \u00e7\u00f6z\u00fcme kavu\u015fturulmas\u0131 i\u00e7in gayret sarf etmek zorunday\u0131z.&#8221; de\u011ferlendirmesini yapt\u0131.<\/p>\n<h3>\u0130sve\u00e7&#8217;in NATO&#8217;ya kat\u0131l\u0131m protokol\u00fc<\/h3>\n<p>TBMM Ba\u015fkan\u0131 Kurtulmu\u015f, Meclis Ba\u015fkanl\u0131\u011f\u0131na sunulan \u0130sve\u00e7&#8217;in NATO&#8217;ya kat\u0131l\u0131m\u0131na ili\u015fkin protokolle ilgili s\u00fcre\u00e7 hakk\u0131nda da bilgi verdi.<\/p>\n<p>S\u00f6z konusu protokol\u00fcn Cumhurba\u015fkan\u0131 Recep Tayyip Erdo\u011fan taraf\u0131ndan d\u00fcn Meclis Ba\u015fkanl\u0131\u011f\u0131na sevk edildi\u011fini an\u0131msatan Kurtulmu\u015f, &#8220;Bu ak\u015fam T\u00fcrkiye&#8217;ye d\u00f6n\u00fcyorum. D\u00f6ner d\u00f6nmez Meclis Ba\u015fkan\u0131 olarak, \u0130stanbul Milletvekili s\u0131fat\u0131yla Cumhurba\u015fkan\u0131&#8217;m\u0131zdan gelen yaz\u0131y\u0131 TBMM D\u0131\u015fi\u015fleri Komisyonu&#8217;na g\u00f6nderece\u011fim. Ondan sonra parlamentoda m\u00fczakere s\u00fcrecine haz\u0131rl\u0131k yap\u0131lacak. \u00dcmit ediyorum ki en k\u0131sa s\u00fcrede TBMM Genel Kuruluna gelecektir ve milletvekillerimiz kararlar\u0131n\u0131 verecektir.&#8221; ifadelerini kulland\u0131.<\/p>\n<p>                            <span class=\"detay-foto-editor\">&#13;<br \/>\n                                <a href=\"https:\/\/www.aa.com.tr\/tr\/p\/abonelik-talep-formu\/1001\" target=\"_blank\" style=\"font-size:12px; color:#444; text-decoration:none;\" rel=\"noopener\">&#13;<br \/>\n                                    Anadolu Ajans\u0131 web sitesinde, AA Haber Ak\u0131\u015f Sistemi (HAS) \u00fczerinden abonelere sunulan haberler, \u00f6zetlenerek yay\u0131mlanmaktad\u0131r. <b style=\"color:#1897F7\">Abonelik i\u00e7in l\u00fctfen ileti\u015fime ge\u00e7iniz.<\/b>&#13;<br \/>\n                                <\/a>&#13;<br \/>\n                            <\/span>\n                        <\/div>\n<p><script>\n\t  window.fbAsyncInit = function() {\n\t\tFB.init({\n\t\t  appId: '1855843514662870',\n\t\t  status : true, \/\/ check login status\n\t\t  cookie : true, \/\/ enable cookies to allow the server to access the session\n\t\t  xfbml  : true  \/\/ parse XFBML\n\t\t});\n\t  };<\/p>\n<p>\t  (function() {\n\t\tvar e = document.createElement('script');\n\t\te.src=\"https:\/\/connect.facebook.net\/tr_TR\/all.js\";\n\t\te.async = true;\n\t\tdocument.getElementById('fb-root').appendChild(e);\n\t  }());\n    <\/script><\/p>\n","protected":false},"excerpt":{"rendered":"<p>TBMM Ba\u015fkan\u0131 Numan Kurtulmu\u015f, d\u00fcn TBMM&#8217;ye sevk edilen \u0130sve\u00e7&#8217;in NATO&#8217;ya kat\u0131l\u0131m protokol\u00fcne ili\u015fkin, &#8220;Bu ak\u015fam T\u00fcrkiye&#8217;ye d\u00f6n\u00fcyorum. D\u00f6ner d\u00f6nmez D\u0131\u015fi\u015fleri Komisyonuna g\u00f6nderece\u011fiz. \u00dcmit ediyorum ki en k\u0131sa s\u00fcre i\u00e7inde TBMM Genel Kuruluna gelecek ve milletvekillerimiz kararlar\u0131n\u0131 verecektir.&#8221; dedi. Kurtulmu\u015f, K\u0131r\u0131m Platformu 2&#8217;nci Parlamenter Zirvesine kat\u0131lmak \u00fczere bulundu\u011fu \u00c7ekya&#8217;n\u0131n ba\u015fkenti Prag&#8217;da, AA muhabirinin sorular\u0131n\u0131 yan\u0131tlad\u0131. &#8220;T\u00fcrkiye, [&hellip;]<\/p>\n","protected":false},"author":1,"featured_media":19627,"comment_status":"","ping_status":"","sticky":false,"template":"","format":"standard","meta":[],"categories":[47],"tags":[],"_links":{"self":[{"href":"https:\/\/kraios.app\/news\/wp-json\/wp\/v2\/posts\/19626"}],"collection":[{"href":"https:\/\/kraios.app\/news\/wp-json\/wp\/v2\/posts"}],"about":[{"href":"https:\/\/kraios.app\/news\/wp-json\/wp\/v2\/types\/post"}],"author":[{"embeddable":true,"href":"https:\/\/kraios.app\/news\/wp-json\/wp\/v2\/users\/1"}],"replies":[{"embeddable":true,"href":"https:\/\/kraios.app\/news\/wp-json\/wp\/v2\/comments?post=19626"}],"version-history":[{"count":0,"href":"https:\/\/kraios.app\/news\/wp-json\/wp\/v2\/posts\/19626\/revisions"}],"wp:featuredmedia":[{"embeddable":true,"href":"https:\/\/kraios.app\/news\/wp-json\/wp\/v2\/media\/19627"}],"wp:attachment":[{"href":"https:\/\/kraios.app\/news\/wp-json\/wp\/v2\/media?parent=19626"}],"wp:term":[{"taxonomy":"category","embeddable":true,"href":"https:\/\/kraios.app\/news\/wp-json\/wp\/v2\/categories?post=19626"},{"taxonomy":"post_tag","embeddable":true,"href":"https:\/\/kraios.app\/news\/wp-json\/wp\/v2\/tags?post=19626"}],"curies":[{"name":"wp","href":"https:\/\/api.w.org\/{rel}","templated":true}]}}