{"id":19583,"date":"2023-10-24T13:45:25","date_gmt":"2023-10-24T13:45:25","guid":{"rendered":"https:\/\/kraios.app\/news\/siyaset\/2023\/10\/24\/tbmm-insan-haklarini-inceleme-komisyonu-gazzeyi-ziyaret-icin-calisma-baslatti\/"},"modified":"2023-10-24T13:45:25","modified_gmt":"2023-10-24T13:45:25","slug":"tbmm-insan-haklarini-inceleme-komisyonu-gazzeyi-ziyaret-icin-calisma-baslatti","status":"publish","type":"post","link":"https:\/\/kraios.app\/news\/siyaset\/2023\/10\/24\/tbmm-insan-haklarini-inceleme-komisyonu-gazzeyi-ziyaret-icin-calisma-baslatti\/","title":{"rendered":"TBMM \u0130nsan Haklar\u0131n\u0131 \u0130nceleme Komisyonu, Gazze&#8217;yi ziyaret i\u00e7in \u00e7al\u0131\u015fma ba\u015flatt\u0131"},"content":{"rendered":"<p><\/p>\n<div>\n<p>\u00a0TBMM \u0130nsan Haklar\u0131n\u0131 \u0130nceleme Komisyonu Ba\u015fkan\u0131, AK Parti Osmaniye Milletvekili Derya Yan\u0131k, komisyon \u00fcyeleriyle Meclis&#8217;te d\u00fczenledi\u011fi bas\u0131n toplant\u0131s\u0131nda, \u0130srail&#8217;in, Filistin&#8217;in Gazze \u015eeridi&#8217;ne y\u00f6nelik 18 g\u00fcnd\u00fcr sivilleri de hedef alarak, yerle\u015fim yerleri, pazar yeri, okul, ibadethane ve hastaneler dahil havadan bombard\u0131mana tabi tutarak aral\u0131ks\u0131z ve yo\u011fun bir \u015fekilde sald\u0131r\u0131lar ger\u00e7ekle\u015ftirdi\u011fini anlatt\u0131.<\/p>\n<p>\u0130srail&#8217;in, yakla\u015f\u0131k 1,5 milyon insan\u0131n adeta s\u0131k\u0131\u015ft\u0131r\u0131ld\u0131\u011f\u0131 k\u00fc\u00e7\u00fcc\u00fck bir kara par\u00e7as\u0131n\u0131 karadan, havadan ve denizden bloke ederek, sivillerin t\u00fcm insani ihtiya\u00e7 ve temel gereksinimlerine, ila\u00e7 ve tedavi ama\u00e7l\u0131 cihazlara ula\u015f\u0131m\u0131n\u0131 engellemek \u00fczere s\u0131n\u0131r kap\u0131lar\u0131n\u0131 da kapatmak suretiyle uygulad\u0131\u011f\u0131 ambargoya i\u015faret eden Yan\u0131k, &#8220;\u0130srail&#8217;in, Gazzelileri yerle\u015fim yerlerinden g\u00f6\u00e7e zorlayan tutumunu, insan haklar\u0131 ve sava\u015f hukukuna dahi ayk\u0131r\u0131 bi\u00e7imde t\u00fcm uluslararas\u0131 hukuk kurallar\u0131n\u0131 ihlal eden eylemlerini ve bu eylemler neticesinde 2 binden fazlas\u0131 bebek-\u00e7ocuk olmak \u00fczere 5 binden fazla sivilin hayat\u0131n\u0131 kaybetmesi ve 10 bini a\u015fk\u0131n sivilin yaralanmas\u0131yla olu\u015fan insanl\u0131k dram\u0131n\u0131 b\u00fcy\u00fck bir endi\u015feyle takip ediyoruz.&#8221; diye konu\u015ftu.<\/p>\n<p>T\u00fcrkiye&#8217;nin, hangi gerek\u00e7eyle ve hangi taraftan gelirse gelsin, sivilleri hedef alan sald\u0131r\u0131lara her zaman kar\u015f\u0131 oldu\u011funu vurgulayan Yan\u0131k, Filistin ve \u0130srailli siviller ile her iki taraftan rehinelerin can g\u00fcvenliklerinin sa\u011flanmas\u0131n\u0131n temel \u00f6ncelikleri aras\u0131nda yer ald\u0131\u011f\u0131n\u0131 ifade etti.<\/p>\n<p>Yan\u0131k, \u015funlar\u0131 kaydetti:<\/p>\n<p>&#8220;T\u00fcrkiye, \u0130srail&#8217;in soyk\u0131r\u0131m \u00f6l\u00e7\u00fcs\u00fcndeki vah\u015fet i\u00e7eren sald\u0131r\u0131lar\u0131 nedeniyle ortaya \u00e7\u0131kan insanl\u0131k dram\u0131n\u0131 durdurmak i\u00e7in siyasi, diplomatik ve insani yard\u0131m alan\u0131nda yap\u0131lmas\u0131 gerekenleri ilk g\u00fcnden itibaren en \u00fcst d\u00fczeyde yerine getirmektedir. Gelinen bu noktada, \u0130srail&#8217;in giri\u015fti\u011fi sald\u0131r\u0131lar\u0131n sava\u015f su\u00e7u ve soyk\u0131r\u0131m oldu\u011fu, t\u00fcm insanl\u0131k vicdan\u0131n\u0131 derinden yaralad\u0131\u011f\u0131 g\u00f6z \u00f6n\u00fcnde bulunduruldu\u011funda, ba\u015fta Birle\u015fmi\u015f Milletler olmak \u00fczere d\u00fcnya kamuoyunu, insan haklar\u0131 ve demokrasi alan\u0131nda \u00e7al\u0131\u015fan k\u00fcresel sivil toplum kurulu\u015flar\u0131n\u0131, insan haklar\u0131 de\u011ferlerine sahip olduklar\u0131 iddias\u0131n\u0131 ta\u015f\u0131yan t\u00fcm \u00fclkeleri, h\u00fclasa bu alanda s\u00f6z\u00fc ve etkisi olan her kurum ve ki\u015fiyi bir an \u00f6nce \u0130srail vah\u015fetini durdurmak i\u00e7in aksiyon almaya davet ediyoruz. \u0130srail&#8217;in insani ate\u015fkes ilan etmeye zorlanmas\u0131 i\u00e7in her t\u00fcrl\u00fc diplomatik mekanizman\u0131n i\u015fletilmesi gerekti\u011fine inan\u0131yoruz. \u00d6zellikle ABD ve Avrupa&#8217;da kimi yay\u0131n organlar\u0131n\u0131n \u0130srail vah\u015fetini me\u015frula\u015ft\u0131rmak i\u00e7in yay\u0131nc\u0131l\u0131\u011f\u0131n t\u00fcm evrensel ilkelerini \u00e7i\u011fnediklerini g\u00f6r\u00fcyoruz. Bu yay\u0131n organlar\u0131n\u0131, insanl\u0131\u011f\u0131n hizas\u0131nda durmaya \u00e7a\u011f\u0131r\u0131yoruz.&#8221;<\/p>\n<p>Komisyon Ba\u015fkan\u0131 Yan\u0131k, TBMM \u0130nsan Haklar\u0131n\u0131 \u0130nceleme Komisyonu olarak b\u00f6lgede g\u00fcvenlik ve ate\u015fkesin tesisine katk\u0131da bulunmak \u00fczere BM \u0130nsan Haklar\u0131 Komitesi ve Kad\u0131n\u0131n Stat\u00fcs\u00fc Komisyonu ile UNICEF ba\u015fta olmak \u00fczere uluslararas\u0131 kurulu\u015flarla temaslar\u0131n\u0131 s\u00fcrd\u00fcrmeye devam edeceklerini bildirdi.<\/p>\n<p>Ba\u015fta b\u00f6lge \u00fclkeleri olmak \u00fczere Avrupa Parlamentosu ve insan haklar\u0131 iddias\u0131 olan \u00fclke parlamentolar\u0131n\u0131n ilgili komite ve komisyonlar\u0131yla ortak aksiyon i\u00e7in ileti\u015fim kurmay\u0131 s\u00fcrd\u00fcreceklerini de belirten Yan\u0131k, &#8220;Tabi oldu\u011fumuz mevzuat\u0131m\u0131zdan ald\u0131\u011f\u0131m\u0131z yetkiyle, ya\u015fanan insan haklar\u0131 ihlallerini yerinde incelemek \u00fczere Filistin&#8217;in Gazze b\u00f6lgesini ziyaret i\u00e7in \u00e7al\u0131\u015fmalar\u0131m\u0131z\u0131 ba\u015flatt\u0131k.&#8221; diye konu\u015ftu.<\/p>\n<p>                            <span class=\"detay-foto-editor\">&#13;<br \/>\n                                <a href=\"https:\/\/www.aa.com.tr\/tr\/p\/abonelik-talep-formu\/1001\" target=\"_blank\" style=\"font-size:12px; color:#444; text-decoration:none;\" rel=\"noopener\">&#13;<br \/>\n                                    Anadolu Ajans\u0131 web sitesinde, AA Haber Ak\u0131\u015f Sistemi (HAS) \u00fczerinden abonelere sunulan haberler, \u00f6zetlenerek yay\u0131mlanmaktad\u0131r. <b style=\"color:#1897F7\">Abonelik i\u00e7in l\u00fctfen ileti\u015fime ge\u00e7iniz.<\/b>&#13;<br \/>\n                                <\/a>&#13;<br \/>\n                            <\/span>\n                        <\/div>\n<p><script>\n\t  window.fbAsyncInit = function() {\n\t\tFB.init({\n\t\t  appId: '1855843514662870',\n\t\t  status : true, \/\/ check login status\n\t\t  cookie : true, \/\/ enable cookies to allow the server to access the session\n\t\t  xfbml  : true  \/\/ parse XFBML\n\t\t});\n\t  };<\/p>\n<p>\t  (function() {\n\t\tvar e = document.createElement('script');\n\t\te.src=\"https:\/\/connect.facebook.net\/tr_TR\/all.js\";\n\t\te.async = true;\n\t\tdocument.getElementById('fb-root').appendChild(e);\n\t  }());\n    <\/script><\/p>\n","protected":false},"excerpt":{"rendered":"<p>\u00a0TBMM \u0130nsan Haklar\u0131n\u0131 \u0130nceleme Komisyonu Ba\u015fkan\u0131, AK Parti Osmaniye Milletvekili Derya Yan\u0131k, komisyon \u00fcyeleriyle Meclis&#8217;te d\u00fczenledi\u011fi bas\u0131n toplant\u0131s\u0131nda, \u0130srail&#8217;in, Filistin&#8217;in Gazze \u015eeridi&#8217;ne y\u00f6nelik 18 g\u00fcnd\u00fcr sivilleri de hedef alarak, yerle\u015fim yerleri, pazar yeri, okul, ibadethane ve hastaneler dahil havadan bombard\u0131mana tabi tutarak aral\u0131ks\u0131z ve yo\u011fun bir \u015fekilde sald\u0131r\u0131lar ger\u00e7ekle\u015ftirdi\u011fini anlatt\u0131. \u0130srail&#8217;in, yakla\u015f\u0131k 1,5 milyon insan\u0131n [&hellip;]<\/p>\n","protected":false},"author":1,"featured_media":19584,"comment_status":"","ping_status":"","sticky":false,"template":"","format":"standard","meta":[],"categories":[47],"tags":[],"_links":{"self":[{"href":"https:\/\/kraios.app\/news\/wp-json\/wp\/v2\/posts\/19583"}],"collection":[{"href":"https:\/\/kraios.app\/news\/wp-json\/wp\/v2\/posts"}],"about":[{"href":"https:\/\/kraios.app\/news\/wp-json\/wp\/v2\/types\/post"}],"author":[{"embeddable":true,"href":"https:\/\/kraios.app\/news\/wp-json\/wp\/v2\/users\/1"}],"replies":[{"embeddable":true,"href":"https:\/\/kraios.app\/news\/wp-json\/wp\/v2\/comments?post=19583"}],"version-history":[{"count":0,"href":"https:\/\/kraios.app\/news\/wp-json\/wp\/v2\/posts\/19583\/revisions"}],"wp:featuredmedia":[{"embeddable":true,"href":"https:\/\/kraios.app\/news\/wp-json\/wp\/v2\/media\/19584"}],"wp:attachment":[{"href":"https:\/\/kraios.app\/news\/wp-json\/wp\/v2\/media?parent=19583"}],"wp:term":[{"taxonomy":"category","embeddable":true,"href":"https:\/\/kraios.app\/news\/wp-json\/wp\/v2\/categories?post=19583"},{"taxonomy":"post_tag","embeddable":true,"href":"https:\/\/kraios.app\/news\/wp-json\/wp\/v2\/tags?post=19583"}],"curies":[{"name":"wp","href":"https:\/\/api.w.org\/{rel}","templated":true}]}}