{"id":19536,"date":"2023-10-24T10:33:13","date_gmt":"2023-10-24T10:33:13","guid":{"rendered":"https:\/\/kraios.app\/news\/siyaset\/2023\/10\/24\/hatirlatirim-ki-cumhurbaskanligi-hukumet-sisteminden-donus-veya-sapis-olmayacaktir\/"},"modified":"2023-10-24T10:33:13","modified_gmt":"2023-10-24T10:33:13","slug":"hatirlatirim-ki-cumhurbaskanligi-hukumet-sisteminden-donus-veya-sapis-olmayacaktir","status":"publish","type":"post","link":"https:\/\/kraios.app\/news\/siyaset\/2023\/10\/24\/hatirlatirim-ki-cumhurbaskanligi-hukumet-sisteminden-donus-veya-sapis-olmayacaktir\/","title":{"rendered":"Hat\u0131rlat\u0131r\u0131m ki Cumhurba\u015fkanl\u0131\u011f\u0131 H\u00fck\u00fcmet Sistemi&#8217;nden d\u00f6n\u00fc\u015f veya sap\u0131\u015f olmayacakt\u0131r"},"content":{"rendered":"<p><\/p>\n<div>\n<p>MHP Genel Ba\u015fkan\u0131 Devlet Bah\u00e7eli, MHP TBMM Grup Toplant\u0131s\u0131&#8217;nda yapt\u0131\u011f\u0131 konu\u015fmada, kurulan ile y\u0131k\u0131lan T\u00fcrk devletlerinin ayr\u0131 ayr\u0131 kaynaklardan de\u011fil ayn\u0131 milli k\u00fclt\u00fcr\u00fcn g\u00f6z kama\u015ft\u0131ran ufkundan do\u011fdu\u011funu; T\u00fcrk tarihinde kopukluk veya kesintinin hi\u00e7 olmad\u0131\u011f\u0131n\u0131 ve olu\u015fmad\u0131\u011f\u0131n\u0131 vurgulad\u0131.<\/p>\n<p>B\u00fct\u00fcnc\u00fcl zaman telakkisinin T\u00fcrkl\u00fc\u011f\u00fcn devlet ve millet anlay\u0131\u015f\u0131n\u0131 tarih boyunca ku\u015fatt\u0131\u011f\u0131n\u0131n alt\u0131n\u0131 \u00e7izen Bah\u00e7eli, kurulan her T\u00fcrk devletinin bir \u00f6ncekinin temelleri \u00fczerinde y\u00fckseldi\u011fi ve \u00e7a\u011f\u0131na m\u00fch\u00fcr vurdu\u011funu s\u00f6yledi. Bah\u00e7eli, &#8220;T\u00fcrkiye Cumhuriyeti a\u011fa\u00e7 kovu\u011fundan \u00e7\u0131kmam\u0131\u015f, tesad\u00fcfen bulunmam\u0131\u015f, telkin ve tembihle kurulmam\u0131\u015ft\u0131r.&#8221; dedi.<\/p>\n<p>T\u00fcrk milletinin imparatorluk m\u00fcktesebat\u0131n\u0131n ikmal ve ilham\u0131yla donanmas\u0131n\u0131 bildi\u011fini, y\u0131k\u0131lan imparatorlu\u011fun kal\u0131nt\u0131lar\u0131 aras\u0131nda s\u0131k\u0131\u015f\u0131p kalan varolu\u015f cevherini ferasetiyle ke\u015ffetmeyi ba\u015fard\u0131\u011f\u0131n\u0131 belirten Bah\u00e7eli, &#8220;Bu suretle Cumhuriyet&#8217;i tercih ederek ruh k\u00f6k\u00fcyle bulu\u015fturmu\u015ftu. T\u00fcrkiye Cumhuriyeti, ola\u011fan\u00fcst\u00fc \u015fartlarda, ola\u011fan\u00fcst\u00fc m\u00fccadeleyle, ola\u011fan\u00fcst\u00fc azim ve dirayetin rehberli\u011finde tarih sahnesindeki yerini alm\u0131\u015ft\u0131r.&#8221; diye konu\u015ftu.<\/p>\n<p>Bah\u00e7eli, 1923 y\u0131l\u0131n\u0131n 29 Ekim&#8217;inde Cumhuriyet&#8217;in 158 mebusun oyuyla kabul ve ilan edildi\u011fini an\u0131msatarak, d\u00f6nemin mebuslar\u0131n\u0131n &#8220;Ya\u015fas\u0131n Cumhuriyet&#8221; sesleriyle adeta yeri g\u00f6\u011f\u00fc inletti\u011fini belirtti. Bah\u00e7eli, &#8220;Nitekim Milli M\u00fccadele Cumhuriyetle ta\u00e7lanm\u0131\u015ft\u0131. Izd\u0131rab, isyan, i\u015fgal ve ihanetlerle \u00e7embere al\u0131nm\u0131\u015f zorlu seneler \u00e7ok \u015f\u00fck\u00fcr geride kalm\u0131\u015f, millet tam ba\u011f\u0131ms\u0131zl\u0131ktan ba\u015fka di\u011fer t\u00fcm zillet se\u00e7eneklere kapal\u0131 oldu\u011funu beyan etmi\u015f, Cumhuriyet&#8217;in m\u00fc\u015fahitli\u011fiyle ge\u00e7mi\u015f gelece\u011fin taze \u00fcmitleriyle kenetlenmi\u015ftir.&#8221; ifadelerini kulland\u0131.<\/p>\n<h3>&#8220;Ay y\u0131ld\u0131zl\u0131 al bayrak ne kadar bizimse \u00fc\u00e7 hilal de o kadar bizimdir&#8221;<\/h3>\n<p>Bah\u00e7eli, Cumhuriyet&#8217;in ilan edildi\u011fi g\u00fcn Gazi Mustafa Kemal Atat\u00fcrk&#8217;\u00fcn de ilk Cumhurba\u015fkan\u0131 olarak se\u00e7ildi\u011fi ve bu \u015ferefli g\u00f6revine hemen ba\u015flad\u0131\u011f\u0131n\u0131 hat\u0131rlatt\u0131. Atat\u00fcrk&#8217;\u00fcn bu vesileyle yapt\u0131\u011f\u0131 te\u015fekk\u00fcr konu\u015fmas\u0131nda, &#8220;Daima milletin sevgi ve g\u00fcvenine dayanarak, hep birlikte ileri gidece\u011fiz. T\u00fcrkiye Cumhuriyeti mutlu, ba\u015far\u0131l\u0131 ve muzaffer olacakt\u0131r&#8221; ifadesini an\u0131msatan Bah\u00e7eli, Milli M\u00fccadele&#8217;yi ba\u015faran kahramanlar ku\u015fa\u011f\u0131n\u0131n Osmanl\u0131 \u0130mparatorlu\u011fu&#8217;nun rahleitedrisinden ge\u00e7tiklerinin alt\u0131n\u0131 \u00e7izdi.<\/p>\n<p>Bah\u00e7eli, \u015f\u00f6yle devam etti:<\/p>\n<p>&#8220;T\u00fcrkiye Cumhuriyeti Osmanl\u0131 \u0130mparatorlu\u011fu&#8217;nun \u00f6tesi, \u00f6tekisi, reddiyesi, kar\u015f\u0131 cephesi, antitezi de\u011fil tam\u0131 tamam\u0131na ayn\u0131 kaynaktan beslenip, birbirini tamamlayan iki T\u00fcrk devletidir. Bu hakikat anla\u015f\u0131lmadan tarihi kucakla\u015fma biliniz ki hayaldir. Fes giyip mukadderat ve mukaddesat savunmas\u0131 yapanlarla kalpak giyip Milli M\u00fccadele\u2019yi ger\u00e7ekle\u015ftirenler hi\u00e7 \u015f\u00fcpheniz olmas\u0131n ki bir ve ayn\u0131d\u0131r. Kutupla\u015fmay\u0131 tarihimize te\u015fmil etme aray\u0131\u015f ve amac\u0131nda olanlar, T\u00fcrk milletine yap\u0131labilecek en vahim k\u00f6t\u00fcl\u00fc\u011f\u00fc reva g\u00f6ren muhteris ve m\u00fcnaf\u0131k g\u00fcruhtur. T\u00fcrkiye Cumhuriyeti ile Osmanl\u0131 \u0130mparatorlu\u011fu aras\u0131na \u00e7omak sokmak, duvar \u00f6rmek, bariyer dikmek i\u00e7in f\u0131rsat kollayanlar unutmay\u0131n\u0131z ki i\u00e7imize yuvalanm\u0131\u015f gavur tortular\u0131d\u0131r. Biz bu tortular\u0131 Allah&#8217;\u0131n izniyle yeni y\u00fczy\u0131l\u0131n sundu\u011fu imkanlar dahilinde birer birer s\u00f6k\u00fcp ataca\u011f\u0131z. Ay y\u0131ld\u0131zl\u0131 al bayrak ne kadar bizimse \u00fc\u00e7 hilal de o kadar bizimdir, k\u0131yamete kadar da bu ger\u00e7ek asla de\u011fi\u015fmeyecek, de\u011fi\u015ftirmeye de hi\u00e7 kimsenin g\u00fcc\u00fc yetmeyecektir.&#8221;<\/p>\n<h3>&#8220;29 Ekim 1923&#8217;te rejimin ad\u0131 konulmu\u015ftur&#8221;<\/h3>\n<p>Bu hafta sonu T\u00fcrkiye Cumhuriyeti&#8217;nin 100&#8217;\u00fcnc\u00fc y\u0131l d\u00f6n\u00fcm\u00fcn\u00fcn co\u015fkuyla, hak edilmi\u015f bir iftiharla, bir asr\u0131n birikim ve hat\u0131ralar\u0131yla, millet\u00e7e beraber kutlanaca\u011f\u0131n\u0131 belirten Bah\u00e7eli, &#8220;Cumhuriyet demek, cumhurun bizatihi kaderine ve gelece\u011fine egemen vasf\u0131yla sahip \u00e7\u0131kmas\u0131 demektir.&#8221; de\u011ferlendirmesinde bulundu.<\/p>\n<p>Atat\u00fcrk&#8217;\u00fcn 14 Ekim 1925&#8217;te \u0130zmir&#8217;deki konu\u015fmas\u0131nda, &#8220;Cumhuriyet&#8217;in ilan\u0131 sayesinde h\u00fck\u00fcmet ile millet aras\u0131nda ayr\u0131l\u0131k kalmad\u0131\u011f\u0131n\u0131&#8221; dile getirdi\u011fini an\u0131msatarak, \u015funlar\u0131 kaydetti:<\/p>\n<p>&#8220;Cumhurba\u015fkanl\u0131\u011f\u0131 H\u00fck\u00fcmet Sistemi ile aziz Atat\u00fcrk&#8217;\u00fcn bu tarihi de\u011ferlendirmesi peki\u015fmekle kalmam\u0131\u015f, as\u0131l mana ve muhtevas\u0131n\u0131 bulmu\u015ftur. 29 Ekim 1923&#8217;\u00fcn ilke ve esaslar\u0131yla, m\u00fcteyakk\u0131z ruh ve felsefesi cumhur ile Cumhuriyeti ayr\u0131lmamak \u00fczere kucakla\u015ft\u0131ran Cumhurba\u015fkanl\u0131\u011f\u0131 H\u00fck\u00fcmet Sistemi&#8217;nin yol haritas\u0131n\u0131 \u00e7izmi\u015f, ana fikrini te\u015fkil etmi\u015ftir. Cumhuriyet, devletin \u015fekil ve bi\u00e7imi oldu\u011fu kadar uygulanan siyasi rejimin de ad\u0131d\u0131r. Buradan hareketle, Cumhurba\u015fkanl\u0131\u011f\u0131 H\u00fck\u00fcmet Sistemi ile rejimin de\u011fi\u015fti\u011fini iddia ve ifade edenler \u015fayet cehaletlerinin kurban\u0131 de\u011fillerse kesinlikle su kat\u0131lmam\u0131\u015f yalanc\u0131lar korosu ve m\u00fcfteriler koalisyonudur. H\u00fck\u00fcmet sistemi ba\u015fka rejim ba\u015fkad\u0131r. 29 Ekim 1923 tarihinde rejimin ad\u0131 konulmu\u015f ve mevzu bir daha a\u00e7\u0131lmamak \u00fczere kapat\u0131lm\u0131\u015ft\u0131r.&#8221;<\/p>\n<p>Bah\u00e7eli, Cumhurba\u015fkanl\u0131\u011f\u0131 H\u00fck\u00fcmet Sistemi ile y\u00f6netim hayat\u0131ndaki bo\u015flu\u011fun doldu\u011funu, cumhurun m\u00fcdahalesi sonucunda \u00f6nce hasar tespiti sonra kal\u0131c\u0131 bir reform yap\u0131larak T\u00fcrkiye Cumhuriyeti&#8217;nin \u00fc\u00e7\u00fcnc\u00fc evresiyle birlikte olu\u015fan demokratik pistten kalk\u0131\u015fa ge\u00e7ti\u011fini s\u00f6yledi.<\/p>\n<p>Cumhurba\u015fkanl\u0131\u011f\u0131 H\u00fck\u00fcmet Sistemi&#8217;nin in\u015fa ve ihyas\u0131n\u0131n da h\u00fcrriyet ve ba\u011f\u0131ms\u0131zl\u0131k sevdal\u0131s\u0131 cumhurun marifetiyle sa\u011fland\u0131\u011f\u0131n\u0131 belirten Bah\u00e7eli, &#8220;Nas\u0131l ki Cumhuriyet&#8217;ten d\u00f6n\u00fc\u015f yoksa hat\u0131rlat\u0131r\u0131m ki Cumhurba\u015fkanl\u0131\u011f\u0131 H\u00fck\u00fcmet Sistemi&#8217;nden de d\u00f6n\u00fc\u015f veya sap\u0131\u015f olmayacakt\u0131r. Millet karar\u0131n\u0131 kesinkes vermi\u015ftir. Milletin \u00fcst\u00fcnde d\u00fcnyevi bir g\u00fc\u00e7 veya kudret yoktur. Demokrasiyi a\u011f\u0131zlar\u0131ndan d\u00fc\u015f\u00fcrmeyen gedikli bozguncular\u0131n, yeri geldi mi halk\u00e7\u0131l\u0131k kisvesine b\u00fcr\u00fcnen tescilli halk ka\u00e7k\u0131nlar\u0131n\u0131n milletimizin tercih ve se\u00e7imine tahamm\u00fcls\u00fczl\u00fck g\u00f6stermeleri en hafif tabirle maskeli despotluktur. Cumhuriyet, h\u00fcrriyet ve ba\u011f\u0131ms\u0131zl\u0131\u011f\u0131n teminat\u0131d\u0131r. H\u00fcrriyet ve ba\u011f\u0131ms\u0131zl\u0131k ayn\u0131 \u015fekilde aziz Atat\u00fcrk&#8217;\u00fcn de karakteridir, Milli M\u00fccadele&#8217;yi muvaffakiyetle sonu\u00e7land\u0131ran T\u00fcrk milletinin can damar\u0131d\u0131r.&#8221; de\u011ferlendirmesinde bulundu.<\/p>\n<h3>Cumhurba\u015fkanl\u0131\u011f\u0131 H\u00fck\u00fcmet Sistemi<\/h3>\n<p>Bah\u00e7eli, Cumhuriyet&#8217;in, halk\u0131n h\u00fck\u00fcmeti ve demokrasinin k\u00f6kl\u00fc bir tecellisi oldu\u011funu s\u00f6yledi.<\/p>\n<p>Cumhurba\u015fkanl\u0131\u011f\u0131 H\u00fck\u00fcmet Sistemi&#8217;nin bu ger\u00e7e\u011fi kavrayarak Cumhuriyet&#8217;in emanetlerini \u00e7ok g\u00fc\u00e7l\u00fc bi\u00e7imde g\u00fcncelledi\u011fi ve gelece\u011fin T\u00fcrk ve T\u00fcrkiye Y\u00fczy\u0131l\u0131&#8217;na ta\u015f\u0131yacak stratejik ve siyasi f\u0131rsatlar\u0131 sundu\u011funu vurgulayan Bah\u00e7eli, &#8220;E\u011fer Atat\u00fcrk bug\u00fcn ya\u015fam\u0131\u015f olsayd\u0131, devletimizin ge\u00e7irdi\u011fi badireleri dikkate alarak Cumhurba\u015fkanl\u0131\u011f\u0131 H\u00fck\u00fcmet Sistemi&#8217;nin y\u0131lmaz ve y\u0131k\u0131lmaz bir m\u00fcdafaac\u0131s\u0131 olurdu.&#8221; diye konu\u015ftu.<\/p>\n<p>Cumhuriyet&#8217;i ilan eden kurucu kahramanlar\u0131n her zaman, her \u015fart alt\u0131nda milletin hakimiyet ve iradesine ba\u011fl\u0131 kald\u0131klar\u0131n\u0131 ifade eden Bah\u00e7eli, &#8220;Onlar \u00e7eteci de\u011fildi. Onlar hukuk tan\u0131maz de\u011fildi. Onlar plans\u0131z, programs\u0131z ve strateji yoksunu hi\u00e7 de\u011fildi.&#8221; dedi.<\/p>\n<p>&#8220;Cumhuriyet&#8221; fikrinin bir anda, geli\u015fig\u00fczel, keyfekeder ortaya \u00e7\u0131kmad\u0131\u011f\u0131n\u0131 kaydeden Bah\u00e7eli, T\u00fcrkiye Cumhuriyeti&#8217;nin T\u00fcrk milli k\u00fclt\u00fcr\u00fc \u00fczerinden y\u00fckseldi\u011fine i\u015faret etti. Bah\u00e7eli, &#8220;T\u00fcrk milli k\u00fclt\u00fcr\u00fcn\u00fc d\u0131\u015f mihraklar kar\u015f\u0131s\u0131nda bir varl\u0131k olarak ortaya \u00e7\u0131karmak ve geli\u015ftirmek demek evvela halka y\u00f6nelmek ve halk\u0131n d\u00fcnden bug\u00fcne intikal eden k\u00fclt\u00fcr miras\u0131na sahip \u00e7\u0131kmak demektir.&#8221; diye konu\u015ftu.<\/p>\n<p>Milliyet\u00e7ili\u011fin her \u015feyden \u00f6nce bir halk\u00e7\u0131l\u0131k meselesi oldu\u011funu belirten Bah\u00e7eli, halk\u0131n y\u00f6netimi olan Cumhuriyet&#8217;in koruyucu z\u0131rh\u0131 T\u00fcrk milliyet\u00e7ili\u011fi olmakla birlikte ayn\u0131 zamanda karde\u015fli\u011fin, milli birlik ve dayan\u0131\u015fma hissiyat\u0131n\u0131n mahsul\u00fc olan T\u00fcrk as\u0131rlar\u0131n\u0131n fazilet ve feyzi oldu\u011funu ifade etti.<\/p>\n<p>Gazi Mustafa Kemal Atat\u00fcrk ve \u00fclk\u00fc arkada\u015flar\u0131n\u0131n, kongre s\u00fcre\u00e7lerini takiben ilk i\u015f olarak me\u015fruiyet zemini olu\u015fturabilmek i\u00e7in 23 Nisan 1920&#8217;de Millet Meclisini kurduklar\u0131n\u0131 hat\u0131rlatan Bah\u00e7eli, b\u00f6yle T\u00fcrkiye Cumhuriyeti&#8217;nin ilk harc\u0131n\u0131 kard\u0131klar\u0131na dikkati \u00e7ekti.<\/p>\n<p>Devlet Bah\u00e7eli, &#8220;1923&#8217;\u00fcn gelece\u011fi ta 1910&#8217;lu y\u0131llardan bellidir. Atat\u00fcrk&#8217;\u00fcn, a\u011fyar\u0131n\u0131 mani efrad\u0131n\u0131 cami \u015fekilde s\u00f6yledi\u011fi \u00fczere &#8216;Cumhuriyet bilhassa kimsesizlerin kimsesidir.&#8217; T\u00fcrkiye Cumhuriyeti 100&#8217;\u00fcnc\u00fc y\u0131l d\u00f6n\u00fcm\u00fcnde \u00e7ok daha g\u00fc\u00e7l\u00fc, \u00e7ok daha muktedir, \u00e7ok daha geli\u015fmi\u015ftir.&#8221; \u015feklinde konu\u015ftu.<\/p>\n<p>T\u00fcrkiye&#8217;nin n\u00fcfus, istihdam, emekli say\u0131s\u0131, Gayrisafi Yurt \u0130\u00e7i Has\u0131la, ki\u015fi ba\u015f\u0131na d\u00fc\u015fen gelir ile ihracat verilerinin 1923 ve 2023 y\u0131llar\u0131ndaki durumunu anlatan Bah\u00e7eli, s\u00f6zlerini \u015f\u00f6yle s\u00fcrd\u00fcrd\u00fc:<\/p>\n<p>&#8220;Bu mukayeseleri elbette uzatmak m\u00fcmk\u00fcn ve muhtemeldir. Fakat var olu\u015f yok olu\u015f mesabesinde bir Kurtulu\u015f Sava\u015f\u0131&#8217;n\u0131 kazanan, can\u0131n\u0131 di\u015fine takan, kuru ekmekle \u00f6\u011f\u00fcn ge\u00e7iren o d\u00f6nemin aziz millet varl\u0131\u011f\u0131 ve Milli M\u00fccadele kahramanlar\u0131 sayesinde bug\u00fcnk\u00fc geli\u015fmi\u015flik mertebesine vas\u0131l olunmu\u015ftur. D\u00fcn olmasayd\u0131 bug\u00fcn hi\u00e7 olmazd\u0131. Samsun&#8217;a \u00e7\u0131k\u0131lmasayd\u0131, Ankara&#8217;da tutunamazd\u0131k. D\u00fc\u015fman kovulmasayd\u0131 vatan topraklar\u0131nda ya\u015fayamazd\u0131k. Nefes al\u0131yorsak bunun \u015feref payesi; \u015fehitlerimizin, gazilerimizin, Milli M\u00fccadele kahramanlar\u0131n\u0131n ve b\u00fcy\u00fck T\u00fcrk milletinindir. Aziz Atat\u00fcrk ve arkada\u015flar\u0131 aya\u011fa kalkmasayd\u0131, ezan sesi yerine \u00e7an sesleri duyulur; Mehmet, Ahmet, Hasan, Ay\u015fe isimlerinin yerine John, Hans ve Elizabeth isimleri bu co\u011frafyaya pranga vururdu. Cenab\u0131allah istiklalimizin ko\u00e7ba\u015flar\u0131ndan bir de\u011fil, bin defa raz\u0131 olsun. Ne desek az, ne s\u00f6ylesek nafiledir. Nice 100 y\u0131llara tam ba\u011f\u0131ms\u0131z \u015fekilde ula\u015fmak niyaz\u0131md\u0131r.&#8221;<\/p>\n<h3>&#8220;Cumhuriyet&#8217;in 100&#8217;\u00fcnc\u00fc y\u0131l d\u00f6n\u00fcm\u00fc hay\u0131rl\u0131 u\u011furlu olsun&#8221;<\/h3>\n<p>MHP lideri Bah\u00e7eli, geri d\u00f6nmeyi d\u00fc\u015f\u00fcnmeyen Milli M\u00fccadele kahramanlar\u0131n\u0131n aziz hat\u0131ralar\u0131 \u00f6n\u00fcnde tazimle e\u011fildi\u011fini dile getirerek, \u015funlar\u0131 kaydetti:<\/p>\n<p>&#8220;S\u0131n\u0131rs\u0131z ba\u011fl\u0131l\u0131k, vazge\u00e7ilmez yemin, hi\u00e7 bitmeyecek azimle b\u00fcy\u00fck T\u00fcrk milletinin Cumhuriyet Bayram\u0131&#8217;n\u0131 bug\u00fcnden kutluyorum. Cumhuriyet&#8217;in 100&#8217;\u00fcnc\u00fc y\u0131l d\u00f6n\u00fcm\u00fc hay\u0131rl\u0131 u\u011furlu olsun diyorum. Gazi Mustafa Kemal Atat\u00fcrk ba\u015fta olmak \u00fczere istiklalimizin onurunu yedi d\u00fcvelin aln\u0131na kanlar\u0131yla kaz\u0131yan \u015fehitlerimize, Milli M\u00fccadele&#8217;nin t\u00fcm neferlerine, muhterem ecdad\u0131m\u0131za Allah&#8217;tan rahmetler diliyorum. Huzurlu millet, g\u00fc\u00e7l\u00fc devlet, onurlu gelecek mutlaka cumhurla ger\u00e7ekle\u015fecek, T\u00fcrkiye Cumhuriyeti ilelebet ya\u015fay\u0131p ya\u015fat\u0131lacakt\u0131r. Cumhursuz Cumhuriyet, T\u00fcrks\u00fcz millet, par\u00e7al\u0131 devlet d\u00fc\u015fleyenlerin, \u015fahadet p\u0131nar\u0131ndan kana kana i\u00e7meye haz\u0131r bir \u015fuur kar\u015f\u0131s\u0131nda mahv\u0131 peri\u015fan olmaktan ba\u015fka da \u015fanslar\u0131 olmayacakt\u0131r. Ya\u015fas\u0131n T\u00fcrk milleti, T\u00fcrkiye Cumhuriyeti.&#8221;<\/p>\n<p>Devlet Bah\u00e7eli, g\u00fcn\u00fcbirlik d\u00fc\u015f\u00fcnmenin, devlet akl\u0131n\u0131 k\u00f6reltmenin, hamasetle g\u00fcn\u00fc kurtarman\u0131n, hadiselerin ak\u0131\u015f\u0131na g\u00f6re politika de\u011fi\u015ftirmenin, b\u00f6lgesel tehdit ve tehlikeleri eninde sonunda vatan topraklar\u0131na ta\u015f\u0131yaca\u011f\u0131na dikkati \u00e7ekti.<\/p>\n<p>13 Kas\u0131m 2009&#8217;da TBMM Genel Kurulunda yapt\u0131\u011f\u0131 konu\u015fmay\u0131 an\u0131msatan Bah\u00e7eli, \u015f\u00f6yle devam etti:<\/p>\n<p>&#8220;Hi\u00e7 kimsenin teredd\u00fcd\u00fc olmas\u0131n ki 14 y\u0131l evvelinden ne s\u00f6ylemi\u015fsem arkas\u0131nday\u0131m ve alt\u0131ndaki imzama da sahip \u00e7\u0131kacak ahlaki tutarl\u0131l\u0131\u011f\u0131 sonuna kadar g\u00f6steririm. At\u0131n\u0131 ke\u00e7eyle nallayan ahmaklar bizim duru\u015fumuzu elbet anlayamaz. B\u00f6yle bir beklenti i\u00e7inde olmad\u0131\u011f\u0131m\u0131z\u0131 da payla\u015fmak isterim. Devlet akl\u0131 g\u00fcnl\u00fck me\u015fgaleyle de\u011fil \u00f6n\u00fcm\u00fczdeki y\u00fczy\u0131l\u0131 okuyan stratejik basiretle tezah\u00fcr etmektedir. K\u0131s\u0131r \u00e7eki\u015fmelerin, baya\u011f\u0131 ezberlerin, s\u00f6z ve siyasi cephele\u015fmelerin devlet y\u00f6netimine y\u00f6n vermesi diye bir \u015fey olamaz. Ufuk \u00f6tesindeki ufku g\u00f6rebildi\u011fimiz s\u00fcrece, tehlikelerin ard\u0131nda ye\u015feren nevzuhur tehlikeleri tarih \u015fuuruyla okuyabildi\u011fimiz taktirde milli g\u00fc\u00e7 kaynaklar\u0131n\u0131 \u00fclkemizin ve milletimizin bekas\u0131 i\u00e7in devaml\u0131 tetikte ve zinde tutabiliriz.&#8221;<\/p>\n<p>Milli M\u00fccadele kahramanlar\u0131n\u0131n askeri, siyasi ve diplomatik m\u00fccadelelerinin merkezinde Misak-\u0131 Milli&#8217;nin zamanlar \u00fcst\u00fc h\u00fck\u00fcmlerinin bulundu\u011funa dikkati \u00e7eken Bah\u00e7eli, Misak-\u0131 Milli&#8217;nin ihlal edilemez bir egemenlik beyan\u0131 oldu\u011funu ve zaman a\u015f\u0131m\u0131na tabi olmad\u0131\u011f\u0131n\u0131 ifade etti.<\/p>\n<h3>&#8220;Ecdad\u0131m\u0131z\u0131n miras\u0131&#8221;<\/h3>\n<p>MHP Genel Ba\u015fkan\u0131 Bah\u00e7eli, vatan\u0131 koruman\u0131n, devleti m\u00fcdafaa etmenin ve milli varl\u0131\u011f\u0131 savunman\u0131n, Anadolu topraklar\u0131na saplan\u0131p kalarak yap\u0131lamayaca\u011f\u0131n\u0131 vurgulayarak, s\u00f6zlerini \u015f\u00f6yle s\u00fcrd\u00fcrd\u00fc:<\/p>\n<p>&#8220;E\u011fer b\u00f6yle olursa kademe kademe vatan\u0131m\u0131z\u0131 kaybederiz. Cumhurba\u015fkan\u0131m\u0131z Say\u0131n Recep Tayyip Erdo\u011fan bu \u015fuur ve siyasetle \u00fclkemize y\u00f6nelmi\u015f tehditleri kayna\u011f\u0131nda bertaraf etmek i\u00e7in muazzam bir m\u00fccadelenin i\u00e7indedir ve kesinlikle yaln\u0131z de\u011fildir. Kud\u00fcs g\u00fcvende de\u011filse, Gazze g\u00fcvende de\u011filse, Halep g\u00fcvende de\u011filse, Kerk\u00fck g\u00fcvende de\u011filse, soyda\u015flar\u0131m\u0131z ve din karde\u015flerimiz g\u00fcvende de\u011filse, alt\u0131n\u0131 \u00e7izerek belirtiyorum ki Ankara&#8217;n\u0131n g\u00fcvenli\u011finden hi\u00e7bir ak\u0131l ve vicdan sahibi bahsedemeyecektir.&#8221;<\/p>\n<p>Bug\u00fcn Gazze&#8217;de ya\u015fanan felaketlerin bir insanl\u0131k su\u00e7u oldu\u011funu belirten Bah\u00e7eli, &#8220;Kadim devlet akl\u0131m\u0131z ve irademizle devrede olmazsak, siyasi ve diplomatik temaslar\u0131m\u0131z\u0131 askeri cayd\u0131r\u0131c\u0131l\u0131kla desteklemezsek, g\u00fcn\u00fc geldi\u011finde Gazze\u2019deki dramlar\u0131n bir benzerine, Allah muhafaza ama Anadolu\u2019da da mahkum olmam\u0131z ka\u00e7\u0131n\u0131lmazd\u0131r. Bu d\u00fc\u015f\u00fcncemin muhataplar\u0131 zeka \u00f6z\u00fcrl\u00fcs\u00fc i\u015f birlik\u00e7iler de\u011fildir. Bu d\u00fc\u015f\u00fcncemin muhataplar\u0131 i\u00e7 ihanet ve i\u015fgal cephesinde birle\u015fen ci\u011feri be\u015f para etmez soysuzlar hi\u00e7 de\u011fildir.&#8221; ifadelerini kulland\u0131.<\/p>\n<p>MHP lideri Devlet Bah\u00e7eli, 21 Ekim 2023 ak\u015fam\u0131 sosyal medyadan yapt\u0131\u011f\u0131 payla\u015f\u0131m\u0131n, milletine, devletine, insanl\u0131k onuruna ve gelecek nesillere duydu\u011fu tart\u0131\u015f\u0131lmaz sorumlulu\u011fun tan\u0131m\u0131 ve tavzihi oldu\u011funu dile getirerek, o g\u00fcnden bug\u00fcne destek mesajlar\u0131 kadar haks\u0131z ele\u015ftirileri de takip etti\u011fini anlatt\u0131.<\/p>\n<p>Payla\u015f\u0131m\u0131n\u0131 aktaran Bah\u00e7eli, &#8220;Gazze&#8217;yi koruma ve kollama misyonunu \u00fcstlenmek bize ecdad\u0131m\u0131z\u0131n miras\u0131d\u0131r.&#8221; s\u00f6zlerine yer verdi\u011fini de hat\u0131rlatt\u0131.<\/p>\n<p>Baz\u0131lar\u0131n\u0131n \u015fahs\u0131na y\u00f6nelik &#8220;\u00d6nden siz buyurun.&#8221; \u015feklinde alayc\u0131 bir \u00fcslupla karalama kampanyas\u0131na alet olduklar\u0131n\u0131 belirten Bah\u00e7eli, &#8220;Hi\u00e7 merak buyurmas\u0131nlar, bizim anlay\u0131\u015f ve an\u0131lar\u0131m\u0131zda kimin arkadan gelece\u011fine bakmadan \u00f6nden gider \u015fehit \u00f6n kuzular. Devletim istesin, milletim destek versin, \u015fartlar da \u00f6yle gerektirsin, \u015fayet Gazze&#8217;deki \u00e7ocuklara kol kanat germek, f\u00fczeye kar\u015f\u0131 sapan ta\u015f\u0131yla insanl\u0131k mevzisine girmek i\u00e7in yola revan olmazsam namerdim.&#8221; \u015feklinde konu\u015ftu.<\/p>\n<p>Bah\u00e7eli, y\u00f6neltilen baz\u0131 ele\u015ftirileri aktararak, \u015funlar\u0131 kaydetti:<\/p>\n<p>&#8220;Bu ifade sahiplerinin hepsi birden vicdanen ve kalben yanm\u0131\u015f ve k\u00fcle d\u00f6nm\u00fc\u015f bir avu\u00e7 \u00e7apulcudur. Gazze&#8217;deki toplu katliam\u0131 ve soyk\u0131r\u0131ma varan \u0130srail \u015fiddetini idrak etmek i\u00e7in Filistinli olmaya gerek yoktur, birilerinin iddia etti\u011fi gibi Arap olmaya gerek yoktur, hatta M\u00fcsl\u00fcman olmaya da gerek yoktur; sadece insan olmak, insani de\u011ferleri savunmak kafidir. Hastaneler bombalan\u0131yor, okullar, camiler, kiliseler vuruluyor. Ey vicdans\u0131z d\u00fcnya, \u00e7ocuklar Kelimei\u015fehadet getirerek can veriyor. Ey suskun insanl\u0131k, hayatta kalan Filistinli \u00e7ocuklar, s\u0131rayla kefenlenmi\u015f cans\u0131z bedenler aras\u0131nda anne ve babalar\u0131n\u0131 a\u011flayarak ar\u0131yor ve ara\u015ft\u0131r\u0131yor. Mazlumlar\u0131n ah\u0131 y\u00fcreklerimizi yak\u0131yor.&#8221;<\/p>\n<h3>\u00a0&#8220;Zul\u00fcm kar\u015f\u0131s\u0131nda tarafs\u0131zl\u0131k namussuzluktur&#8221;<\/h3>\n<p>MHP lideri Bah\u00e7eli, Gazzelilerin Sina Yar\u0131madas\u0131&#8217;na, Bat\u0131 \u015eeria&#8217;da ya\u015fayanlar\u0131n da \u00dcrd\u00fcn&#8217;e s\u00fcr\u00fclmesi i\u00e7in haz\u0131rl\u0131k yap\u0131ld\u0131\u011f\u0131n\u0131 ifade ederek, &#8220;Bug\u00fcn Filistin, yar\u0131n t\u00fcm b\u00f6lge ve nihayet T\u00fcrkiye&#8217;nin ku\u015fat\u0131lmas\u0131 ama\u00e7lan\u0131yor. Zul\u00fcm kar\u015f\u0131s\u0131nda tarafs\u0131zl\u0131k namussuzluktur. Biz \u00e7ok \u015f\u00fck\u00fcr namussuz de\u011filiz, taraf\u0131z, hakl\u0131n\u0131n, masumun, insan onurunun, tarih ve inan\u00e7 ba\u011flar\u0131m\u0131z olan karde\u015flerimizin taraf\u0131y\u0131z. 24 saat dolmu\u015ftur. T\u00fcrkiye Cumhuriyeti insanl\u0131k nam ve hesab\u0131na, bar\u0131\u015f ve \u00e7\u00f6z\u00fcm iklimini ye\u015fertmek, garant\u00f6rl\u00fck mekanizmas\u0131n\u0131 kurmak ad\u0131na her t\u00fcrl\u00fc m\u00fcdahale ve m\u00fccadeleye haz\u0131r ve kararl\u0131 olmal\u0131d\u0131r.&#8221; de\u011ferlendirmelerinde bulundu.<\/p>\n<p>Geri ad\u0131m atmayacaklar\u0131n\u0131 vurgulayan Bah\u00e7eli, &#8220;24 saati Amerika&#8217;n\u0131n saatiyle \u00f6zde\u015fle\u015ftirip &#8216;Neredeydin 24 saat?&#8217; diye soran Amerikan u\u015faklar\u0131. Biden saat ka\u00e7ta dinlenme ofisine gitti?&#8221; ifadelerini kulland\u0131.<\/p>\n<p>Bah\u00e7eli, s\u00f6zlerini \u015f\u00f6yle s\u00fcrd\u00fcrd\u00fc:<\/p>\n<p>&#8220;BM etkisizdir. BM Genel Sekreteri Refah S\u0131n\u0131r Kap\u0131s\u0131&#8217;nda boy g\u00f6stermekten ba\u015fka bir \u015fey yapamam\u0131\u015ft\u0131r. \u0130slam \u0130\u015fbirli\u011fi Te\u015fkilat\u0131ndan umut yoktur. Gazze i\u00e7in Kahire Bar\u0131\u015f Zirvesi&#8217;nden bir sonu\u00e7 \u00e7\u0131kmam\u0131\u015ft\u0131r. \u0130slam \u00fclkeleri at\u0131l ve aciz \u015fekilde Gazze&#8217;nin bombalanmas\u0131n\u0131 izlemektedir. O halde Gazze&#8217;yi koruma ve kollama misyonu T\u00fcrk milletinin \u00fczerindedir. Ya kal\u0131c\u0131 bar\u0131\u015f ortam\u0131 sa\u011flanarak iki devletli \u00e7\u00f6z\u00fcm i\u00e7in taraflar masaya oturur ya da Gazze&#8217;nin imhas\u0131na T\u00fcrkiye Cumhuriyeti her ihtimali dikkate alarak tepkisini \u00fcst d\u00fczeyde, en seri ve sert \u015fekilde g\u00f6sterir. Bizim tavr\u0131m\u0131z, tutumumuz ve duru\u015fumuz budur. Gazze&#8217;ye gitmek gerekirse de hi\u00e7 kimse meraklanmas\u0131n, Mescid-i Aksa&#8217;n\u0131n manevi ihti\u015fam\u0131yla, Allah&#8217;\u0131n inayetiyle aran\u0131lan ve beklenilen her yerde \u015fafak s\u00f6kmeden olmas\u0131n\u0131 da gayet iyi biliriz.&#8221;<\/p>\n<p>Devlet Bah\u00e7eli, \u00e7ocuklar, bebekler ve kad\u0131nlar\u0131n \u00f6lmemesi; zalimlerin mahvolmas\u0131; huzur, bar\u0131\u015f ve istikrar\u0131n derhal ve \u00f6n \u015farts\u0131z \u00e7at\u0131\u015fma b\u00f6lgesine hakim olmas\u0131 temennisinde de bulundu.<\/p>\n<p>Bu arada Bah\u00e7eli&#8217;nin Cumhuriyet&#8217;in 100. y\u0131l\u0131 nedeniyle \u00fczerinde T\u00fcrk bayra\u011f\u0131 ve 1923-2023 yaz\u0131l\u0131 y\u00fcz\u00fck takt\u0131\u011f\u0131 dikkat \u00e7ekti.<\/p>\n<p>                            <span class=\"detay-foto-editor\">&#13;<br \/>\n                                <a href=\"https:\/\/www.aa.com.tr\/tr\/p\/abonelik-talep-formu\/1001\" target=\"_blank\" style=\"font-size:12px; color:#444; text-decoration:none;\" rel=\"noopener\">&#13;<br \/>\n                                    Anadolu Ajans\u0131 web sitesinde, AA Haber Ak\u0131\u015f Sistemi (HAS) \u00fczerinden abonelere sunulan haberler, \u00f6zetlenerek yay\u0131mlanmaktad\u0131r. <b style=\"color:#1897F7\">Abonelik i\u00e7in l\u00fctfen ileti\u015fime ge\u00e7iniz.<\/b>&#13;<br \/>\n                                <\/a>&#13;<br \/>\n                            <\/span>\n                        <\/div>\n<p><script>\n\t  window.fbAsyncInit = function() {\n\t\tFB.init({\n\t\t  appId: '1855843514662870',\n\t\t  status : true, \/\/ check login status\n\t\t  cookie : true, \/\/ enable cookies to allow the server to access the session\n\t\t  xfbml  : true  \/\/ parse XFBML\n\t\t});\n\t  };<\/p>\n<p>\t  (function() {\n\t\tvar e = document.createElement('script');\n\t\te.src=\"https:\/\/connect.facebook.net\/tr_TR\/all.js\";\n\t\te.async = true;\n\t\tdocument.getElementById('fb-root').appendChild(e);\n\t  }());\n    <\/script><\/p>\n","protected":false},"excerpt":{"rendered":"<p>MHP Genel Ba\u015fkan\u0131 Devlet Bah\u00e7eli, MHP TBMM Grup Toplant\u0131s\u0131&#8217;nda yapt\u0131\u011f\u0131 konu\u015fmada, kurulan ile y\u0131k\u0131lan T\u00fcrk devletlerinin ayr\u0131 ayr\u0131 kaynaklardan de\u011fil ayn\u0131 milli k\u00fclt\u00fcr\u00fcn g\u00f6z kama\u015ft\u0131ran ufkundan do\u011fdu\u011funu; T\u00fcrk tarihinde kopukluk veya kesintinin hi\u00e7 olmad\u0131\u011f\u0131n\u0131 ve olu\u015fmad\u0131\u011f\u0131n\u0131 vurgulad\u0131. B\u00fct\u00fcnc\u00fcl zaman telakkisinin T\u00fcrkl\u00fc\u011f\u00fcn devlet ve millet anlay\u0131\u015f\u0131n\u0131 tarih boyunca ku\u015fatt\u0131\u011f\u0131n\u0131n alt\u0131n\u0131 \u00e7izen Bah\u00e7eli, kurulan her T\u00fcrk devletinin [&hellip;]<\/p>\n","protected":false},"author":1,"featured_media":19537,"comment_status":"","ping_status":"","sticky":false,"template":"","format":"standard","meta":[],"categories":[47],"tags":[],"_links":{"self":[{"href":"https:\/\/kraios.app\/news\/wp-json\/wp\/v2\/posts\/19536"}],"collection":[{"href":"https:\/\/kraios.app\/news\/wp-json\/wp\/v2\/posts"}],"about":[{"href":"https:\/\/kraios.app\/news\/wp-json\/wp\/v2\/types\/post"}],"author":[{"embeddable":true,"href":"https:\/\/kraios.app\/news\/wp-json\/wp\/v2\/users\/1"}],"replies":[{"embeddable":true,"href":"https:\/\/kraios.app\/news\/wp-json\/wp\/v2\/comments?post=19536"}],"version-history":[{"count":0,"href":"https:\/\/kraios.app\/news\/wp-json\/wp\/v2\/posts\/19536\/revisions"}],"wp:featuredmedia":[{"embeddable":true,"href":"https:\/\/kraios.app\/news\/wp-json\/wp\/v2\/media\/19537"}],"wp:attachment":[{"href":"https:\/\/kraios.app\/news\/wp-json\/wp\/v2\/media?parent=19536"}],"wp:term":[{"taxonomy":"category","embeddable":true,"href":"https:\/\/kraios.app\/news\/wp-json\/wp\/v2\/categories?post=19536"},{"taxonomy":"post_tag","embeddable":true,"href":"https:\/\/kraios.app\/news\/wp-json\/wp\/v2\/tags?post=19536"}],"curies":[{"name":"wp","href":"https:\/\/api.w.org\/{rel}","templated":true}]}}