{"id":19526,"date":"2023-10-24T09:54:17","date_gmt":"2023-10-24T09:54:17","guid":{"rendered":"https:\/\/kraios.app\/news\/siyaset\/2023\/10\/24\/ak-parti-istanbul-il-baskani-kabaktepeden-buyuk-filistin-mitingine-cagri\/"},"modified":"2023-10-24T09:54:17","modified_gmt":"2023-10-24T09:54:17","slug":"ak-parti-istanbul-il-baskani-kabaktepeden-buyuk-filistin-mitingine-cagri","status":"publish","type":"post","link":"https:\/\/kraios.app\/news\/siyaset\/2023\/10\/24\/ak-parti-istanbul-il-baskani-kabaktepeden-buyuk-filistin-mitingine-cagri\/","title":{"rendered":"AK Parti \u0130stanbul \u0130l Ba\u015fkan\u0131 Kabaktepe&#8217;den &#8220;B\u00fcy\u00fck Filistin Mitingi&#8221;ne \u00e7a\u011fr\u0131"},"content":{"rendered":"<p><\/p>\n<div>\n<p>28 Ekim&#8217;de yap\u0131lacak &#8220;B\u00fcy\u00fck Filistin Mitingi&#8221; hakk\u0131nda, partisinin \u0130l Ba\u015fkanl\u0131\u011f\u0131nda bas\u0131n a\u00e7\u0131klamas\u0131 yapan AK Parti \u0130stanbul \u0130l Ba\u015fkan\u0131 Osman Nuri Kabaktepe, 21. y\u00fczy\u0131lda insanl\u0131k tarihinin en vah\u015fi sald\u0131r\u0131lar\u0131ndan biriyle kar\u015f\u0131 kar\u015f\u0131ya kal\u0131nd\u0131\u011f\u0131n\u0131 s\u00f6yledi.<\/p>\n<p>Filistin&#8217;de 2 milyonun \u00fczerinde s\u0131k\u0131\u015ft\u0131r\u0131lm\u0131\u015f insan\u0131n, bombalar alt\u0131nda ya\u015famak zorunda b\u0131rak\u0131ld\u0131\u011f\u0131n\u0131 belirten Kabaktepe, &#8220;\u00d6ld\u00fcr\u00fclen 5 binin \u00fczerinde insandan 2 bin 500&#8217;den fazlas\u0131n\u0131n \u00e7ocuk oldu\u011funu, 1500&#8217;e yak\u0131n\u0131n\u0131n kad\u0131n oldu\u011funu \u00f6\u011frenince, insan\u0131n sesini y\u00fckseltebildi\u011fi kadar y\u00fckselterek bu sald\u0131r\u0131lar\u0131n -bu insan \u00f6l\u00fcm\u00fcn\u00fcn, \u00e7ocuk \u00f6l\u00fcm\u00fcn\u00fcn, kad\u0131n \u00f6l\u00fcm\u00fcn\u00fcn- bir an evvel durdurulmas\u0131 i\u00e7in, &#8216;dur&#8217; demek i\u00e7in elinden gelen her \u015feyi yapmas\u0131 gerekti\u011fine dair duygusu ve hisleri g\u00fc\u00e7l\u00fc bir \u015fekilde harekete ge\u00e7iyor. T\u00fcm d\u00fcnyada buna d\u00f6n\u00fck \u00e7abalar\u0131 g\u00f6r\u00fcyoruz.&#8221; ifadesini kulland\u0131. <\/p>\n<p>\u0130stanbul&#8217;da, sald\u0131r\u0131lar\u0131n ba\u015flad\u0131\u011f\u0131 g\u00fcnden itibaren vatanda\u015flar\u0131n ve sivil toplum \u00f6rg\u00fctlerinin, tepkilerini ortaya koydu\u011funu vurgulayan Kabaktepe, &#8220;Yine bu anlamda cumartesi g\u00fcn\u00fc \u0130stanbul&#8217;umuzda, Atat\u00fcrk Havaliman\u0131 bah\u00e7esinde, saat 15.00&#8217;te bu sald\u0131r\u0131ya kar\u015f\u0131 milletimizin, \u0130stanbul&#8217;daki karde\u015flerimizin, hem\u015fehrilerimizin &#8216;dur&#8217; diyecekleri, seslerini duyuracaklar\u0131 bir program d\u00fczenlenecek. Oraya da t\u00fcm \u0130stanbullu hem\u015fehrilerimizi davet ediyoruz.&#8221; diye konu\u015ftu. <\/p>\n<h3>&#8220;Tarihin \u00f6n\u00fcnde do\u011fru \u015fahitlik yapt\u0131\u011f\u0131m\u0131z\u0131 g\u00f6stermek i\u00e7in&#8221;<\/h3>\n<p>Kabaktepe, Gazze&#8217;ye y\u00f6nelik sald\u0131r\u0131lar\u0131n durmas\u0131 i\u00e7in gerekli \u00e7a\u011fr\u0131y\u0131 yapabilmek ve seslerini y\u00fckseltmek i\u00e7in demokratik haklar\u0131n\u0131 sonuna kadar kullanacaklar\u0131n\u0131 kaydetti. <\/p>\n<p>\u00d6ld\u00fcr\u00fclen gazetecilerin, yard\u0131m kurulu\u015fu g\u00f6revlilerinin, doktorlar\u0131n, \u00e7ocuklar\u0131n ve kad\u0131nlar\u0131n say\u0131lar\u0131n\u0131n, insan\u0131n vicdan\u0131n\u0131 s\u0131zlatt\u0131\u011f\u0131n\u0131 s\u00f6yleyen Kabaktepe, bir an \u00f6nce bu sald\u0131r\u0131lar\u0131n durdurulmas\u0131 i\u00e7in k\u00fcresel anlamda harekete ge\u00e7mek gerekti\u011fini, g\u00fcc\u00fc ve etkisi olan \u00fclkelerin vah\u015feti k\u00f6r\u00fckleyecek pozisyonda de\u011fil de ate\u015fkesin sa\u011flanmas\u0131 noktas\u0131nda \u00e7a\u011fr\u0131da bulunmas\u0131 gerekti\u011fini vurgulad\u0131. <\/p>\n<p>AK Parti \u0130stanbul \u0130l Ba\u015fkan\u0131 Kabaktepe, s\u00f6zlerini \u015f\u00f6yle s\u00fcrd\u00fcrd\u00fc:<\/p>\n<p>&#8220;T\u00fcm \u0130stanbullu hem\u015fehrilerimizle, tarihin \u00f6n\u00fcnde do\u011fru \u015fahitlik yapt\u0131\u011f\u0131m\u0131z\u0131 g\u00f6stermek i\u00e7in, 2 bin 500&#8217;\u00fcn \u00fczerinde \u00f6len \u00e7ocuklar\u0131m\u0131za yeni \u00e7ocuklar\u0131n eklenmemesi i\u00e7in, 60&#8217;\u0131n \u00fczerinde \u00f6len doktorlara yeni doktorlar\u0131n eklenmemesi i\u00e7in, ezc\u00fcmle insanl\u0131\u011f\u0131n \u00f6lmedi\u011fini g\u00f6stermek ve &#8216;Daha adil bir d\u00fcnya m\u00fcmk\u00fcn, adil bir bar\u0131\u015f m\u00fcmk\u00fcn&#8217; ger\u00e7e\u011fini t\u00fcm d\u00fcnyaya hayk\u0131rmak i\u00e7in en az 1 milyon \u0130stanbullu olarak Atat\u00fcrk Havaliman\u0131&#8217;nda cumartesi g\u00fcn\u00fc saat 15.00&#8217;te bulu\u015faca\u011f\u0131z. T\u00fcm \u0130stanbullu hem\u015fehrilerimizin ve karde\u015flerimizin bu anlamdaki duru\u015flar\u0131n\u0131 biliyoruz. Bu duru\u015flar\u0131n\u0131 g\u00f6stermek i\u00e7in Atat\u00fcrk Havaliman\u0131&#8217;na bekliyoruz.&#8221;<\/p>\n<p>                            <span class=\"detay-foto-editor\">&#13;<br \/>\n                                <a href=\"https:\/\/www.aa.com.tr\/tr\/p\/abonelik-talep-formu\/1001\" target=\"_blank\" style=\"font-size:12px; color:#444; text-decoration:none;\" rel=\"noopener\">&#13;<br \/>\n                                    Anadolu Ajans\u0131 web sitesinde, AA Haber Ak\u0131\u015f Sistemi (HAS) \u00fczerinden abonelere sunulan haberler, \u00f6zetlenerek yay\u0131mlanmaktad\u0131r. <b style=\"color:#1897F7\">Abonelik i\u00e7in l\u00fctfen ileti\u015fime ge\u00e7iniz.<\/b>&#13;<br \/>\n                                <\/a>&#13;<br \/>\n                            <\/span>\n                        <\/div>\n<p><script>\n\t  window.fbAsyncInit = function() {\n\t\tFB.init({\n\t\t  appId: '1855843514662870',\n\t\t  status : true, \/\/ check login status\n\t\t  cookie : true, \/\/ enable cookies to allow the server to access the session\n\t\t  xfbml  : true  \/\/ parse XFBML\n\t\t});\n\t  };<\/p>\n<p>\t  (function() {\n\t\tvar e = document.createElement('script');\n\t\te.src=\"https:\/\/connect.facebook.net\/tr_TR\/all.js\";\n\t\te.async = true;\n\t\tdocument.getElementById('fb-root').appendChild(e);\n\t  }());\n    <\/script><\/p>\n","protected":false},"excerpt":{"rendered":"<p>28 Ekim&#8217;de yap\u0131lacak &#8220;B\u00fcy\u00fck Filistin Mitingi&#8221; hakk\u0131nda, partisinin \u0130l Ba\u015fkanl\u0131\u011f\u0131nda bas\u0131n a\u00e7\u0131klamas\u0131 yapan AK Parti \u0130stanbul \u0130l Ba\u015fkan\u0131 Osman Nuri Kabaktepe, 21. y\u00fczy\u0131lda insanl\u0131k tarihinin en vah\u015fi sald\u0131r\u0131lar\u0131ndan biriyle kar\u015f\u0131 kar\u015f\u0131ya kal\u0131nd\u0131\u011f\u0131n\u0131 s\u00f6yledi. Filistin&#8217;de 2 milyonun \u00fczerinde s\u0131k\u0131\u015ft\u0131r\u0131lm\u0131\u015f insan\u0131n, bombalar alt\u0131nda ya\u015famak zorunda b\u0131rak\u0131ld\u0131\u011f\u0131n\u0131 belirten Kabaktepe, &#8220;\u00d6ld\u00fcr\u00fclen 5 binin \u00fczerinde insandan 2 bin 500&#8217;den fazlas\u0131n\u0131n [&hellip;]<\/p>\n","protected":false},"author":1,"featured_media":19527,"comment_status":"","ping_status":"","sticky":false,"template":"","format":"standard","meta":[],"categories":[47],"tags":[],"_links":{"self":[{"href":"https:\/\/kraios.app\/news\/wp-json\/wp\/v2\/posts\/19526"}],"collection":[{"href":"https:\/\/kraios.app\/news\/wp-json\/wp\/v2\/posts"}],"about":[{"href":"https:\/\/kraios.app\/news\/wp-json\/wp\/v2\/types\/post"}],"author":[{"embeddable":true,"href":"https:\/\/kraios.app\/news\/wp-json\/wp\/v2\/users\/1"}],"replies":[{"embeddable":true,"href":"https:\/\/kraios.app\/news\/wp-json\/wp\/v2\/comments?post=19526"}],"version-history":[{"count":0,"href":"https:\/\/kraios.app\/news\/wp-json\/wp\/v2\/posts\/19526\/revisions"}],"wp:featuredmedia":[{"embeddable":true,"href":"https:\/\/kraios.app\/news\/wp-json\/wp\/v2\/media\/19527"}],"wp:attachment":[{"href":"https:\/\/kraios.app\/news\/wp-json\/wp\/v2\/media?parent=19526"}],"wp:term":[{"taxonomy":"category","embeddable":true,"href":"https:\/\/kraios.app\/news\/wp-json\/wp\/v2\/categories?post=19526"},{"taxonomy":"post_tag","embeddable":true,"href":"https:\/\/kraios.app\/news\/wp-json\/wp\/v2\/tags?post=19526"}],"curies":[{"name":"wp","href":"https:\/\/api.w.org\/{rel}","templated":true}]}}