{"id":19430,"date":"2023-10-23T22:51:27","date_gmt":"2023-10-23T22:51:27","guid":{"rendered":"https:\/\/kraios.app\/news\/siyaset\/2023\/10\/23\/icisleri-bakani-yerlikaya-yunanistan-goc-ve-iltica-bakani-kairidis-ile-gorustu\/"},"modified":"2023-10-23T22:51:27","modified_gmt":"2023-10-23T22:51:27","slug":"icisleri-bakani-yerlikaya-yunanistan-goc-ve-iltica-bakani-kairidis-ile-gorustu","status":"publish","type":"post","link":"https:\/\/kraios.app\/news\/siyaset\/2023\/10\/23\/icisleri-bakani-yerlikaya-yunanistan-goc-ve-iltica-bakani-kairidis-ile-gorustu\/","title":{"rendered":"\u0130\u00e7i\u015fleri Bakan\u0131 Yerlikaya, Yunanistan G\u00f6\u00e7 ve \u0130ltica Bakan\u0131 Kairidis ile g\u00f6r\u00fc\u015ft\u00fc"},"content":{"rendered":"<p>\u0130\u00e7i\u015fleri Bakan\u0131 Ali Yerlikaya, Yunanistan G\u00f6\u00e7 ve \u0130ltica Bakan\u0131 Dimitris Kairidis ile bir araya geldi.<\/p>\n","protected":false},"excerpt":{"rendered":"<p>\u0130\u00e7i\u015fleri Bakan\u0131 Ali Yerlikaya, Yunanistan G\u00f6\u00e7 ve \u0130ltica Bakan\u0131 Dimitris Kairidis ile bir araya geldi.<\/p>\n","protected":false},"author":1,"featured_media":19431,"comment_status":"","ping_status":"","sticky":false,"template":"","format":"standard","meta":[],"categories":[47],"tags":[],"_links":{"self":[{"href":"https:\/\/kraios.app\/news\/wp-json\/wp\/v2\/posts\/19430"}],"collection":[{"href":"https:\/\/kraios.app\/news\/wp-json\/wp\/v2\/posts"}],"about":[{"href":"https:\/\/kraios.app\/news\/wp-json\/wp\/v2\/types\/post"}],"author":[{"embeddable":true,"href":"https:\/\/kraios.app\/news\/wp-json\/wp\/v2\/users\/1"}],"replies":[{"embeddable":true,"href":"https:\/\/kraios.app\/news\/wp-json\/wp\/v2\/comments?post=19430"}],"version-history":[{"count":0,"href":"https:\/\/kraios.app\/news\/wp-json\/wp\/v2\/posts\/19430\/revisions"}],"wp:featuredmedia":[{"embeddable":true,"href":"https:\/\/kraios.app\/news\/wp-json\/wp\/v2\/media\/19431"}],"wp:attachment":[{"href":"https:\/\/kraios.app\/news\/wp-json\/wp\/v2\/media?parent=19430"}],"wp:term":[{"taxonomy":"category","embeddable":true,"href":"https:\/\/kraios.app\/news\/wp-json\/wp\/v2\/categories?post=19430"},{"taxonomy":"post_tag","embeddable":true,"href":"https:\/\/kraios.app\/news\/wp-json\/wp\/v2\/tags?post=19430"}],"curies":[{"name":"wp","href":"https:\/\/api.w.org\/{rel}","templated":true}]}}