{"id":19382,"date":"2023-10-23T18:40:11","date_gmt":"2023-10-23T18:40:11","guid":{"rendered":"https:\/\/kraios.app\/news\/siyaset\/2023\/10\/23\/tbmm-baskani-kurtulmus-cekya-temsilciler-meclisi-baskani-adamova-ile-gorustu\/"},"modified":"2023-10-23T18:40:11","modified_gmt":"2023-10-23T18:40:11","slug":"tbmm-baskani-kurtulmus-cekya-temsilciler-meclisi-baskani-adamova-ile-gorustu","status":"publish","type":"post","link":"https:\/\/kraios.app\/news\/siyaset\/2023\/10\/23\/tbmm-baskani-kurtulmus-cekya-temsilciler-meclisi-baskani-adamova-ile-gorustu\/","title":{"rendered":"TBMM Ba\u015fkan\u0131 Kurtulmu\u015f, \u00c7ekya Temsilciler Meclisi Ba\u015fkan\u0131 Adamova ile g\u00f6r\u00fc\u015ft\u00fc"},"content":{"rendered":"<p><\/p>\n<div>\n<p>\u00c7ekya Temsilciler Meclisi&#8217;nde ger\u00e7ekle\u015fen g\u00f6r\u00fc\u015fmede, Kurtulmu\u015f, K\u0131r\u0131m Platformu 2&#8217;nci Parlamenter Zirvesine yapt\u0131klar\u0131 ev sahipli\u011fi dolay\u0131s\u0131yla Adamova\u2019ya te\u015fekk\u00fcr etti.<\/p>\n<p>K\u0131r\u0131m&#8217;\u0131n T\u00fcrkiye i\u00e7in \u00e7ok \u00f6nemli meselelerden birisi oldu\u011funu belirten Kurtulmu\u015f, K\u0131r\u0131m\u2019\u0131n milli mesele olarak kabul edildi\u011fini vurgulad\u0131.<\/p>\n<p>Rusya-Ukrayna sava\u015f\u0131nda T\u00fcrkiye\u2019nin tavr\u0131n\u0131n net oldu\u011funu aktaran Kurtulmu\u015f, Ukrayna\u2019n\u0131n toprak b\u00fct\u00fcnl\u00fc\u011f\u00fcn\u00fcn sa\u011flanmas\u0131 gerekti\u011fini ifade etti.<\/p>\n<p><img decoding=\"async\" alt=\"\" src=\"https:\/\/www.aa.com.tr\/uploads\/userFiles\/a54ea27f-6036-4f79-88c6-6bc9ba19a35d\/08_Nisan%2F05%20eyl%C3%BCl%2F02%2F20231023_2_60850293_93991205.jpg\"\/><\/p>\n<p>Ukrayna ve Rusya\u2019n\u0131n kom\u015fusu olarak, bu \u00e7at\u0131\u015fman\u0131n bir an evvel herkesin kabul edebilece\u011fi adil bir bar\u0131\u015f \u00e7er\u00e7evesinde sonland\u0131r\u0131lmas\u0131n\u0131 b\u00f6lge ve d\u00fcnya bar\u0131\u015f\u0131 i\u00e7in hayati \u00f6nemde oldu\u011funu g\u00f6rd\u00fcklerini belirten Kurtulmu\u015f, bu sava\u015f\u0131n bir an evvel bitirilmesini temin etmenin ortak bir vazife olmas\u0131 gerekti\u011fini vurgulad\u0131.<\/p>\n<p>Sava\u015flar\u0131 durduracak ve bar\u0131\u015flar\u0131 temin edebilecek bir d\u00fcnya sisteminin kalmad\u0131\u011f\u0131n\u0131, T\u00fcrkiye\u2019nin y\u0131llarca uluslararas\u0131 platformlarda &#8220;D\u00fcnya be\u015ften b\u00fcy\u00fckt\u00fcr&#8221;, &#8220;D\u00fcnya be\u015f \u00fclkenin insaf\u0131na b\u0131rak\u0131lacak bir yer de\u011fildir&#8221; dedi\u011fini an\u0131msatan Kurtulmu\u015f, d\u00fcnya halklar\u0131n\u0131n e\u015fit ve egemen varl\u0131\u011f\u0131n\u0131 kabul eden yeni bir d\u00fcnya sisteminin kurulmas\u0131 i\u00e7in hep beraber \u00e7al\u0131\u015f\u0131lmas\u0131n\u0131n \u00f6nemli oldu\u011funu kaydetti.<\/p>\n<p>TBMM Ba\u015fkan\u0131 Kurtulmu\u015f, \u00c7ekya ve T\u00fcrkiye ili\u015fkilerinin olumlu bir \u015fekilde geli\u015fti\u011fini, bunun daha iyi noktaya gitmesi i\u00e7in parlamenter diplomasinin de kullan\u0131lmas\u0131 gerekti\u011fini belirtti.<\/p>\n<p>\u00c7ekya Temsilciler Meclisi Ba\u015fkan\u0131 Adamova da parlamentolar aras\u0131ndaki ili\u015fkilerin artarak devam etmesi arzusunda olduklar\u0131n\u0131 s\u00f6yledi.<\/p>\n<p>NATO\u2019da g\u00fc\u00e7l\u00fc bir i\u015fbirli\u011finin bulundu\u011funu, bunu devam ettirmek gerekti\u011fini dile getiren Adamova, T\u00fcrkiye\u2019nin tah\u0131l koridoru ve g\u0131da g\u00fcvenli\u011fi konusunda g\u00f6sterdi\u011fi rol\u00fc takdirle kar\u015f\u0131lad\u0131klar\u0131n\u0131 s\u00f6yledi.<\/p>\n<p>G\u00f6r\u00fc\u015fmede, Avrupa Konseyi Parlamenter Meclisi (AKPM) T\u00fcrk Grubu Ba\u015fkan\u0131 ve AK Parti Ankara Milletvekili Y\u0131ld\u0131r\u0131m Tu\u011frul T\u00fcrke\u015f, AK Parti Kayseri Milletvekili Murat Cahid C\u0131ng\u0131, CHP Eski\u015fehir Milletvekili Utku \u00c7ak\u0131r\u00f6zer ile T\u00fcrkiye&#8217;nin Prag B\u00fcy\u00fckel\u00e7isi Egemen Ba\u011f\u0131\u015f da yer ald\u0131.<\/p>\n<p>                            <span class=\"detay-foto-editor\">&#13;<br \/>\n                                <a href=\"https:\/\/www.aa.com.tr\/tr\/p\/abonelik-talep-formu\/1001\" target=\"_blank\" style=\"font-size:12px; color:#444; text-decoration:none;\" rel=\"noopener\">&#13;<br \/>\n                                    Anadolu Ajans\u0131 web sitesinde, AA Haber Ak\u0131\u015f Sistemi (HAS) \u00fczerinden abonelere sunulan haberler, \u00f6zetlenerek yay\u0131mlanmaktad\u0131r. <b style=\"color:#1897F7\">Abonelik i\u00e7in l\u00fctfen ileti\u015fime ge\u00e7iniz.<\/b>&#13;<br \/>\n                                <\/a>&#13;<br \/>\n                            <\/span>\n                        <\/div>\n<p><script>\n\t  window.fbAsyncInit = function() {\n\t\tFB.init({\n\t\t  appId: '1855843514662870',\n\t\t  status : true, \/\/ check login status\n\t\t  cookie : true, \/\/ enable cookies to allow the server to access the session\n\t\t  xfbml  : true  \/\/ parse XFBML\n\t\t});\n\t  };<\/p>\n<p>\t  (function() {\n\t\tvar e = document.createElement('script');\n\t\te.src=\"https:\/\/connect.facebook.net\/tr_TR\/all.js\";\n\t\te.async = true;\n\t\tdocument.getElementById('fb-root').appendChild(e);\n\t  }());\n    <\/script><\/p>\n","protected":false},"excerpt":{"rendered":"<p>\u00c7ekya Temsilciler Meclisi&#8217;nde ger\u00e7ekle\u015fen g\u00f6r\u00fc\u015fmede, Kurtulmu\u015f, K\u0131r\u0131m Platformu 2&#8217;nci Parlamenter Zirvesine yapt\u0131klar\u0131 ev sahipli\u011fi dolay\u0131s\u0131yla Adamova\u2019ya te\u015fekk\u00fcr etti. K\u0131r\u0131m&#8217;\u0131n T\u00fcrkiye i\u00e7in \u00e7ok \u00f6nemli meselelerden birisi oldu\u011funu belirten Kurtulmu\u015f, K\u0131r\u0131m\u2019\u0131n milli mesele olarak kabul edildi\u011fini vurgulad\u0131. Rusya-Ukrayna sava\u015f\u0131nda T\u00fcrkiye\u2019nin tavr\u0131n\u0131n net oldu\u011funu aktaran Kurtulmu\u015f, Ukrayna\u2019n\u0131n toprak b\u00fct\u00fcnl\u00fc\u011f\u00fcn\u00fcn sa\u011flanmas\u0131 gerekti\u011fini ifade etti. Ukrayna ve Rusya\u2019n\u0131n kom\u015fusu olarak, [&hellip;]<\/p>\n","protected":false},"author":1,"featured_media":19383,"comment_status":"","ping_status":"","sticky":false,"template":"","format":"standard","meta":[],"categories":[47],"tags":[],"_links":{"self":[{"href":"https:\/\/kraios.app\/news\/wp-json\/wp\/v2\/posts\/19382"}],"collection":[{"href":"https:\/\/kraios.app\/news\/wp-json\/wp\/v2\/posts"}],"about":[{"href":"https:\/\/kraios.app\/news\/wp-json\/wp\/v2\/types\/post"}],"author":[{"embeddable":true,"href":"https:\/\/kraios.app\/news\/wp-json\/wp\/v2\/users\/1"}],"replies":[{"embeddable":true,"href":"https:\/\/kraios.app\/news\/wp-json\/wp\/v2\/comments?post=19382"}],"version-history":[{"count":0,"href":"https:\/\/kraios.app\/news\/wp-json\/wp\/v2\/posts\/19382\/revisions"}],"wp:featuredmedia":[{"embeddable":true,"href":"https:\/\/kraios.app\/news\/wp-json\/wp\/v2\/media\/19383"}],"wp:attachment":[{"href":"https:\/\/kraios.app\/news\/wp-json\/wp\/v2\/media?parent=19382"}],"wp:term":[{"taxonomy":"category","embeddable":true,"href":"https:\/\/kraios.app\/news\/wp-json\/wp\/v2\/categories?post=19382"},{"taxonomy":"post_tag","embeddable":true,"href":"https:\/\/kraios.app\/news\/wp-json\/wp\/v2\/tags?post=19382"}],"curies":[{"name":"wp","href":"https:\/\/api.w.org\/{rel}","templated":true}]}}