{"id":19187,"date":"2023-10-22T20:14:43","date_gmt":"2023-10-22T20:14:43","guid":{"rendered":"https:\/\/kraios.app\/news\/siyaset\/2023\/10\/22\/mustafa-destici-buyuk-birlik-partisi-genel-baskanligina-yeniden-secildi\/"},"modified":"2023-10-22T20:14:43","modified_gmt":"2023-10-22T20:14:43","slug":"mustafa-destici-buyuk-birlik-partisi-genel-baskanligina-yeniden-secildi","status":"publish","type":"post","link":"https:\/\/kraios.app\/news\/siyaset\/2023\/10\/22\/mustafa-destici-buyuk-birlik-partisi-genel-baskanligina-yeniden-secildi\/","title":{"rendered":"Mustafa Destici, B\u00fcy\u00fck Birlik Partisi Genel Ba\u015fkanl\u0131\u011f\u0131na yeniden se\u00e7ildi"},"content":{"rendered":"<p><\/p>\n<div>\n<p>Mustafa Destici, Ankara Spor Salonu&#8217;nda d\u00fczenlenen BBP 12. Ola\u011fan B\u00fcy\u00fck Kurultay\u0131&#8217;nda kullan\u0131lan 794 oyun, 771&#8217;ini alarak yeniden genel ba\u015fkan oldu. 23 oy ise ge\u00e7ersiz say\u0131ld\u0131.<\/p>\n<p>Sonucun a\u00e7\u0131klanmas\u0131n\u0131n ard\u0131ndan te\u015fekk\u00fcr konu\u015fmas\u0131 yapan Destici, partisinin Kurucu Genel Ba\u015fkan\u0131 Muhsin Yaz\u0131c\u0131o\u011flu&#8217;nu rahmet ve minnetle anarak, &#8220;Tabii kal\u0131c\u0131 olan davad\u0131r, harekettir, misyondur. Onun i\u00e7in biz, bu davaya, bu misyona, bu fikre bug\u00fcne kadar oldu\u011fu gibi bundan sonra da sizlerle birlikte \u00e7ok g\u00fc\u00e7l\u00fc bir \u015fekilde sahip \u00e7\u0131kaca\u011f\u0131z.&#8221; dedi.<\/p>\n<p>Destici, milletin daha onurlu bir hayat ya\u015famas\u0131, devletin daha g\u00fc\u00e7l\u00fc olmas\u0131, \u00fclkenin birlik ve beraberli\u011fini korumas\u0131 i\u00e7in \u00e7al\u0131\u015ft\u0131klar\u0131n\u0131 belirterek, &#8220;Sadece \u00fclke s\u0131n\u0131rlar\u0131m\u0131z i\u00e7indeki karde\u015flerimiz, vatanda\u015flar\u0131m\u0131z de\u011fil, g\u00f6n\u00fcl co\u011frafyam\u0131zdaki T\u00fcrkistan&#8217;dan Adriyatik&#8217;e kadar, Kafkaslardan Balkanlara, T\u00fcrkmeneli&#8217;ne kadar b\u00fct\u00fcn bu co\u011frafyalardaki soyda\u015flar\u0131m\u0131z, dinda\u015flar\u0131m\u0131z, daha do\u011frusu b\u00fct\u00fcn yery\u00fcz\u00fc mazlumlar\u0131 daha g\u00fczel bir hayat ya\u015fas\u0131n, zul\u00fcm \u00e7ekmesinler, zalimlerin zulm\u00fc alt\u0131nda inim inim inlemesinler diye bu hareketi kurduk.&#8221; diye konu\u015ftu.<\/p>\n<p>BBP&#8217;nin T\u00fcrk siyasetindeki etkisinin ald\u0131\u011f\u0131 oy miktar\u0131n\u0131n \u00fczerinde oldu\u011funu s\u00f6yleyen Destici, bunun sand\u0131klara yans\u0131mas\u0131 i\u00e7in \u00e7al\u0131\u015fmalar\u0131ndaki eksiklikleri gidermeleri gerekti\u011fini kaydetti.<\/p>\n<p>Destici, gelecek yerel se\u00e7imlerden itibaren oylar\u0131n\u0131 art\u0131rmalar\u0131 gerekti\u011fini ifade ederek, &#8220;\u0130lk se\u00e7imde belki bunu yapamay\u0131z, belki ikinci se\u00e7imde de yapamay\u0131z ama \u00fc\u00e7\u00fcnc\u00fc, d\u00f6rd\u00fcnc\u00fc se\u00e7imlerde bunu yapmam\u0131z gerekiyor. E\u011fer bunu yapam\u0131yorsak o zaman bir \u015feyleri eksik yap\u0131yoruz demektir. Onun i\u00e7in bunu da sorgulayaca\u011f\u0131z, bunu da konu\u015faca\u011f\u0131z.&#8221; de\u011ferlendirmesinde bulundu.<\/p>\n<p>Tekrar genel ba\u015fkan se\u00e7ilmesinden dolay\u0131 delegelere te\u015fekk\u00fcr eden Destici, &#8220;Tevecc\u00fch\u00fcn\u00fcz i\u00e7in \u015f\u00fckranlar\u0131m\u0131 sunuyorum. \u015eehit liderimiz Muhsin ba\u015fkan\u0131m\u0131z\u0131n emanetini ta\u015f\u0131yoruz. Beni tekrar bu g\u00f6reve lay\u0131k g\u00f6ren t\u00fcm delege karde\u015flerime, t\u00fcm dava arkada\u015flar\u0131ma, hareketimizin t\u00fcm mensuplar\u0131na \u015f\u00fckranlar\u0131m\u0131 sunuyorum.&#8221; ifadesini kulland\u0131.<\/p>\n<p>                            <span class=\"detay-foto-editor\">&#13;<br \/>\n                                <a href=\"https:\/\/www.aa.com.tr\/tr\/p\/abonelik-talep-formu\/1001\" target=\"_blank\" style=\"font-size:12px; color:#444; text-decoration:none;\" rel=\"noopener\">&#13;<br \/>\n                                    Anadolu Ajans\u0131 web sitesinde, AA Haber Ak\u0131\u015f Sistemi (HAS) \u00fczerinden abonelere sunulan haberler, \u00f6zetlenerek yay\u0131mlanmaktad\u0131r. <b style=\"color:#1897F7\">Abonelik i\u00e7in l\u00fctfen ileti\u015fime ge\u00e7iniz.<\/b>&#13;<br \/>\n                                <\/a>&#13;<br \/>\n                            <\/span>\n                        <\/div>\n<p><script>\n\t  window.fbAsyncInit = function() {\n\t\tFB.init({\n\t\t  appId: '1855843514662870',\n\t\t  status : true, \/\/ check login status\n\t\t  cookie : true, \/\/ enable cookies to allow the server to access the session\n\t\t  xfbml  : true  \/\/ parse XFBML\n\t\t});\n\t  };<\/p>\n<p>\t  (function() {\n\t\tvar e = document.createElement('script');\n\t\te.src=\"https:\/\/connect.facebook.net\/tr_TR\/all.js\";\n\t\te.async = true;\n\t\tdocument.getElementById('fb-root').appendChild(e);\n\t  }());\n    <\/script><\/p>\n","protected":false},"excerpt":{"rendered":"<p>Mustafa Destici, Ankara Spor Salonu&#8217;nda d\u00fczenlenen BBP 12. Ola\u011fan B\u00fcy\u00fck Kurultay\u0131&#8217;nda kullan\u0131lan 794 oyun, 771&#8217;ini alarak yeniden genel ba\u015fkan oldu. 23 oy ise ge\u00e7ersiz say\u0131ld\u0131. Sonucun a\u00e7\u0131klanmas\u0131n\u0131n ard\u0131ndan te\u015fekk\u00fcr konu\u015fmas\u0131 yapan Destici, partisinin Kurucu Genel Ba\u015fkan\u0131 Muhsin Yaz\u0131c\u0131o\u011flu&#8217;nu rahmet ve minnetle anarak, &#8220;Tabii kal\u0131c\u0131 olan davad\u0131r, harekettir, misyondur. Onun i\u00e7in biz, bu davaya, bu misyona, [&hellip;]<\/p>\n","protected":false},"author":1,"featured_media":19188,"comment_status":"","ping_status":"","sticky":false,"template":"","format":"standard","meta":[],"categories":[47],"tags":[],"_links":{"self":[{"href":"https:\/\/kraios.app\/news\/wp-json\/wp\/v2\/posts\/19187"}],"collection":[{"href":"https:\/\/kraios.app\/news\/wp-json\/wp\/v2\/posts"}],"about":[{"href":"https:\/\/kraios.app\/news\/wp-json\/wp\/v2\/types\/post"}],"author":[{"embeddable":true,"href":"https:\/\/kraios.app\/news\/wp-json\/wp\/v2\/users\/1"}],"replies":[{"embeddable":true,"href":"https:\/\/kraios.app\/news\/wp-json\/wp\/v2\/comments?post=19187"}],"version-history":[{"count":0,"href":"https:\/\/kraios.app\/news\/wp-json\/wp\/v2\/posts\/19187\/revisions"}],"wp:featuredmedia":[{"embeddable":true,"href":"https:\/\/kraios.app\/news\/wp-json\/wp\/v2\/media\/19188"}],"wp:attachment":[{"href":"https:\/\/kraios.app\/news\/wp-json\/wp\/v2\/media?parent=19187"}],"wp:term":[{"taxonomy":"category","embeddable":true,"href":"https:\/\/kraios.app\/news\/wp-json\/wp\/v2\/categories?post=19187"},{"taxonomy":"post_tag","embeddable":true,"href":"https:\/\/kraios.app\/news\/wp-json\/wp\/v2\/tags?post=19187"}],"curies":[{"name":"wp","href":"https:\/\/api.w.org\/{rel}","templated":true}]}}