{"id":18962,"date":"2023-10-21T12:53:57","date_gmt":"2023-10-21T12:53:57","guid":{"rendered":"https:\/\/kraios.app\/news\/siyaset\/2023\/10\/21\/israilin-saldirilari-devam-edecek-olursa-tum-kuresel-istikrar-ve-barisi-da-tehdit-edecektir\/"},"modified":"2023-10-21T12:53:57","modified_gmt":"2023-10-21T12:53:57","slug":"israilin-saldirilari-devam-edecek-olursa-tum-kuresel-istikrar-ve-barisi-da-tehdit-edecektir","status":"publish","type":"post","link":"https:\/\/kraios.app\/news\/siyaset\/2023\/10\/21\/israilin-saldirilari-devam-edecek-olursa-tum-kuresel-istikrar-ve-barisi-da-tehdit-edecektir\/","title":{"rendered":"\u0130srail&#8217;in sald\u0131r\u0131lar\u0131 devam edecek olursa t\u00fcm k\u00fcresel istikrar ve bar\u0131\u015f\u0131 da tehdit edecektir"},"content":{"rendered":"<p><\/p>\n<div>\n<p>D\u0131\u015fi\u015fleri Bakan\u0131 <strong>Hakan Fidan<\/strong>, \u0130srail&#8217;in 2 milyon insan\u0131, insan ya\u015fam\u0131na uygun olmayan bir b\u00f6lgede a\u00e7\u0131k hava hapishanesinde tuttu\u011funu belirterek, &#8220;Filistinlilerin ac\u0131lar\u0131n\u0131n devam etmesine asla izin vermeyece\u011fiz.&#8221; dedi<\/p>\n<p>Bakan Fidan, M\u0131s\u0131r&#8217;\u0131n ba\u015fkenti Kahire&#8217;de Gazze&#8217;deki geli\u015fmelerin ele al\u0131nd\u0131\u011f\u0131 &#8220;<strong>Kahire Bar\u0131\u015f Zirvesi<\/strong>&#8220;nde kat\u0131l\u0131mc\u0131lara hitap etti.<\/p>\n<p>Fidan, \u0130srail&#8217;in 2 milyon insan\u0131, insan ya\u015fam\u0131na uygun olmayan bir b\u00f6lgede a\u00e7\u0131k hava hapishanesinde tuttu\u011funu ve bunu ter\u00f6rizme kar\u015f\u0131 savunma olarak adland\u0131rd\u0131\u011f\u0131n\u0131 dile getirerek, &#8220;Filistinlilerin ac\u0131lar\u0131n\u0131n devam etmesine asla izin vermeyece\u011fiz. Ne Filistinliler i\u00e7in ne de hi\u00e7 kimse i\u00e7in bu tarz su\u00e7lara g\u00f6z yummayaca\u011f\u0131z. E\u011fer bu devam edecek olursa co\u011frafi bir t\u0131rman\u0131\u015fla t\u00fcm k\u00fcresel istikrar\u0131 ve bar\u0131\u015f\u0131 tehdit edecektir.&#8221; ifadesini kulland\u0131.<\/p>\n<p>&#8220;(\u0130srail-Filistin \u00e7at\u0131\u015fmas\u0131) Yeni bir garanti mekanizmas\u0131 tasarlan\u0131p hayata ge\u00e7irilmelidir. Taraflar\u0131n adil bir bar\u0131\u015f i\u00e7in att\u0131\u011f\u0131 ad\u0131mlar\u0131n garanti edilmesi gerekmektedir.&#8221; diyen Fidan, T\u00fcrkiye&#8217;nin bu konsept i\u00e7in ad\u0131m atmaya, adil ve g\u00fcvenli bir gelecek i\u00e7in \u00fcst\u00fcne d\u00fc\u015feni yapmaya haz\u0131r oldu\u011funu kaydetti.<\/p>\n<p>Fidan, \u0130srail&#8217;in sald\u0131r\u0131lar\u0131n\u0131n bir katliama d\u00f6n\u00fc\u015ft\u00fc\u011f\u00fcn\u00fc belirterek, \u015funlar\u0131 kaydetti:<\/p>\n<p>&#8220;Topluca cezaland\u0131rman\u0131n, insan haklar\u0131na, insan hayat\u0131na kar\u015f\u0131 ger\u00e7ekle\u015ftirilen bu sald\u0131r\u0131lar\u0131n hi\u00e7bir bahanesi olamaz. Teredd\u00fcts\u00fcz olarak sivillerin hayat\u0131n\u0131 kaybetmesini k\u0131n\u0131yoruz. Uluslararas\u0131 toplum, davran\u0131\u015flar\u0131n\u0131n ve verdi\u011fi mesajlar\u0131n ne kadar kritik oldu\u011funun fark\u0131nda olmal\u0131d\u0131r. \u0130srail&#8217;e ge\u00e7ici s\u00f6zde bir galibiyetin tarih s\u00fcrecinde uzun vadeli bir bar\u0131\u015fa yol a\u00e7mad\u0131\u011f\u0131n\u0131 ge\u00e7mi\u015fte oldu\u011fu gibi \u015fimdi de ger\u00e7ekle\u015fmeyece\u011fini anlamal\u0131d\u0131r. Kendisine ger\u00e7ekle\u015ftirilen sald\u0131r\u0131lar\u0131, Filistinlilere y\u00f6nelik korkun\u00e7 bir \u00f6fke ortaya koymak i\u00e7in a\u00e7\u0131k \u00e7ek olarak g\u00f6rmemelidir. Hastanelere, sivillere y\u00f6nelik sald\u0131r\u0131lar derhal durdurulmal\u0131d\u0131r.&#8221;<\/p>\n<p>\u0130srail&#8217;e verilen sonsuz deste\u011fin, ger\u00e7ek d\u0131\u015f\u0131 planlar\u0131n Filistinlilerin g\u00f6z ard\u0131 edilmesine yol a\u00e7\u0131lmas\u0131na neden oldu\u011funu belirten Fidan, b\u00f6ylesine hatalar\u0131n devam ettirilmesinin mevcut uluslararas\u0131 toplumun temel sorunlara \u00e7\u00f6z\u00fcm getiremeyece\u011fini g\u00f6sterdi\u011finin a\u00e7\u0131k oldu\u011fu, bunun sadece evrensel de\u011ferlerin ve ger\u00e7eklerin zay\u0131flat\u0131lmas\u0131 ve ger\u00e7eklerin \u00e7arp\u0131t\u0131lmas\u0131 anlam\u0131na gelece\u011fini s\u00f6yledi.<\/p>\n<p>Fidan, &#8220;\u0130srail, bu sistemik hatalardan faydalanm\u0131\u015ft\u0131r. \u0130slam, Hristiyan ve dini mekanlar\u0131 aras\u0131ndaki e\u015fitli\u011fi korurken kendince burada hem Bat\u0131 \u015eeria&#8217;da hem de Gazze&#8217;de sivillere y\u00f6nelik su\u00e7lar i\u015flemekte. Yasa d\u0131\u015f\u0131 yerle\u015fimler in\u015fa etmektedir.&#8221; diye konu\u015ftu.<\/p>\n<p>Adil ve s\u00fcrd\u00fcr\u00fclebilir bir bar\u0131\u015f i\u00e7inde \u00f6nemli bir yol ayr\u0131m\u0131nda bulunuldu\u011funu aktaran Fidan, do\u011fru at\u0131mlar at\u0131lmas\u0131 gerekti\u011fini vurgulad\u0131.<\/p>\n<p>D\u0131\u015fi\u015fleri Bakan\u0131 Fidan, T\u00fcrkiye&#8217;nin sald\u0131r\u0131lar\u0131n derhal sona erdirilmesi ve \u015farts\u0131z olarak insani yard\u0131m\u0131n Gazze&#8217;ye ula\u015ft\u0131r\u0131lmas\u0131 \u00e7a\u011fr\u0131s\u0131nda bulundu\u011funu belirterek, s\u00f6zlerini \u015f\u00f6yle tamamlad\u0131:<\/p>\n<p>&#8220;\u0130ki devletli bir \u00e7\u00f6z\u00fcmle sonu\u00e7lanacak m\u00fczakerelerin ve s\u00fcrecin derhal yeniden canland\u0131r\u0131lmas\u0131n\u0131 istiyoruz. 1967 s\u0131n\u0131rlar\u0131nda ba\u015fkenti Do\u011fu Kud\u00fcs olan egemen ba\u011f\u0131ms\u0131z ve co\u011frafya b\u00fct\u00fcnl\u00fc\u011f\u00fc olan bir Filistin sadece bar\u0131\u015f i\u00e7in haiz de\u011fildir. Bu hem b\u00f6lgesel hem de uluslararas\u0131 istikrar i\u00e7in \u015fartt\u0131r. Tabii ki bunlar yeterli de\u011fil. Anla\u015fman\u0131n \u00f6tesine ge\u00e7memiz ve bu vizyon i\u00e7in somut ad\u0131mlar atmam\u0131z gerekiyor. M\u0131s\u0131r&#8217;a zaman\u0131nda yap\u0131lm\u0131\u015f bu zirveye ev sahipli\u011fi yapt\u0131\u011f\u0131 i\u00e7in te\u015fekk\u00fcrlerimizi sunmak istiyorum.&#8221;<\/p>\n<p>                            <span class=\"detay-foto-editor\">&#13;<br \/>\n                                <a href=\"https:\/\/www.aa.com.tr\/tr\/p\/abonelik-talep-formu\/1001\" target=\"_blank\" style=\"font-size:12px; color:#444; text-decoration:none;\" rel=\"noopener\">&#13;<br \/>\n                                    Anadolu Ajans\u0131 web sitesinde, AA Haber Ak\u0131\u015f Sistemi (HAS) \u00fczerinden abonelere sunulan haberler, \u00f6zetlenerek yay\u0131mlanmaktad\u0131r. <b style=\"color:#1897F7\">Abonelik i\u00e7in l\u00fctfen ileti\u015fime ge\u00e7iniz.<\/b>&#13;<br \/>\n                                <\/a>&#13;<br \/>\n                            <\/span>\n                        <\/div>\n<p><script>\n\t  window.fbAsyncInit = function() {\n\t\tFB.init({\n\t\t  appId: '1855843514662870',\n\t\t  status : true, \/\/ check login status\n\t\t  cookie : true, \/\/ enable cookies to allow the server to access the session\n\t\t  xfbml  : true  \/\/ parse XFBML\n\t\t});\n\t  };<\/p>\n<p>\t  (function() {\n\t\tvar e = document.createElement('script');\n\t\te.src=\"https:\/\/connect.facebook.net\/tr_TR\/all.js\";\n\t\te.async = true;\n\t\tdocument.getElementById('fb-root').appendChild(e);\n\t  }());\n    <\/script><\/p>\n","protected":false},"excerpt":{"rendered":"<p>D\u0131\u015fi\u015fleri Bakan\u0131 Hakan Fidan, \u0130srail&#8217;in 2 milyon insan\u0131, insan ya\u015fam\u0131na uygun olmayan bir b\u00f6lgede a\u00e7\u0131k hava hapishanesinde tuttu\u011funu belirterek, &#8220;Filistinlilerin ac\u0131lar\u0131n\u0131n devam etmesine asla izin vermeyece\u011fiz.&#8221; dedi Bakan Fidan, M\u0131s\u0131r&#8217;\u0131n ba\u015fkenti Kahire&#8217;de Gazze&#8217;deki geli\u015fmelerin ele al\u0131nd\u0131\u011f\u0131 &#8220;Kahire Bar\u0131\u015f Zirvesi&#8220;nde kat\u0131l\u0131mc\u0131lara hitap etti. Fidan, \u0130srail&#8217;in 2 milyon insan\u0131, insan ya\u015fam\u0131na uygun olmayan bir b\u00f6lgede a\u00e7\u0131k hava [&hellip;]<\/p>\n","protected":false},"author":1,"featured_media":18963,"comment_status":"","ping_status":"","sticky":false,"template":"","format":"standard","meta":[],"categories":[47],"tags":[],"_links":{"self":[{"href":"https:\/\/kraios.app\/news\/wp-json\/wp\/v2\/posts\/18962"}],"collection":[{"href":"https:\/\/kraios.app\/news\/wp-json\/wp\/v2\/posts"}],"about":[{"href":"https:\/\/kraios.app\/news\/wp-json\/wp\/v2\/types\/post"}],"author":[{"embeddable":true,"href":"https:\/\/kraios.app\/news\/wp-json\/wp\/v2\/users\/1"}],"replies":[{"embeddable":true,"href":"https:\/\/kraios.app\/news\/wp-json\/wp\/v2\/comments?post=18962"}],"version-history":[{"count":0,"href":"https:\/\/kraios.app\/news\/wp-json\/wp\/v2\/posts\/18962\/revisions"}],"wp:featuredmedia":[{"embeddable":true,"href":"https:\/\/kraios.app\/news\/wp-json\/wp\/v2\/media\/18963"}],"wp:attachment":[{"href":"https:\/\/kraios.app\/news\/wp-json\/wp\/v2\/media?parent=18962"}],"wp:term":[{"taxonomy":"category","embeddable":true,"href":"https:\/\/kraios.app\/news\/wp-json\/wp\/v2\/categories?post=18962"},{"taxonomy":"post_tag","embeddable":true,"href":"https:\/\/kraios.app\/news\/wp-json\/wp\/v2\/tags?post=18962"}],"curies":[{"name":"wp","href":"https:\/\/api.w.org\/{rel}","templated":true}]}}