{"id":18953,"date":"2023-10-21T12:04:18","date_gmt":"2023-10-21T12:04:18","guid":{"rendered":"https:\/\/kraios.app\/news\/siyaset\/2023\/10\/21\/ak-partili-celik-fazil-sayin-avrupadaki-konserlerinin-iptal-edilmesini-kinadi\/"},"modified":"2023-10-21T12:04:18","modified_gmt":"2023-10-21T12:04:18","slug":"ak-partili-celik-fazil-sayin-avrupadaki-konserlerinin-iptal-edilmesini-kinadi","status":"publish","type":"post","link":"https:\/\/kraios.app\/news\/siyaset\/2023\/10\/21\/ak-partili-celik-fazil-sayin-avrupadaki-konserlerinin-iptal-edilmesini-kinadi\/","title":{"rendered":"AK Parti&#039;li \u00c7elik, Faz\u0131l Say&#039;\u0131n Avrupa&#039;daki konserlerinin iptal edilmesini k\u0131nad\u0131:"},"content":{"rendered":"<p>AK Parti Genel Ba\u015fkan Yard\u0131mc\u0131s\u0131 ve Parti S\u00f6zc\u00fcs\u00fc \u00d6mer \u00c7elik, &#8220;Sanat\u00e7\u0131m\u0131z Faz\u0131l Say&#8217;\u0131n, \u0130srail&#8217;in Filistin&#8217;deki insanl\u0131k d\u0131\u015f\u0131 sald\u0131r\u0131lar\u0131na kar\u015f\u0131 \u00e7\u0131kan fikirlerinden dolay\u0131 Avrupa&#8217;daki konserlerinin iptal edilmesini k\u0131n\u0131yoruz.&#8221; ifadesini kulland\u0131.<\/p>\n","protected":false},"excerpt":{"rendered":"<p>AK Parti Genel Ba\u015fkan Yard\u0131mc\u0131s\u0131 ve Parti S\u00f6zc\u00fcs\u00fc \u00d6mer \u00c7elik, &#8220;Sanat\u00e7\u0131m\u0131z Faz\u0131l Say&#8217;\u0131n, \u0130srail&#8217;in Filistin&#8217;deki insanl\u0131k d\u0131\u015f\u0131 sald\u0131r\u0131lar\u0131na kar\u015f\u0131 \u00e7\u0131kan fikirlerinden dolay\u0131 Avrupa&#8217;daki konserlerinin iptal edilmesini k\u0131n\u0131yoruz.&#8221; ifadesini kulland\u0131.<\/p>\n","protected":false},"author":1,"featured_media":18954,"comment_status":"","ping_status":"","sticky":false,"template":"","format":"standard","meta":[],"categories":[47],"tags":[],"_links":{"self":[{"href":"https:\/\/kraios.app\/news\/wp-json\/wp\/v2\/posts\/18953"}],"collection":[{"href":"https:\/\/kraios.app\/news\/wp-json\/wp\/v2\/posts"}],"about":[{"href":"https:\/\/kraios.app\/news\/wp-json\/wp\/v2\/types\/post"}],"author":[{"embeddable":true,"href":"https:\/\/kraios.app\/news\/wp-json\/wp\/v2\/users\/1"}],"replies":[{"embeddable":true,"href":"https:\/\/kraios.app\/news\/wp-json\/wp\/v2\/comments?post=18953"}],"version-history":[{"count":0,"href":"https:\/\/kraios.app\/news\/wp-json\/wp\/v2\/posts\/18953\/revisions"}],"wp:featuredmedia":[{"embeddable":true,"href":"https:\/\/kraios.app\/news\/wp-json\/wp\/v2\/media\/18954"}],"wp:attachment":[{"href":"https:\/\/kraios.app\/news\/wp-json\/wp\/v2\/media?parent=18953"}],"wp:term":[{"taxonomy":"category","embeddable":true,"href":"https:\/\/kraios.app\/news\/wp-json\/wp\/v2\/categories?post=18953"},{"taxonomy":"post_tag","embeddable":true,"href":"https:\/\/kraios.app\/news\/wp-json\/wp\/v2\/tags?post=18953"}],"curies":[{"name":"wp","href":"https:\/\/api.w.org\/{rel}","templated":true}]}}