{"id":18712,"date":"2023-10-20T14:36:37","date_gmt":"2023-10-20T14:36:37","guid":{"rendered":"https:\/\/kraios.app\/news\/siyaset\/2023\/10\/20\/cumhurbaskani-erdogan-libya-basbakani-dibeybeyi-kabul-etti-2\/"},"modified":"2023-10-20T14:36:37","modified_gmt":"2023-10-20T14:36:37","slug":"cumhurbaskani-erdogan-libya-basbakani-dibeybeyi-kabul-etti-2","status":"publish","type":"post","link":"https:\/\/kraios.app\/news\/siyaset\/2023\/10\/20\/cumhurbaskani-erdogan-libya-basbakani-dibeybeyi-kabul-etti-2\/","title":{"rendered":"Cumhurba\u015fkan\u0131 Erdo\u011fan, Libya Ba\u015fbakan\u0131 Dibeybe&#039;yi kabul etti"},"content":{"rendered":"<p>Cumhurba\u015fkan\u0131 Recep Tayyip Erdo\u011fan, Libya Ulusal Birlik H\u00fck\u00fcmeti Ba\u015fbakan\u0131 Abdulhamid Dibeybe&#8217;yi kabul etti.<\/p>\n","protected":false},"excerpt":{"rendered":"<p>Cumhurba\u015fkan\u0131 Recep Tayyip Erdo\u011fan, Libya Ulusal Birlik H\u00fck\u00fcmeti Ba\u015fbakan\u0131 Abdulhamid Dibeybe&#8217;yi kabul etti.<\/p>\n","protected":false},"author":1,"featured_media":18713,"comment_status":"","ping_status":"","sticky":false,"template":"","format":"standard","meta":[],"categories":[47],"tags":[],"_links":{"self":[{"href":"https:\/\/kraios.app\/news\/wp-json\/wp\/v2\/posts\/18712"}],"collection":[{"href":"https:\/\/kraios.app\/news\/wp-json\/wp\/v2\/posts"}],"about":[{"href":"https:\/\/kraios.app\/news\/wp-json\/wp\/v2\/types\/post"}],"author":[{"embeddable":true,"href":"https:\/\/kraios.app\/news\/wp-json\/wp\/v2\/users\/1"}],"replies":[{"embeddable":true,"href":"https:\/\/kraios.app\/news\/wp-json\/wp\/v2\/comments?post=18712"}],"version-history":[{"count":0,"href":"https:\/\/kraios.app\/news\/wp-json\/wp\/v2\/posts\/18712\/revisions"}],"wp:featuredmedia":[{"embeddable":true,"href":"https:\/\/kraios.app\/news\/wp-json\/wp\/v2\/media\/18713"}],"wp:attachment":[{"href":"https:\/\/kraios.app\/news\/wp-json\/wp\/v2\/media?parent=18712"}],"wp:term":[{"taxonomy":"category","embeddable":true,"href":"https:\/\/kraios.app\/news\/wp-json\/wp\/v2\/categories?post=18712"},{"taxonomy":"post_tag","embeddable":true,"href":"https:\/\/kraios.app\/news\/wp-json\/wp\/v2\/tags?post=18712"}],"curies":[{"name":"wp","href":"https:\/\/api.w.org\/{rel}","templated":true}]}}