{"id":18688,"date":"2023-10-20T11:53:38","date_gmt":"2023-10-20T11:53:38","guid":{"rendered":"https:\/\/kraios.app\/news\/siyaset\/2023\/10\/20\/cumhurbaskani-yardimcisi-yilmaz-2024un-ikinci-yarisindan-itibaren-kalici-dezenflasyon-surecine-girmeyi-bekliyoruz\/"},"modified":"2023-10-20T11:53:38","modified_gmt":"2023-10-20T11:53:38","slug":"cumhurbaskani-yardimcisi-yilmaz-2024un-ikinci-yarisindan-itibaren-kalici-dezenflasyon-surecine-girmeyi-bekliyoruz","status":"publish","type":"post","link":"https:\/\/kraios.app\/news\/siyaset\/2023\/10\/20\/cumhurbaskani-yardimcisi-yilmaz-2024un-ikinci-yarisindan-itibaren-kalici-dezenflasyon-surecine-girmeyi-bekliyoruz\/","title":{"rendered":"Cumhurba\u015fkan\u0131 Yard\u0131mc\u0131s\u0131 Y\u0131lmaz: 2024&#039;\u00fcn ikinci yar\u0131s\u0131ndan itibaren kal\u0131c\u0131 dezenflasyon s\u00fcrecine girmeyi bekliyoruz"},"content":{"rendered":"<p>Cumhurba\u015fkan\u0131 Yard\u0131mc\u0131s\u0131 Cevdet Y\u0131lmaz, &#8220;\u015eeffaf ve g\u00fcvenilir politika ad\u0131mlar\u0131m\u0131z\u0131n olumlu etkileriyle 2024&#8217;\u00fcn ikinci yar\u0131s\u0131ndan itibaren kal\u0131c\u0131 dezenflasyon s\u00fcrecine girmeyi bekliyoruz.&#8221; dedi.<\/p>\n","protected":false},"excerpt":{"rendered":"<p>Cumhurba\u015fkan\u0131 Yard\u0131mc\u0131s\u0131 Cevdet Y\u0131lmaz, &#8220;\u015eeffaf ve g\u00fcvenilir politika ad\u0131mlar\u0131m\u0131z\u0131n olumlu etkileriyle 2024&#8217;\u00fcn ikinci yar\u0131s\u0131ndan itibaren kal\u0131c\u0131 dezenflasyon s\u00fcrecine girmeyi bekliyoruz.&#8221; dedi.<\/p>\n","protected":false},"author":1,"featured_media":18689,"comment_status":"","ping_status":"","sticky":false,"template":"","format":"standard","meta":[],"categories":[47],"tags":[],"_links":{"self":[{"href":"https:\/\/kraios.app\/news\/wp-json\/wp\/v2\/posts\/18688"}],"collection":[{"href":"https:\/\/kraios.app\/news\/wp-json\/wp\/v2\/posts"}],"about":[{"href":"https:\/\/kraios.app\/news\/wp-json\/wp\/v2\/types\/post"}],"author":[{"embeddable":true,"href":"https:\/\/kraios.app\/news\/wp-json\/wp\/v2\/users\/1"}],"replies":[{"embeddable":true,"href":"https:\/\/kraios.app\/news\/wp-json\/wp\/v2\/comments?post=18688"}],"version-history":[{"count":0,"href":"https:\/\/kraios.app\/news\/wp-json\/wp\/v2\/posts\/18688\/revisions"}],"wp:featuredmedia":[{"embeddable":true,"href":"https:\/\/kraios.app\/news\/wp-json\/wp\/v2\/media\/18689"}],"wp:attachment":[{"href":"https:\/\/kraios.app\/news\/wp-json\/wp\/v2\/media?parent=18688"}],"wp:term":[{"taxonomy":"category","embeddable":true,"href":"https:\/\/kraios.app\/news\/wp-json\/wp\/v2\/categories?post=18688"},{"taxonomy":"post_tag","embeddable":true,"href":"https:\/\/kraios.app\/news\/wp-json\/wp\/v2\/tags?post=18688"}],"curies":[{"name":"wp","href":"https:\/\/api.w.org\/{rel}","templated":true}]}}