{"id":18660,"date":"2023-10-20T09:35:00","date_gmt":"2023-10-20T09:35:00","guid":{"rendered":"https:\/\/kraios.app\/news\/siyaset\/2023\/10\/20\/cumhurbaskani-erdogan-turk-dunyasi-olarak-isbirligimizi-genis-bir-alanda-surekli-gelistiriyoruz\/"},"modified":"2023-10-20T09:35:00","modified_gmt":"2023-10-20T09:35:00","slug":"cumhurbaskani-erdogan-turk-dunyasi-olarak-isbirligimizi-genis-bir-alanda-surekli-gelistiriyoruz","status":"publish","type":"post","link":"https:\/\/kraios.app\/news\/siyaset\/2023\/10\/20\/cumhurbaskani-erdogan-turk-dunyasi-olarak-isbirligimizi-genis-bir-alanda-surekli-gelistiriyoruz\/","title":{"rendered":"Cumhurba\u015fkan\u0131 Erdo\u011fan: T\u00fcrk d\u00fcnyas\u0131 olarak i\u015fbirli\u011fimizi geni\u015f bir alanda s\u00fcrekli geli\u015ftiriyoruz"},"content":{"rendered":"<p>Cumhurba\u015fkan\u0131 Recep Tayyip Erdo\u011fan, &#8220;T\u00fcrk d\u00fcnyas\u0131 olarak i\u015fbirli\u011fimizi geni\u015f bir alanda s\u00fcrekli geli\u015ftiriyoruz. T\u00fcrk cumhuriyetlerindeki karde\u015flerimizin, milletimizle 6 \u015eubat depremleri sonras\u0131nda sergiledi\u011fi dayan\u0131\u015fmas\u0131n\u0131 asla unutmayaca\u011f\u0131z.&#8221; dedi.<\/p>\n","protected":false},"excerpt":{"rendered":"<p>Cumhurba\u015fkan\u0131 Recep Tayyip Erdo\u011fan, &#8220;T\u00fcrk d\u00fcnyas\u0131 olarak i\u015fbirli\u011fimizi geni\u015f bir alanda s\u00fcrekli geli\u015ftiriyoruz. T\u00fcrk cumhuriyetlerindeki karde\u015flerimizin, milletimizle 6 \u015eubat depremleri sonras\u0131nda sergiledi\u011fi dayan\u0131\u015fmas\u0131n\u0131 asla unutmayaca\u011f\u0131z.&#8221; dedi.<\/p>\n","protected":false},"author":1,"featured_media":18661,"comment_status":"","ping_status":"","sticky":false,"template":"","format":"standard","meta":[],"categories":[47],"tags":[],"_links":{"self":[{"href":"https:\/\/kraios.app\/news\/wp-json\/wp\/v2\/posts\/18660"}],"collection":[{"href":"https:\/\/kraios.app\/news\/wp-json\/wp\/v2\/posts"}],"about":[{"href":"https:\/\/kraios.app\/news\/wp-json\/wp\/v2\/types\/post"}],"author":[{"embeddable":true,"href":"https:\/\/kraios.app\/news\/wp-json\/wp\/v2\/users\/1"}],"replies":[{"embeddable":true,"href":"https:\/\/kraios.app\/news\/wp-json\/wp\/v2\/comments?post=18660"}],"version-history":[{"count":0,"href":"https:\/\/kraios.app\/news\/wp-json\/wp\/v2\/posts\/18660\/revisions"}],"wp:featuredmedia":[{"embeddable":true,"href":"https:\/\/kraios.app\/news\/wp-json\/wp\/v2\/media\/18661"}],"wp:attachment":[{"href":"https:\/\/kraios.app\/news\/wp-json\/wp\/v2\/media?parent=18660"}],"wp:term":[{"taxonomy":"category","embeddable":true,"href":"https:\/\/kraios.app\/news\/wp-json\/wp\/v2\/categories?post=18660"},{"taxonomy":"post_tag","embeddable":true,"href":"https:\/\/kraios.app\/news\/wp-json\/wp\/v2\/tags?post=18660"}],"curies":[{"name":"wp","href":"https:\/\/api.w.org\/{rel}","templated":true}]}}