{"id":18652,"date":"2023-10-20T07:49:01","date_gmt":"2023-10-20T07:49:01","guid":{"rendered":"https:\/\/kraios.app\/news\/siyaset\/2023\/10\/20\/ahmet-taner-kislali-suikastinin-uzerinden-24-yil-gecti\/"},"modified":"2023-10-20T07:49:01","modified_gmt":"2023-10-20T07:49:01","slug":"ahmet-taner-kislali-suikastinin-uzerinden-24-yil-gecti","status":"publish","type":"post","link":"https:\/\/kraios.app\/news\/siyaset\/2023\/10\/20\/ahmet-taner-kislali-suikastinin-uzerinden-24-yil-gecti\/","title":{"rendered":"Ahmet Taner K\u0131\u015flal\u0131 suikast\u0131n\u0131n \u00fczerinden 24 y\u0131l ge\u00e7ti"},"content":{"rendered":"<p><\/p>\n<div>\n<p>K\u0131\u015flal\u0131, 10 Temmuz 1939&#8217;da Tokat&#8217;\u0131n Zile il\u00e7esinde do\u011fdu. \u0130lkokulu annesinin g\u00f6revli oldu\u011fu Kilis Kemaliye \u0130lkokulu&#8217;nda bitiren K\u0131\u015flal\u0131, Kilis Ortaokulunun ard\u0131ndan e\u011fitimine Kabata\u015f Erkek Lisesinde devam etti.<\/p>\n<p>Daha sonra Ankara \u00dcniversitesi Siyasal Bilgiler Fak\u00fcltesinde \u00f6\u011frenim g\u00f6ren K\u0131\u015flal\u0131, ayn\u0131 y\u0131llarda spor muhabirli\u011fine ba\u015flad\u0131\u011f\u0131 Yeni G\u00fcn gazetesinde k\u0131sa s\u00fcrede yaz\u0131 i\u015fleri m\u00fcd\u00fcr\u00fc oldu.<\/p>\n<p>K\u0131\u015flal\u0131, 1967&#8217;de Fransa bursuyla girdi\u011fi Paris Hukuk Fak\u00fcltesinde doktoras\u0131n\u0131 &#8220;Modern T\u00fcrkiye&#8217;de Siyasi G\u00fc\u00e7ler&#8221; teziyle tamamlad\u0131. Fransa&#8217;da tan\u0131\u015ft\u0131\u011f\u0131 Nicole (Nilg\u00fcn) ile 28 May\u0131s 1968&#8217;de evlenen K\u0131\u015flal\u0131&#8217;n\u0131n, bu evlilikten k\u0131zlar\u0131 Alt\u0131nay ve Dolunay d\u00fcnyaya geldi.<\/p>\n<p>K\u0131\u015flal\u0131, 1968-1972 y\u0131llar\u0131nda Hacettepe \u00dcniversitesinde &#8220;siyaset sosyolojisi&#8221; dersleri verdi. Ancak askerlik hizmeti sonras\u0131nda bu g\u00f6revine d\u00f6nmedi.<\/p>\n<p>TRT Bilimsel Ba\u015far\u0131 \u00d6d\u00fcl\u00fc&#8217;ne 1971&#8217;de lay\u0131k g\u00f6r\u00fclen, 1972&#8217;de do\u00e7ent olan K\u0131\u015flal\u0131, 1971-1977 y\u0131llar\u0131nda Yank\u0131 dergisinde g\u00f6rev yapt\u0131.<\/p>\n<p>Bu d\u00f6nemde CHP Genel Ba\u015fkan\u0131 B\u00fclent Ecevit ile tan\u0131\u015fan ve 1977&#8217;de CHP&#8217;den \u0130zmir Milletvekili se\u00e7ilen K\u0131\u015flal\u0131, 1978-1979 y\u0131llar\u0131nda Ecevit&#8217;in kurdu\u011fu 42. H\u00fck\u00fcmet&#8217;te K\u00fclt\u00fcr Bakanl\u0131\u011f\u0131 yapt\u0131.<\/p>\n<p>12 Eyl\u00fcl sonras\u0131nda \u00fcniversiteye d\u00f6nen K\u0131\u015flal\u0131, Ankara \u00dcniversitesi \u0130leti\u015fim Fak\u00fcltesinde &#8220;siyaset bilimi&#8221; dersleri verdi.<\/p>\n<p>K\u0131\u015flal\u0131, 1988&#8217;de profes\u00f6r oldu, 1991&#8217;de Cumhuriyet gazetesinde k\u00f6\u015fe yazarl\u0131\u011f\u0131na ba\u015flad\u0131. \u00c7a\u011fda\u015f Ya\u015fam\u0131 Destekleme Derne\u011fi, Atat\u00fcrk\u00e7\u00fc D\u00fc\u015f\u00fcnce Derne\u011fi gibi derneklerin toplant\u0131lar\u0131na konu\u015fmac\u0131 olarak kat\u0131lan K\u0131\u015flal\u0131, 1993&#8217;te Frans\u0131z Ulusal Liyakat Ni\u015fan\u0131&#8217;na lay\u0131k g\u00f6r\u00fcld\u00fc.<\/p>\n<p>K\u0131\u015flal\u0131, 9 Eyl\u00fcl 1995&#8217;teki trafik kazas\u0131nda e\u015fi Nilg\u00fcn K\u0131\u015flal\u0131&#8217;y\u0131 kaybetti, kendisi ise a\u011f\u0131r yaraland\u0131.<\/p>\n<p>Nil\u00fcfer K\u0131\u015flal\u0131 ile 1997&#8217;de ikinci evlili\u011fini yapan K\u0131\u015flal\u0131&#8217;n\u0131n bu evlilikten ise k\u0131z\u0131 Nilhan Nur d\u00fcnyaya geldi.<\/p>\n<p>Ahmet Taner K\u0131\u015flal\u0131, 21 Ekim 1999&#8217;da otomobiline yerle\u015ftirilen bomban\u0131n patlamas\u0131 sonucu hayat\u0131n\u0131 kaybetti\u011finde 60 ya\u015f\u0131ndayd\u0131. T\u00fcrkiye&#8217;yi yasa bo\u011fan sald\u0131r\u0131n\u0131n ard\u0131ndan Ankara&#8217;daki cenaze t\u00f6reninde K\u0131\u015flal\u0131&#8217;y\u0131 son yolculu\u011funa binlerce ki\u015fi u\u011furlad\u0131.<\/p>\n<p>Vefat\u0131na kadar Cumhuriyet gazetesindeki yaz\u0131lar\u0131n\u0131 yazmay\u0131 ve Ankara \u00dcniversitesi \u0130leti\u015fim Fak\u00fcltesinde ders vermeyi s\u00fcrd\u00fcren K\u0131\u015flal\u0131, \u00f6l\u00fcm\u00fcnden sonra 1999 Sertel Demokrasi \u00d6d\u00fcl\u00fc&#8217;ne lay\u0131k g\u00f6r\u00fcld\u00fc.<\/p>\n<h3>\u00c7al\u0131\u015fmalar\u0131<\/h3>\n<p>K\u0131\u015flal\u0131&#8217;n\u0131n, g\u00fcndemdeki siyasi konular\u0131na ili\u015fkin y\u00fczlerce k\u00f6\u015fe yaz\u0131s\u0131n\u0131n yan\u0131 s\u0131ra &#8220;Modern T\u00fcrkiye&#8217;de Siyasi G\u00fc\u00e7ler&#8221;, &#8220;\u00d6\u011frenci Ayaklanmalar\u0131&#8221;, &#8220;Atat\u00fcrk&#8217;e Sald\u0131rman\u0131n Dayan\u0131lmaz Hafifli\u011fi&#8221;, &#8220;Kemalizm, Laiklik ve Demokrasi&#8221;, &#8220;Siyasal Sistemler&#8221;, &#8220;Siyaset Bilimi&#8221;, &#8220;Siyasal \u00c7at\u0131\u015fma ve Uzla\u015fma&#8221;, &#8220;Se\u00e7imsiz Demokrasi&#8221;, &#8220;Bir T\u00fcrk&#8217;\u00fcn \u00d6l\u00fcm\u00fc&#8221; ve &#8220;Ben Demokrat De\u011filim&#8221; adl\u0131 kitaplar\u0131 bulunuyor.<\/p>\n<p>K\u0131\u015flal\u0131, \u00f6\u011frencilerine ithaf etti\u011fi &#8220;Siyasal \u00c7at\u0131\u015fma ve Uzla\u015fma&#8221; adl\u0131 kitab\u0131nda, &#8220;\u015fiddetin psikolojisi&#8221; ve &#8220;ter\u00f6rizmin sosyolojisi&#8221;ne ili\u015fkin analizlerde bulunmu\u015ftu. K\u0131\u015flal\u0131&#8217;n\u0131n kitaptaki tespitlerinden biri, &#8220;Silah ve \u015fiddet kar\u015f\u0131s\u0131nda toplumun boyun e\u011fdi\u011fini g\u00f6stermek ne kadar yanl\u0131\u015f ise ter\u00f6r\u00fc yaratan ortam\u0131n de\u011fi\u015fmesi i\u00e7in gerekli demokratik ad\u0131mlar\u0131 atmaktan ka\u00e7\u0131nmak da o \u00f6l\u00e7\u00fcde hatal\u0131d\u0131r.&#8221; \u015feklindeydi.<\/p>\n<p>                            <span class=\"detay-foto-editor\">&#13;<br \/>\n                                <a href=\"https:\/\/www.aa.com.tr\/tr\/p\/abonelik-talep-formu\/1001\" target=\"_blank\" style=\"font-size:12px; color:#444; text-decoration:none;\" rel=\"noopener\">&#13;<br \/>\n                                    Anadolu Ajans\u0131 web sitesinde, AA Haber Ak\u0131\u015f Sistemi (HAS) \u00fczerinden abonelere sunulan haberler, \u00f6zetlenerek yay\u0131mlanmaktad\u0131r. <b style=\"color:#1897F7\">Abonelik i\u00e7in l\u00fctfen ileti\u015fime ge\u00e7iniz.<\/b>&#13;<br \/>\n                                <\/a>&#13;<br \/>\n                            <\/span>\n                        <\/div>\n<p><script>\n\t  window.fbAsyncInit = function() {\n\t\tFB.init({\n\t\t  appId: '1855843514662870',\n\t\t  status : true, \/\/ check login status\n\t\t  cookie : true, \/\/ enable cookies to allow the server to access the session\n\t\t  xfbml  : true  \/\/ parse XFBML\n\t\t});\n\t  };<\/p>\n<p>\t  (function() {\n\t\tvar e = document.createElement('script');\n\t\te.src=\"https:\/\/connect.facebook.net\/tr_TR\/all.js\";\n\t\te.async = true;\n\t\tdocument.getElementById('fb-root').appendChild(e);\n\t  }());\n    <\/script><\/p>\n","protected":false},"excerpt":{"rendered":"<p>K\u0131\u015flal\u0131, 10 Temmuz 1939&#8217;da Tokat&#8217;\u0131n Zile il\u00e7esinde do\u011fdu. \u0130lkokulu annesinin g\u00f6revli oldu\u011fu Kilis Kemaliye \u0130lkokulu&#8217;nda bitiren K\u0131\u015flal\u0131, Kilis Ortaokulunun ard\u0131ndan e\u011fitimine Kabata\u015f Erkek Lisesinde devam etti. Daha sonra Ankara \u00dcniversitesi Siyasal Bilgiler Fak\u00fcltesinde \u00f6\u011frenim g\u00f6ren K\u0131\u015flal\u0131, ayn\u0131 y\u0131llarda spor muhabirli\u011fine ba\u015flad\u0131\u011f\u0131 Yeni G\u00fcn gazetesinde k\u0131sa s\u00fcrede yaz\u0131 i\u015fleri m\u00fcd\u00fcr\u00fc oldu. K\u0131\u015flal\u0131, 1967&#8217;de Fransa bursuyla girdi\u011fi [&hellip;]<\/p>\n","protected":false},"author":1,"featured_media":18653,"comment_status":"","ping_status":"","sticky":false,"template":"","format":"standard","meta":[],"categories":[47],"tags":[],"_links":{"self":[{"href":"https:\/\/kraios.app\/news\/wp-json\/wp\/v2\/posts\/18652"}],"collection":[{"href":"https:\/\/kraios.app\/news\/wp-json\/wp\/v2\/posts"}],"about":[{"href":"https:\/\/kraios.app\/news\/wp-json\/wp\/v2\/types\/post"}],"author":[{"embeddable":true,"href":"https:\/\/kraios.app\/news\/wp-json\/wp\/v2\/users\/1"}],"replies":[{"embeddable":true,"href":"https:\/\/kraios.app\/news\/wp-json\/wp\/v2\/comments?post=18652"}],"version-history":[{"count":0,"href":"https:\/\/kraios.app\/news\/wp-json\/wp\/v2\/posts\/18652\/revisions"}],"wp:featuredmedia":[{"embeddable":true,"href":"https:\/\/kraios.app\/news\/wp-json\/wp\/v2\/media\/18653"}],"wp:attachment":[{"href":"https:\/\/kraios.app\/news\/wp-json\/wp\/v2\/media?parent=18652"}],"wp:term":[{"taxonomy":"category","embeddable":true,"href":"https:\/\/kraios.app\/news\/wp-json\/wp\/v2\/categories?post=18652"},{"taxonomy":"post_tag","embeddable":true,"href":"https:\/\/kraios.app\/news\/wp-json\/wp\/v2\/tags?post=18652"}],"curies":[{"name":"wp","href":"https:\/\/api.w.org\/{rel}","templated":true}]}}