{"id":18578,"date":"2023-10-19T21:11:50","date_gmt":"2023-10-19T21:11:50","guid":{"rendered":"https:\/\/kraios.app\/news\/siyaset\/2023\/10\/19\/turkiye-abdnin-venezuelaya-yaptirimlarin-kaldirilmasina-iliskin-aciklamasini-olumlu-karsiladi\/"},"modified":"2023-10-19T21:11:50","modified_gmt":"2023-10-19T21:11:50","slug":"turkiye-abdnin-venezuelaya-yaptirimlarin-kaldirilmasina-iliskin-aciklamasini-olumlu-karsiladi","status":"publish","type":"post","link":"https:\/\/kraios.app\/news\/siyaset\/2023\/10\/19\/turkiye-abdnin-venezuelaya-yaptirimlarin-kaldirilmasina-iliskin-aciklamasini-olumlu-karsiladi\/","title":{"rendered":"T\u00fcrkiye, ABD&#8217;nin Venezuela&#8217;ya yapt\u0131r\u0131mlar\u0131n kald\u0131r\u0131lmas\u0131na ili\u015fkin a\u00e7\u0131klamas\u0131n\u0131 olumlu kar\u015f\u0131lad\u0131"},"content":{"rendered":"<p><\/p>\n<div>\n<p>Bakanl\u0131ktan yap\u0131lan yaz\u0131l\u0131 a\u00e7\u0131klamada, &#8220;Bolivarc\u0131 Venezuela Cumhuriyeti h\u00fck\u00fcmeti ile Birlik Platformu taraf\u0131ndan temsil edilen <strong>Venezuela<\/strong> muhalefetini, 17 Ekim&#8217;de Barbados&#8217;ta imzalanan, siyasi haklar\u0131n desteklenmesi ve herkes i\u00e7in se\u00e7me ve se\u00e7ilme hakk\u0131 garantileri ile ulusal \u00e7\u0131karlar\u0131n muhafazas\u0131 konular\u0131ndaki anla\u015fmalar dolay\u0131s\u0131yla kutluyoruz.&#8221; ifadesine yer verildi.<\/p>\n<p><strong>T\u00fcrkiye<\/strong>&#8216;nin, 2024&#8217;te Venezuela&#8217;da d\u00fczenlenecek se\u00e7imlerin, demokratik ilkelere uygun, \u015feffaf ve adil bir \u015fekilde ger\u00e7ekle\u015fmesi i\u00e7in Venezuela makamlar\u0131na, ihtiya\u00e7 duyulmas\u0131 halinde gereken deste\u011fi vermeye haz\u0131r oldu\u011fu belirtilen a\u00e7\u0131klamada, &#8220;ABD&#8217;nin, Venezuela&#8217;ya y\u00f6nelik yapt\u0131r\u0131mlar\u0131n kald\u0131r\u0131lmas\u0131na ili\u015fkin a\u00e7\u0131klamas\u0131n\u0131 do\u011fru y\u00f6nde at\u0131lm\u0131\u015f bir ad\u0131m olarak g\u00f6r\u00fcyoruz.&#8221; ifadesi kullan\u0131ld\u0131.<\/p>\n<p>A\u00e7\u0131klamada, &#8220;T\u00fcrkiye Cumhuriyeti, tek tarafl\u0131 yapt\u0131r\u0131mlara kar\u015f\u0131 ilkesel tutumunu muhafaza etmekte olup, dostumuz Venezuela&#8217;n\u0131n ge\u00e7mi\u015fte oldu\u011fu gibi bug\u00fcn de yan\u0131ndad\u0131r.&#8221; ifadesine yer verildi.<\/p>\n<h3>ABD, Venezuela&#8217;n\u0131n petrol, do\u011fal gaz ve alt\u0131n sekt\u00f6rlerine y\u00f6nelik baz\u0131 yapt\u0131r\u0131mlar\u0131 ask\u0131ya alm\u0131\u015ft\u0131<\/h3>\n<p>ABD y\u00f6netimi, Venezuela&#8217;da h\u00fck\u00fcmetin muhalefet ile se\u00e7imlerin 2024&#8217;te yap\u0131lmas\u0131 konusunda anla\u015fmaya varmas\u0131n\u0131n ard\u0131ndan \u00fclkenin petrol, do\u011fal gaz ve alt\u0131n sekt\u00f6rlerine y\u00f6nelik uygulad\u0131\u011f\u0131 baz\u0131 yapt\u0131r\u0131mlar\u0131 ask\u0131ya alm\u0131\u015ft\u0131.<\/p>\n<p><strong>ABD Hazine Bakanl\u0131\u011f\u0131<\/strong>ndan yap\u0131lan a\u00e7\u0131klamada, Venezuela \u00dcniter Platformu ile Venezuela Devlet Ba\u015fkan\u0131 Nicolas Maduro&#8217;nun temsilcileri aras\u0131nda se\u00e7im yol haritas\u0131 anla\u015fmas\u0131n\u0131n imzalanmas\u0131na yan\u0131t olarak ve Venezuela halk\u0131n\u0131n desteklenmesi amac\u0131yla Yabanc\u0131 Varl\u0131klar Kontrol Ofisinin (OFAC) baz\u0131 yapt\u0131r\u0131mlar\u0131 ask\u0131ya almaya y\u00f6nelik 4 genel lisans yay\u0131mlad\u0131\u011f\u0131 belirtilmi\u015fti.<\/p>\n<p>A\u00e7\u0131klamada, s\u00f6z konusu genel lisanslarla Venezuela&#8217;da petrol ve do\u011fal gaz sekt\u00f6r\u00fcn\u00fc kapsayan i\u015flemlere 6 ayl\u0131k ge\u00e7ici izin verilece\u011fi ve Venezuela devletine ait alt\u0131n madencili\u011fi \u015firketi Minerven ile i\u015flere m\u00fcsaade edilece\u011fi aktar\u0131lm\u0131\u015ft\u0131.<\/p>\n<p>A\u00e7\u0131klamada ayr\u0131ca, belirli Venezuela devlet tahvillerinin yan\u0131 s\u0131ra Venezuela devletine ait petrol ve do\u011fal gaz \u015firketi PDVSA taraf\u0131ndan ihra\u00e7 edilen bor\u00e7 ve \u00f6z sermayeler \u00fczerindeki ikincil ticaret yasa\u011f\u0131n\u0131 kald\u0131rmak i\u00e7in ilgili iki lisansta de\u011fi\u015fiklik yap\u0131ld\u0131\u011f\u0131, birincil Venezuela tahvil piyasas\u0131nda ise i\u015flem yasa\u011f\u0131n\u0131n devam etti\u011fi kaydedilmi\u015fti.<\/p>\n<p>                            <span class=\"detay-foto-editor\">&#13;<br \/>\n                                <a href=\"https:\/\/www.aa.com.tr\/tr\/p\/abonelik-talep-formu\/1001\" target=\"_blank\" style=\"font-size:12px; color:#444; text-decoration:none;\" rel=\"noopener\">&#13;<br \/>\n                                    Anadolu Ajans\u0131 web sitesinde, AA Haber Ak\u0131\u015f Sistemi (HAS) \u00fczerinden abonelere sunulan haberler, \u00f6zetlenerek yay\u0131mlanmaktad\u0131r. <b style=\"color:#1897F7\">Abonelik i\u00e7in l\u00fctfen ileti\u015fime ge\u00e7iniz.<\/b>&#13;<br \/>\n                                <\/a>&#13;<br \/>\n                            <\/span>\n                        <\/div>\n<p><script>\n\t  window.fbAsyncInit = function() {\n\t\tFB.init({\n\t\t  appId: '1855843514662870',\n\t\t  status : true, \/\/ check login status\n\t\t  cookie : true, \/\/ enable cookies to allow the server to access the session\n\t\t  xfbml  : true  \/\/ parse XFBML\n\t\t});\n\t  };<\/p>\n<p>\t  (function() {\n\t\tvar e = document.createElement('script');\n\t\te.src=\"https:\/\/connect.facebook.net\/tr_TR\/all.js\";\n\t\te.async = true;\n\t\tdocument.getElementById('fb-root').appendChild(e);\n\t  }());\n    <\/script><\/p>\n","protected":false},"excerpt":{"rendered":"<p>Bakanl\u0131ktan yap\u0131lan yaz\u0131l\u0131 a\u00e7\u0131klamada, &#8220;Bolivarc\u0131 Venezuela Cumhuriyeti h\u00fck\u00fcmeti ile Birlik Platformu taraf\u0131ndan temsil edilen Venezuela muhalefetini, 17 Ekim&#8217;de Barbados&#8217;ta imzalanan, siyasi haklar\u0131n desteklenmesi ve herkes i\u00e7in se\u00e7me ve se\u00e7ilme hakk\u0131 garantileri ile ulusal \u00e7\u0131karlar\u0131n muhafazas\u0131 konular\u0131ndaki anla\u015fmalar dolay\u0131s\u0131yla kutluyoruz.&#8221; ifadesine yer verildi. T\u00fcrkiye&#8216;nin, 2024&#8217;te Venezuela&#8217;da d\u00fczenlenecek se\u00e7imlerin, demokratik ilkelere uygun, \u015feffaf ve adil bir \u015fekilde [&hellip;]<\/p>\n","protected":false},"author":1,"featured_media":18579,"comment_status":"","ping_status":"","sticky":false,"template":"","format":"standard","meta":[],"categories":[47],"tags":[],"_links":{"self":[{"href":"https:\/\/kraios.app\/news\/wp-json\/wp\/v2\/posts\/18578"}],"collection":[{"href":"https:\/\/kraios.app\/news\/wp-json\/wp\/v2\/posts"}],"about":[{"href":"https:\/\/kraios.app\/news\/wp-json\/wp\/v2\/types\/post"}],"author":[{"embeddable":true,"href":"https:\/\/kraios.app\/news\/wp-json\/wp\/v2\/users\/1"}],"replies":[{"embeddable":true,"href":"https:\/\/kraios.app\/news\/wp-json\/wp\/v2\/comments?post=18578"}],"version-history":[{"count":0,"href":"https:\/\/kraios.app\/news\/wp-json\/wp\/v2\/posts\/18578\/revisions"}],"wp:featuredmedia":[{"embeddable":true,"href":"https:\/\/kraios.app\/news\/wp-json\/wp\/v2\/media\/18579"}],"wp:attachment":[{"href":"https:\/\/kraios.app\/news\/wp-json\/wp\/v2\/media?parent=18578"}],"wp:term":[{"taxonomy":"category","embeddable":true,"href":"https:\/\/kraios.app\/news\/wp-json\/wp\/v2\/categories?post=18578"},{"taxonomy":"post_tag","embeddable":true,"href":"https:\/\/kraios.app\/news\/wp-json\/wp\/v2\/tags?post=18578"}],"curies":[{"name":"wp","href":"https:\/\/api.w.org\/{rel}","templated":true}]}}