{"id":18560,"date":"2023-10-19T17:56:28","date_gmt":"2023-10-19T17:56:28","guid":{"rendered":"https:\/\/kraios.app\/news\/siyaset\/2023\/10\/19\/ak-parti-sozcusu-celikten-tezkere-aciklamasi\/"},"modified":"2023-10-19T17:56:28","modified_gmt":"2023-10-19T17:56:28","slug":"ak-parti-sozcusu-celikten-tezkere-aciklamasi","status":"publish","type":"post","link":"https:\/\/kraios.app\/news\/siyaset\/2023\/10\/19\/ak-parti-sozcusu-celikten-tezkere-aciklamasi\/","title":{"rendered":"AK Parti S\u00f6zc\u00fcs\u00fc \u00c7elik&#8217;ten &#8220;tezkere&#8221; a\u00e7\u0131klamas\u0131"},"content":{"rendered":"<p><\/p>\n<div>\n<p>AK Parti Genel Ba\u015fkan Yard\u0131mc\u0131s\u0131 ve Parti S\u00f6zc\u00fcs\u00fc \u00d6mer \u00c7elik, sosyal medya hesab\u0131ndan, Irak ve Suriye&#8217;ye asker g\u00f6nderme tezkeresinin s\u00fcresinin 2 y\u0131l daha uzat\u0131lmas\u0131na ili\u015fkin TBMM Genel Kurulu&#8217;nda kabul edilen Cumhurba\u015fkanl\u0131\u011f\u0131 tezkeresine ili\u015fkin a\u00e7\u0131klamalarda bulundu.<\/p>\n<p>CHP Genel Ba\u015fkan\u0131 Kemal K\u0131l\u0131\u00e7daro\u011flu&#8217;nun bug\u00fcn vatanda\u015flara SMS g\u00f6ndererek, &#8220;tezkereyle yabanc\u0131 askerlerin T\u00fcrkiye&#8217;ye gelmesine imkan verildi\u011fi&#8221; iddias\u0131nda bulundu\u011funu aktaran \u00c7elik, &#8220;K\u0131l\u0131\u00e7daro\u011flu, T\u00fcrkiye&#8217;nin g\u00fcvenli\u011fi ve ter\u00f6rle m\u00fccadelesi i\u00e7in gerekli olan her \u015feye kar\u015f\u0131 \u00e7\u0131k\u0131yor, bunu da yalan siyasetiyle \u00f6rtbas etmeye \u00e7al\u0131\u015f\u0131yor. Oysa 2 y\u0131l \u00f6nce de bu konuya a\u00e7\u0131kl\u0131k getirmi\u015ftik. 2014&#8217;ten beri her tezkerede bu maddenin oldu\u011funu hat\u0131rlatm\u0131\u015ft\u0131k. Bu maddenin T\u00fcrkiye&#8217;nin uluslararas\u0131 ter\u00f6rle m\u00fccadele koalisyonunun bir par\u00e7as\u0131 olmas\u0131 nedeniyle ihtiya\u00e7 duyulan bir madde oldu\u011funu s\u00f6ylemi\u015ftik.&#8221; ifadelerini kulland\u0131.<\/p>\n<p>Ge\u00e7mi\u015fte ayn\u0131 maddenin yer ald\u0131\u011f\u0131 tezkerelere CHP parlamento grubunun defalarca &#8220;evet&#8221; dedi\u011fine dikkati \u00e7eken \u00c7elik, &#8220;Buradan anla\u015f\u0131lan CHP y\u00f6netimi onaylad\u0131klar\u0131 tezkerelerin hi\u00e7birini ya okumad\u0131lar ya da yeni geli\u015ftirdikleri ittifak ili\u015fkileri \u00e7er\u00e7evesinde tutum de\u011fi\u015ftirdiler. K\u0131l\u0131\u00e7daro\u011flu&#8217;nun her iki durumda da derinle\u015fen bir siyasi cehalet ve yetersizlik ile hareket etti\u011fi ortaya \u00e7\u0131k\u0131yor. K\u0131l\u0131\u00e7daro\u011flu, anla\u015f\u0131lan yeni ittifak ili\u015fkileri nedeniyle tutum de\u011fi\u015ftirmesine bir bahane olarak yabanc\u0131 g\u00fc\u00e7lerin varl\u0131\u011f\u0131ndan bahsediyor.&#8221; de\u011ferlendirmesini yapt\u0131.<\/p>\n<h3>&#8220;Her t\u00fcrl\u00fc ter\u00f6r \u00f6rg\u00fct\u00fcne kar\u015f\u0131 m\u00fccadele etmeyi s\u00fcrd\u00fcrece\u011fiz&#8221;<\/h3>\n<p>AK Parti S\u00f6zc\u00fcs\u00fc \u00c7elik, tezkereye ili\u015fkin, \u015fu bilgileri payla\u015ft\u0131:<\/p>\n<p>&#8220;2014 ve 2015&#8217;te Birle\u015fmi\u015f Milletler G\u00fcvenlik Konseyi karar\u0131na istinaden Suriye ve Irak&#8217;\u0131n kuzeyindeki DEA\u015e ve benzeri ter\u00f6r yap\u0131lanmalar\u0131yla m\u00fccadele i\u00e7in bir koalisyon ihdas edilmi\u015ftir. T\u00fcrkiye ile 80 \u00fclke ve NATO ile Arap Ligi&#8217;nin de aralar\u0131nda bulundu\u011fu 5 uluslararas\u0131 kurulu\u015f bu koalisyonda yer alm\u0131\u015ft\u0131r. Koalisyona \u00fcye \u00fclkeler de personel, malzeme, silah, ara\u00e7, hava \u00fcss\u00fc, limanlar ve hava sahalar\u0131 gibi alanlar\u0131n kullan\u0131m\u0131nda i\u015fbirli\u011fi yapmaktad\u0131r. Meselenin \u00f6z\u00fc budur.&#8221;<\/p>\n<p>\u00c7elik, a\u00e7\u0131klamas\u0131nda, \u015funlar\u0131 kaydetti:<\/p>\n<p>&#8220;K\u0131l\u0131\u00e7daro\u011flu&#8217;nun uluslararas\u0131 ili\u015fkilerin ve i\u015fbirli\u011finin gereklerini anlamaktan uzak oldu\u011funu biliyoruz. Bug\u00fcn vatanda\u015flar\u0131m\u0131z\u0131 rahats\u0131z eden SMS&#8217;ler atarak bilgisizli\u011fini bir kere daha ilan etmi\u015ftir. CHP y\u00f6netimi tezkere konusundaki tutumuyla, sadece PKK&#8217;ya siyasi destek verenlerin destek verdi\u011fi bir duruma d\u00fc\u015fm\u00fc\u015ft\u00fcr. Cumhuriyet Halk Partisi, K\u0131l\u0131\u00e7daro\u011flu&#8217;ndan \u00f6nce milli g\u00fcvenlik konusunda g\u00fc\u00e7l\u00fc bir hassasiyete sahipti. K\u0131l\u0131\u00e7daro\u011flu CHP&#8217;nin bu \u00e7izgisinde de sapmaya imza atm\u0131\u015ft\u0131r.<\/p>\n<p>Biz, Cumhurba\u015fkan\u0131m\u0131z Recep Tayyip Erdo\u011fan liderli\u011finde s\u0131n\u0131rlar\u0131m\u0131za m\u00fccavir b\u00f6lgelerde topraklar\u0131m\u0131za m\u00fctecaviz bir \u015fekilde yakla\u015fmaya \u00e7al\u0131\u015fan her t\u00fcrl\u00fc ter\u00f6r \u00f6rg\u00fct\u00fcne kar\u015f\u0131 m\u00fccadele etmeyi s\u00fcrd\u00fcrece\u011fiz.&#8221;<\/p>\n<p>                            <span class=\"detay-foto-editor\">&#13;<br \/>\n                                <a href=\"https:\/\/www.aa.com.tr\/tr\/p\/abonelik-talep-formu\/1001\" target=\"_blank\" style=\"font-size:12px; color:#444; text-decoration:none;\" rel=\"noopener\">&#13;<br \/>\n                                    Anadolu Ajans\u0131 web sitesinde, AA Haber Ak\u0131\u015f Sistemi (HAS) \u00fczerinden abonelere sunulan haberler, \u00f6zetlenerek yay\u0131mlanmaktad\u0131r. <b style=\"color:#1897F7\">Abonelik i\u00e7in l\u00fctfen ileti\u015fime ge\u00e7iniz.<\/b>&#13;<br \/>\n                                <\/a>&#13;<br \/>\n                            <\/span>\n                        <\/div>\n<p><script>\n\t  window.fbAsyncInit = function() {\n\t\tFB.init({\n\t\t  appId: '1855843514662870',\n\t\t  status : true, \/\/ check login status\n\t\t  cookie : true, \/\/ enable cookies to allow the server to access the session\n\t\t  xfbml  : true  \/\/ parse XFBML\n\t\t});\n\t  };<\/p>\n<p>\t  (function() {\n\t\tvar e = document.createElement('script');\n\t\te.src=\"https:\/\/connect.facebook.net\/tr_TR\/all.js\";\n\t\te.async = true;\n\t\tdocument.getElementById('fb-root').appendChild(e);\n\t  }());\n    <\/script><\/p>\n","protected":false},"excerpt":{"rendered":"<p>AK Parti Genel Ba\u015fkan Yard\u0131mc\u0131s\u0131 ve Parti S\u00f6zc\u00fcs\u00fc \u00d6mer \u00c7elik, sosyal medya hesab\u0131ndan, Irak ve Suriye&#8217;ye asker g\u00f6nderme tezkeresinin s\u00fcresinin 2 y\u0131l daha uzat\u0131lmas\u0131na ili\u015fkin TBMM Genel Kurulu&#8217;nda kabul edilen Cumhurba\u015fkanl\u0131\u011f\u0131 tezkeresine ili\u015fkin a\u00e7\u0131klamalarda bulundu. CHP Genel Ba\u015fkan\u0131 Kemal K\u0131l\u0131\u00e7daro\u011flu&#8217;nun bug\u00fcn vatanda\u015flara SMS g\u00f6ndererek, &#8220;tezkereyle yabanc\u0131 askerlerin T\u00fcrkiye&#8217;ye gelmesine imkan verildi\u011fi&#8221; iddias\u0131nda bulundu\u011funu aktaran \u00c7elik, [&hellip;]<\/p>\n","protected":false},"author":1,"featured_media":18561,"comment_status":"","ping_status":"","sticky":false,"template":"","format":"standard","meta":[],"categories":[47],"tags":[],"_links":{"self":[{"href":"https:\/\/kraios.app\/news\/wp-json\/wp\/v2\/posts\/18560"}],"collection":[{"href":"https:\/\/kraios.app\/news\/wp-json\/wp\/v2\/posts"}],"about":[{"href":"https:\/\/kraios.app\/news\/wp-json\/wp\/v2\/types\/post"}],"author":[{"embeddable":true,"href":"https:\/\/kraios.app\/news\/wp-json\/wp\/v2\/users\/1"}],"replies":[{"embeddable":true,"href":"https:\/\/kraios.app\/news\/wp-json\/wp\/v2\/comments?post=18560"}],"version-history":[{"count":0,"href":"https:\/\/kraios.app\/news\/wp-json\/wp\/v2\/posts\/18560\/revisions"}],"wp:featuredmedia":[{"embeddable":true,"href":"https:\/\/kraios.app\/news\/wp-json\/wp\/v2\/media\/18561"}],"wp:attachment":[{"href":"https:\/\/kraios.app\/news\/wp-json\/wp\/v2\/media?parent=18560"}],"wp:term":[{"taxonomy":"category","embeddable":true,"href":"https:\/\/kraios.app\/news\/wp-json\/wp\/v2\/categories?post=18560"},{"taxonomy":"post_tag","embeddable":true,"href":"https:\/\/kraios.app\/news\/wp-json\/wp\/v2\/tags?post=18560"}],"curies":[{"name":"wp","href":"https:\/\/api.w.org\/{rel}","templated":true}]}}