{"id":18551,"date":"2023-10-19T17:13:37","date_gmt":"2023-10-19T17:13:37","guid":{"rendered":"https:\/\/kraios.app\/news\/siyaset\/2023\/10\/19\/israile-kim-arka-cikarsa-ciksin-sonunda-hakkaniyet-kazanacak\/"},"modified":"2023-10-19T17:13:37","modified_gmt":"2023-10-19T17:13:37","slug":"israile-kim-arka-cikarsa-ciksin-sonunda-hakkaniyet-kazanacak","status":"publish","type":"post","link":"https:\/\/kraios.app\/news\/siyaset\/2023\/10\/19\/israile-kim-arka-cikarsa-ciksin-sonunda-hakkaniyet-kazanacak\/","title":{"rendered":"\u0130srail&#8217;e kim arka \u00e7\u0131karsa \u00e7\u0131ks\u0131n sonunda hakkaniyet kazanacak"},"content":{"rendered":"<p><\/p>\n<div>\n<p>TBMM Ba\u015fkan\u0131 <strong>Numan Kurtulmu\u015f<\/strong>, &#8220;Arkas\u0131nda kim olursa olsun, Orta Do\u011fu&#8217;daki bu ter\u00f6r \u00f6rg\u00fctlerine ya da art\u0131k bir ter\u00f6r devleti niteli\u011fi kazanm\u0131\u015f olan \u0130srail&#8217;e kim arka \u00e7\u0131karsa \u00e7\u0131ks\u0131n, sonunda hakkaniyet kazanacak, sonunda insanl\u0131k kazanacak, sonunda insaf kazanacak ve in\u015fallah Orta Do\u011fu s\u00fckunete, selamete erecektir.&#8221; dedi.<\/p>\n<p>Kocaeli Kongre Merkezi&#8217;nde d\u00fczenlenen Muhtarlar G\u00fcn\u00fc Bulu\u015fmas\u0131&#8217;nda konu\u015fan Kurtulmu\u015f, muhtarl\u0131k m\u00fcessesesinin, milletin muhtar kavram\u0131na y\u00fckledi\u011fi de\u011ferler dolay\u0131s\u0131yla \u00f6nemli oldu\u011funu s\u00f6yledi.<\/p>\n<p>T\u00fcrkiye&#8217;de \u00f6zellikle son y\u0131llarda muhtarl\u0131k m\u00fcessesesine b\u00fcy\u00fck \u00f6nem verildi\u011fini, itibar\u0131n\u0131n art\u0131r\u0131ld\u0131\u011f\u0131n\u0131, \u00f6zl\u00fck haklar\u0131n\u0131n geli\u015ftirildi\u011fini ve bug\u00fcn muhtarl\u0131\u011f\u0131n, T\u00fcrkiye demokrasisinin \u00f6nemli kurumlar\u0131ndan biri haline geldi\u011fini belirten Kurtulmu\u015f, muhtarlara \u00e7al\u0131\u015fmalar\u0131nda ba\u015far\u0131lar diledi.<\/p>\n<p>Kurtulmu\u015f, kad\u0131n muhtarlar\u0131n say\u0131s\u0131n\u0131n artmas\u0131ndan da memnuniyet duyduklar\u0131n\u0131 dile getirdi.<\/p>\n<p>T\u00fcrkiye&#8217;nin \u00f6nemli bir d\u00f6neme girdi\u011fine, 29 Ekim&#8217;de Cumhuriyet&#8217;in ikinci asr\u0131n\u0131n kap\u0131s\u0131n\u0131n a\u00e7\u0131laca\u011f\u0131na i\u015faret eden Kurtulmu\u015f, s\u00f6zlerini \u015f\u00f6yle s\u00fcrd\u00fcrd\u00fc:<\/p>\n<p>&#8220;Cumhuriyet&#8217;in ilk asr\u0131nda nice zorluklardan, nice yokluklardan, nice yoksulluklardan ge\u00e7tik. \u0130ki b\u00fcy\u00fck k\u00fcresel sava\u015f g\u00f6rd\u00fck. B\u00f6lgemizde fevkalade b\u00fcy\u00fck s\u0131k\u0131nt\u0131lara muhatap olduk, onlar\u0131n etkisinde kald\u0131k. Ayr\u0131ca T\u00fcrkiye&#8217;nin kalk\u0131nma m\u00fccadelesini s\u00fcrd\u00fcr\u00fcrken di\u011fer taraftan T\u00fcrkiye&#8217;de demokrasi m\u00fccadelesini de verdik.<\/p>\n<p>Ge\u00e7ti\u011fimiz as\u0131rda be\u015f kere \u00f6n\u00fc darbelerle kesilmi\u015f, say\u0131s\u0131z darbe tehditleriyle yolu kesilmeye \u00e7al\u0131\u015f\u0131lm\u0131\u015f bir milletin evlatlar\u0131y\u0131z. Bunlar\u0131n her birisinde sab\u0131rla metanetle ama milli \u015fuurla m\u00fccadele ederek yolumuzu a\u00e7t\u0131k. Milletin egemenli\u011finden ba\u015fka hi\u00e7bir egemenli\u011fe eyvallah etmedik. Bu millete giydirilmeye \u00e7al\u0131\u015f\u0131lan b\u00fct\u00fcn dar elbiseleri y\u0131rt\u0131p bir kenara att\u0131k. T\u00fcrkiye&#8217;de hem ekonominin geli\u015fmesi hem demokrasinin geli\u015fmesi hem toplumsal dokumuzun kuvvetlenmesi bak\u0131m\u0131ndan ola\u011fan\u00fcst\u00fc ad\u0131mlar att\u0131k.&#8221;<\/p>\n<h3>&#8220;T\u00fcrkiye, \u00f6n\u00fcm\u00fczdeki s\u00fcre\u00e7te d\u00fcnyadaki bir\u00e7ok geli\u015fmeye \u00f6nc\u00fcl\u00fck yapacak&#8221;<\/h3>\n<p>&#8220;Bize durmak yak\u0131\u015fmaz. Bize herhangi bir hedefe ula\u015ft\u0131ktan sonra, &#8216;Tamam. Bu oldu.&#8217; diyerek yerimizde saymak hi\u00e7 yak\u0131\u015fmaz.&#8221; diyen Kurtulmu\u015f, \u015fimdi T\u00fcrkiye&#8217;nin \u00f6n\u00fcnde milli bir hedef olan T\u00fcrkiye Y\u00fczy\u0131l\u0131&#8217;n\u0131n yeni ufuk, yeni ama\u00e7 olarak bulundu\u011funu kaydetti.<\/p>\n<p>Kurtulmu\u015f, b\u00f6lgedeki ve d\u00fcnyadaki geli\u015fmelerin, T\u00fcrkiye&#8217;nin \u00f6n\u00fcndeki hedeflerin \u00e7ok sa\u011flam ve \u00e7ok sa\u011fl\u0131kl\u0131 bir \u015fekilde ger\u00e7ekle\u015ftirilmesini zorunlu k\u0131ld\u0131\u011f\u0131na dikkati \u00e7ekerek, &#8220;T\u00fcrkiye&#8217;nin iki aya\u011f\u0131 da yere \u00e7ok sa\u011flam basan bir anlay\u0131\u015fla yoluna devam etmesi laz\u0131m. T\u00fcrkiye, \u00f6n\u00fcm\u00fczdeki s\u00fcre\u00e7te d\u00fcnyadaki bir\u00e7ok geli\u015fmeye \u00f6nc\u00fcl\u00fck yapacak. Sadece 85 milyonun s\u00f6zc\u00fcs\u00fc de\u011fil, yer y\u00fcz\u00fcndeki mazlum ve ma\u011fdur milletlerin de s\u00f6zc\u00fcs\u00fc olacak, hakkaniyeti, adaleti, hakikati, vicdan\u0131 ve insanl\u0131\u011f\u0131 yer k\u00fcrede yayacak b\u00fcy\u00fck bir at\u0131l\u0131m\u0131n i\u00e7erisinde olmal\u0131d\u0131r. Bunun i\u00e7in diyoruz ki \u00f6n\u00fcm\u00fczdeki asr\u0131, s\u00f6z\u00fc g\u00fc\u00e7l\u00fc, g\u00fcc\u00fc tesirli bir T\u00fcrkiye Y\u00fczy\u0131l\u0131 yapmak i\u00e7in her birimiz canla ba\u015fla \u00e7al\u0131\u015faca\u011f\u0131z.&#8221; \u015feklinde konu\u015ftu.<\/p>\n<h3>&#8220;Sapk\u0131n fikirlerin T\u00fcrk toplumunda yayg\u0131nla\u015ft\u0131r\u0131lmas\u0131na m\u00fcsaade etmeyece\u011fiz&#8221;<\/h3>\n<p>S\u00f6z\u00fc g\u00fc\u00e7l\u00fc, g\u00fcc\u00fc tesirli T\u00fcrkiye&#8217;nin ilk \u015fart\u0131nda &#8220;toplumsal yap\u0131s\u0131n\u0131n sa\u011flam olmas\u0131&#8221;n\u0131n yer ald\u0131\u011f\u0131n\u0131 dile getiren Kurtulmu\u015f, &#8220;Farkl\u0131l\u0131klar\u0131m\u0131z\u0131 bir zenginlik arac\u0131 olarak g\u00f6ren bir T\u00fcrkiye. \u00d6tekile\u015ftirmeyen, ayr\u0131\u015ft\u0131rmayan, kenara itmeyen, de\u011fersizle\u015ftirmeyen bir anlay\u0131\u015fla toplumun 85 milyonuna sahip \u00e7\u0131kan bir T\u00fcrkiye&#8217;nin kurulabilmesi, b\u00f6yle bir anlay\u0131\u015f\u0131n hakim olabilmesi i\u00e7in gayret sarf edece\u011fiz.&#8221; dedi.<\/p>\n<p>Kurtulmu\u015f, sa\u011flam toplumsal yap\u0131n\u0131n olmazsa olmaz ko\u015fullar\u0131ndan birin g\u00fc\u00e7l\u00fc bir aile yap\u0131s\u0131 oldu\u011funa i\u015faret ederek, &#8220;Aileyi bozmaya \u00e7al\u0131\u015fan baz\u0131 \u015fer odaklar\u0131n\u0131n, aile de\u011ferlerini ortadan kald\u0131rmaya \u00e7al\u0131\u015fan baz\u0131 sapk\u0131n fikirlerin, T\u00fcrk toplumunun i\u00e7erisinde de yayg\u0131nla\u015ft\u0131r\u0131lmaya \u00e7al\u0131\u015f\u0131ld\u0131\u011f\u0131n\u0131 biliyoruz. Bunlara m\u00fcsaade etmeyece\u011fiz.&#8221; diye konu\u015ftu.<\/p>\n<p>Reformlar konusunda da geri durmayacaklar\u0131n\u0131 vurgulayan Kurtulmu\u015f, &#8220;\u00d6n\u00fcm\u00fczdeki d\u00f6nemde, 12 Eyl\u00fcl d\u00f6neminin bu \u00fclkenin ba\u015f\u0131na musallat k\u0131ld\u0131\u011f\u0131 bu darbe anayasas\u0131ndan kurtularak \u00f6zg\u00fcrl\u00fck\u00e7\u00fc, insan\u0131 esas alan, ku\u015fat\u0131c\u0131, kat\u0131l\u0131mc\u0131, siyasi partilerimizin birlikte \u00e7al\u0131\u015fmas\u0131yla yeni, milli bir anayasayla \u00fcmit ediyorum ki yol alaca\u011f\u0131z. T\u00fcrkiye demokrasisinin standartlar\u0131 y\u00fcksek bir demokrasi haline getirilmesi, sivil toplumun daha g\u00fc\u00e7l\u00fc bir hale getirilmesi de T\u00fcrkiye&#8217;deki toplumsal yap\u0131n\u0131n g\u00fc\u00e7lenmesini sa\u011flayacak \u00f6nemli mekanizmalardan biridir.&#8221; ifadelerini kulland\u0131.<\/p>\n<p>Kurtulmu\u015f, g\u00fc\u00e7l\u00fc ve b\u00fcy\u00fck T\u00fcrkiye idealinin bir di\u011fer temel s\u00fctununun ise &#8220;d\u0131\u015f politikada etkin T\u00fcrkiye&#8217;nin varl\u0131\u011f\u0131&#8221; oldu\u011funu belirterek, \u015f\u00f6yle devam etti:<\/p>\n<p>&#8220;T\u00fcrkiye, milli menfaatleri do\u011frultusunda Balkanlar&#8217;da, Karadeniz&#8217;de, Kafkaslar&#8217;da, Orta Do\u011fu&#8217;da, Do\u011fu Akdeniz&#8217;de bar\u0131\u015f, esenlik, istikrar ve g\u00fcvenden yanad\u0131r. Bu b\u00f6lgede daha fazla \u00e7at\u0131\u015fmay\u0131, kavgay\u0131, g\u00fcr\u00fclt\u00fcy\u00fc istemiyoruz. Bunun, T\u00fcrkiye&#8217;nin milli menfaatlerine de uygun olmad\u0131\u011f\u0131n\u0131 biliyoruz. Onun i\u00e7in ba\u015fta Orta Do\u011fu&#8217;da vekalet sava\u015flar\u0131 olmak \u00fczere bu b\u00f6lgedeki \u00e7at\u0131\u015fmalar\u0131n sonland\u0131r\u0131lmas\u0131n\u0131 milli bir hedef olarak ortaya koyuyoruz.&#8221; <\/p>\n<h3>&#8220;Gazze meselesinde 85 milyon yekv\u00fccut olduk&#8221;<\/h3>\n<p>Orta Do\u011fu&#8217;da devam eden ate\u015fin bir an evvel s\u00f6nd\u00fcr\u00fclmesi i\u00e7in gayret sarf ettiklerini dile getiren Kurtulmu\u015f, &#8220;Birileri zalime, katliam yapanlara sar\u0131larak s\u0131rtlar\u0131n\u0131 s\u0131vazlarken, T\u00fcrkiye bir yandan 85 milyonun hissiyat\u0131na terc\u00fcman olarak katliamc\u0131ya, insanl\u0131k d\u0131\u015f\u0131 su\u00e7 i\u015fleyenlere, Siyonist rejime yapt\u0131klar\u0131n\u0131 hat\u0131rlat\u0131yor, ayn\u0131 zamanda da acilen ate\u015fkesin sa\u011flanmas\u0131 ve Filistinli karde\u015flerimize Gazze&#8217;de insani yard\u0131mlar\u0131n g\u00f6nderilmesi i\u00e7in b\u00fct\u00fcn g\u00fcc\u00fcn\u00fc seferber ediyor.&#8221; diye konu\u015ftu.<\/p>\n<p>Kurtulmu\u015f, milletin muazzam bir irfan\u0131n\u0131n bulundu\u011funu, farkl\u0131l\u0131klara ra\u011fmen 85 milyonun Gazze meselesinde yekv\u00fccut oldu\u011funu ifade ederek, &#8220;Zulme kar\u015f\u0131 &#8216;Dur&#8217; demesini bilen, mazluma elini uzatan bir millet olmaktan iftihar ediyoruz. \u015euna inan\u0131yorum ki arkas\u0131nda kim olursa olsun, Orta Do\u011fu&#8217;daki bu ter\u00f6r \u00f6rg\u00fctlerine ya da art\u0131k bir ter\u00f6r devleti niteli\u011fi kazanm\u0131\u015f olan \u0130srail&#8217;e kim arka \u00e7\u0131karsa \u00e7\u0131ks\u0131n, sonunda hakkaniyet kazanacak, sonunda insanl\u0131k kazanacak, sonunda insaf kazanacak ve in\u015fallah Orta Do\u011fu s\u00fckunete, selamete erecektir.&#8221; dedi.<\/p>\n<p>Filistin&#8217;de a\u00e7\u0131k, aleni sava\u015f su\u00e7lar\u0131 i\u015flendi\u011fini ve bunlar\u0131n devam etti\u011fini belirten Kurtulmu\u015f, bu insanl\u0131k su\u00e7lar\u0131n\u0131n, yapan\u0131n yan\u0131na kar kalmayaca\u011f\u0131n\u0131 vurgulad\u0131.<\/p>\n<p>Kurtulmu\u015f, T\u00fcrkiye ve baz\u0131 \u00fclkelerin bu sorunu \u00e7\u00f6zmek i\u00e7in gayret etti\u011fine dikkati \u00e7ekerek, \u015f\u00f6yle devam etti:<\/p>\n<p>&#8220;Kimileri ise bilgisayar ba\u015f\u0131nda sava\u015f oyunu oynar gibi bu i\u015fi seyretmektedir. B\u00f6ylesine insanl\u0131k d\u0131\u015f\u0131 bir durum Gayretullah&#8217;a dokunur. Siz u\u00e7aklar\u0131n\u0131zla her bir Gazzelinin \u00fcst\u00fcne bir bomba atabilirsiniz. Her bir Gazzeliyi hayattan koparabilirsiniz, b\u00f6yle bir g\u00fcc\u00fcn\u00fcz var. Amerika da geldi, &#8216;Ben de arkanday\u0131m.&#8217; diyor. Ama insanl\u0131\u011f\u0131 \u00f6ld\u00fcremezsiniz, insaf\u0131 susturamazs\u0131n\u0131z, vicdanlar\u0131 yok edemezsiniz, insanlar\u0131n varl\u0131\u011f\u0131n\u0131, ge\u00e7mi\u015fini silemezsiniz.<\/p>\n<p>Bug\u00fcn d\u00fcnyan\u0131n bir\u00e7ok yerinde insaf sahibi, Hristiyanlar, Yahudiler, ba\u015fka dinlerden insanlar da Filistin davas\u0131na destek veriyor. Bug\u00fcn Bat\u0131&#8217;daki b\u00fcy\u00fck \u00fcniversitelerin kamp\u00fcslerinin bir k\u0131sm\u0131nda hem de gayrim\u00fcslim \u00e7o\u011funluklar bir araya gelerek Filistin davas\u0131na destek veriyor. Amerikan Senatosu&#8217;na Siyonizm kar\u015f\u0131t\u0131 Yahudiler gelerek bayraklar\u0131n\u0131 a\u00e7\u0131yor, &#8216;\u015eimdi ate\u015fkesi sa\u011flay\u0131n, Filistin&#8217;deki katliam\u0131 durdurun, bu insanl\u0131k su\u00e7unun biz orta\u011f\u0131 de\u011filiz.&#8217; diyorlar. Art\u0131k d\u00fcnyan\u0131n vicdan\u0131 harekete ge\u00e7mi\u015ftir. Hangi sava\u015f makinelerinizi getirirseniz getirin, hangi uluslararas\u0131 kurulu\u015flar\u0131n\u0131z\u0131 kullan\u0131rsan\u0131z kullan\u0131n, hangi iki y\u00fczl\u00fc siyasetinizi d\u00fcnyay\u0131 ikna etmek i\u00e7in devreye sokarsan\u0131z sokun, art\u0131k s\u00f6z s\u0131ras\u0131 insanl\u0131\u011fa, vicdana, hakkaniyete gelmi\u015ftir. \u0130nan\u0131yorum ki hepimiz g\u00f6rece\u011fiz, \u00f6yle ka\u011f\u0131t \u00fczerinde mahallelere b\u00f6l\u00fcnm\u00fc\u015f bir Filistin de\u011fil, tam manas\u0131yla ba\u011f\u0131ms\u0131z, egemen, halk\u0131na ve hakk\u0131na sahip \u00e7\u0131kan, ba\u015fkenti Kud\u00fcs olan bir Filistin devleti eninde sonunda mutlaka ama mutlaka kurulacakt\u0131r.&#8221;<\/p>\n<p>Kurtulmu\u015f, konu\u015fmas\u0131n\u0131n ard\u0131ndan &#8220;Muhtarlar AFAD G\u00f6n\u00fcll\u00fcs\u00fc Oluyor Projesi&#8221; kapsam\u0131nda muhtarlara sertifikalar\u0131n\u0131 verdi.<\/p>\n<p>Muhtarlar ise TBMM Ba\u015fkan\u0131 Kurtulmu\u015f&#8217;a, Filistin bayra\u011f\u0131 ve atk\u0131s\u0131 takdim etti.<\/p>\n<p>                            <span class=\"detay-foto-editor\">&#13;<br \/>\n                                <a href=\"https:\/\/www.aa.com.tr\/tr\/p\/abonelik-talep-formu\/1001\" target=\"_blank\" style=\"font-size:12px; color:#444; text-decoration:none;\" rel=\"noopener\">&#13;<br \/>\n                                    Anadolu Ajans\u0131 web sitesinde, AA Haber Ak\u0131\u015f Sistemi (HAS) \u00fczerinden abonelere sunulan haberler, \u00f6zetlenerek yay\u0131mlanmaktad\u0131r. <b style=\"color:#1897F7\">Abonelik i\u00e7in l\u00fctfen ileti\u015fime ge\u00e7iniz.<\/b>&#13;<br \/>\n                                <\/a>&#13;<br \/>\n                            <\/span>\n                        <\/div>\n<p><script>\n\t  window.fbAsyncInit = function() {\n\t\tFB.init({\n\t\t  appId: '1855843514662870',\n\t\t  status : true, \/\/ check login status\n\t\t  cookie : true, \/\/ enable cookies to allow the server to access the session\n\t\t  xfbml  : true  \/\/ parse XFBML\n\t\t});\n\t  };<\/p>\n<p>\t  (function() {\n\t\tvar e = document.createElement('script');\n\t\te.src=\"https:\/\/connect.facebook.net\/tr_TR\/all.js\";\n\t\te.async = true;\n\t\tdocument.getElementById('fb-root').appendChild(e);\n\t  }());\n    <\/script><\/p>\n","protected":false},"excerpt":{"rendered":"<p>TBMM Ba\u015fkan\u0131 Numan Kurtulmu\u015f, &#8220;Arkas\u0131nda kim olursa olsun, Orta Do\u011fu&#8217;daki bu ter\u00f6r \u00f6rg\u00fctlerine ya da art\u0131k bir ter\u00f6r devleti niteli\u011fi kazanm\u0131\u015f olan \u0130srail&#8217;e kim arka \u00e7\u0131karsa \u00e7\u0131ks\u0131n, sonunda hakkaniyet kazanacak, sonunda insanl\u0131k kazanacak, sonunda insaf kazanacak ve in\u015fallah Orta Do\u011fu s\u00fckunete, selamete erecektir.&#8221; dedi. Kocaeli Kongre Merkezi&#8217;nde d\u00fczenlenen Muhtarlar G\u00fcn\u00fc Bulu\u015fmas\u0131&#8217;nda konu\u015fan Kurtulmu\u015f, muhtarl\u0131k m\u00fcessesesinin, [&hellip;]<\/p>\n","protected":false},"author":1,"featured_media":18552,"comment_status":"","ping_status":"","sticky":false,"template":"","format":"standard","meta":[],"categories":[47],"tags":[],"_links":{"self":[{"href":"https:\/\/kraios.app\/news\/wp-json\/wp\/v2\/posts\/18551"}],"collection":[{"href":"https:\/\/kraios.app\/news\/wp-json\/wp\/v2\/posts"}],"about":[{"href":"https:\/\/kraios.app\/news\/wp-json\/wp\/v2\/types\/post"}],"author":[{"embeddable":true,"href":"https:\/\/kraios.app\/news\/wp-json\/wp\/v2\/users\/1"}],"replies":[{"embeddable":true,"href":"https:\/\/kraios.app\/news\/wp-json\/wp\/v2\/comments?post=18551"}],"version-history":[{"count":0,"href":"https:\/\/kraios.app\/news\/wp-json\/wp\/v2\/posts\/18551\/revisions"}],"wp:featuredmedia":[{"embeddable":true,"href":"https:\/\/kraios.app\/news\/wp-json\/wp\/v2\/media\/18552"}],"wp:attachment":[{"href":"https:\/\/kraios.app\/news\/wp-json\/wp\/v2\/media?parent=18551"}],"wp:term":[{"taxonomy":"category","embeddable":true,"href":"https:\/\/kraios.app\/news\/wp-json\/wp\/v2\/categories?post=18551"},{"taxonomy":"post_tag","embeddable":true,"href":"https:\/\/kraios.app\/news\/wp-json\/wp\/v2\/tags?post=18551"}],"curies":[{"name":"wp","href":"https:\/\/api.w.org\/{rel}","templated":true}]}}