{"id":18527,"date":"2023-10-19T12:36:28","date_gmt":"2023-10-19T12:36:28","guid":{"rendered":"https:\/\/kraios.app\/news\/siyaset\/2023\/10\/19\/insani-yardimlarin-suratle-gazzeye-ulastirilmasi-icin-butun-gucumuzle-mucadele-ediyoruz\/"},"modified":"2023-10-19T12:36:28","modified_gmt":"2023-10-19T12:36:28","slug":"insani-yardimlarin-suratle-gazzeye-ulastirilmasi-icin-butun-gucumuzle-mucadele-ediyoruz","status":"publish","type":"post","link":"https:\/\/kraios.app\/news\/siyaset\/2023\/10\/19\/insani-yardimlarin-suratle-gazzeye-ulastirilmasi-icin-butun-gucumuzle-mucadele-ediyoruz\/","title":{"rendered":"\u0130nsani yard\u0131mlar\u0131n s\u00fcratle Gazze&#8217;ye ula\u015ft\u0131r\u0131lmas\u0131 i\u00e7in b\u00fct\u00fcn g\u00fcc\u00fcm\u00fczle m\u00fccadele ediyoruz"},"content":{"rendered":"<p><\/p>\n<div>\n<p>Kocaeli \u00dcniversitesi (KO\u00dc) Baki Komsuo\u011flu K\u00fclt\u00fcr Merkezi&#8217;nde d\u00fczenlenen Akademik Y\u0131l A\u00e7\u0131l\u0131\u015f T\u00f6reni&#8217;ne kat\u0131lan Kurtulmu\u015f, 2023&#8217;\u00fcn T\u00fcrkiye i\u00e7in tarihi \u00f6neme sahip oldu\u011funu, Cumhuriyet&#8217;in ilk 100 y\u0131l\u0131n\u0131 geride b\u0131rakt\u0131klar\u0131n\u0131 s\u00f6yledi.<\/p>\n<p>Cumhuriyet&#8217;in ikinci y\u00fcz y\u0131l\u0131nda, &#8220;s\u00f6z\u00fc g\u00fc\u00e7l\u00fc, g\u00fcc\u00fc tesirli T\u00fcrkiye Y\u00fczy\u0131l\u0131&#8221; i\u00e7in el birli\u011fiyle gayret edeceklerini belirten Kurtulmu\u015f, T\u00fcrkiye&#8217;nin, \u00f6n\u00fcne yeni hedefler koymak zorunda oldu\u011funu, bu konuda \u00fcniversitelere b\u00fcy\u00fck g\u00f6revler d\u00fc\u015ft\u00fc\u011f\u00fcn\u00fc vurgulad\u0131.<\/p>\n<p>Kurtulmu\u015f, k\u00fcresel \u0131s\u0131nma, iklim de\u011fi\u015fikli\u011fi ve \u00e7evre kirlili\u011fi konular\u0131nda temel hassasiyet g\u00f6sterilmesi gerekirken sadece sonu\u00e7 olarak ele al\u0131nd\u0131\u011f\u0131na dikkati \u00e7ekerek, &#8220;Halbuki \u00e7evre kirlili\u011fini, iklim de\u011fi\u015fikli\u011fini ortaya \u00e7\u0131kan bu kadar b\u00fcy\u00fck k\u00fcresel \u0131s\u0131nma felaketinin temel nedenleri \u00fczerine yo\u011funla\u015fmadan yani bilgi, iklim ve irfan ekseninde &#8216;Bu sorunun kayna\u011f\u0131 nedir?&#8217; sorusunun cevab\u0131n\u0131 bulmadan bunlar\u0131 ortadan kald\u0131rmam\u0131z m\u00fcmk\u00fcn de\u011fildir.&#8221; diye konu\u015ftu.<\/p>\n<p>\u00d6zellikle son 2 as\u0131rd\u0131r d\u00fcnyay\u0131 b\u00fcy\u00fck vah\u015fi kapitalizmle s\u00f6m\u00fcren g\u00fc\u00e7lerin, bu sorunlar\u0131n ard\u0131ndaki en temel neden oldu\u011funa de\u011finen Kurtulmu\u015f, insano\u011flunu kainatla bar\u0131\u015f\u0131k hale getirmeden \u00e7evre kirlili\u011finin \u00f6n\u00fcne ge\u00e7menin m\u00fcmk\u00fcn olmad\u0131\u011f\u0131n\u0131n alt\u0131n\u0131 \u00e7izdi.<\/p>\n<p>Kurtulmu\u015f, ikinci temel meselenin g\u00f6\u00e7, m\u00fclteci ve s\u0131\u011f\u0131nmac\u0131lar konusu oldu\u011funu aktararak, &#8220;Yine sonu\u00e7lar\u0131yla ilgileniyoruz. Akdeniz&#8217;de \u015fu kadar g\u00f6\u00e7men, T\u00fcrkiye \u00fczerinden \u015fu kadar g\u00f6\u00e7men geldi, ge\u00e7ti. Afrika&#8217;dan her y\u0131l \u015fu kadar g\u00f6\u00e7men Avrupa&#8217;ya gidiyor vs. Ama \u015fu sorunun cevab\u0131n\u0131 vermiyoruz. Nas\u0131l oldu da insanl\u0131k kendisinin \u00f6n\u00fcnde b\u00fcy\u00fck k\u00fcresel kriz olarak bu g\u00f6\u00e7 meselesini buldu? Yasa d\u0131\u015f\u0131 g\u00f6\u00e7men meselesi d\u00fcnyan\u0131n en temel sorunlar\u0131ndan birisi haline geldi. Yine bunun arkas\u0131na bakt\u0131\u011f\u0131m\u0131z zaman, i\u015fgallerin, i\u00e7 \u00e7at\u0131\u015fmalar\u0131n ve \u00f6zellikle yeni emperyalist planlar\u0131n ortaya koymu\u015f oldu\u011fu geli\u015fmeler, g\u00fcn\u00fcm\u00fczde ya\u015fad\u0131\u011f\u0131m\u0131z bu g\u00f6\u00e7 krizinin 1 numaral\u0131 nedenidir? Tek ba\u015f\u0131na de\u011fil ama bir numaral\u0131 nedenidir.&#8221; de\u011ferlendirmesinde bulundu.<\/p>\n<h3>&#8220;\u0130slamofobyan\u0131n kar\u015f\u0131s\u0131nda yeni bir zihniyete ihtiya\u00e7 var&#8221;<\/h3>\n<p>D\u00fcnyada ya\u015fanan sava\u015flar\u0131 ve baz\u0131 \u00fclkelerin ter\u00f6r \u00f6rg\u00fctlerine verdi\u011fi destekleri hat\u0131rlatan Kurtulmu\u015f, d\u00fcnyada bu anlamdaki siyasal yap\u0131lanman\u0131n yeniden g\u00f6zden ge\u00e7irilmesinin ve g\u00f6\u00e7 meselesinin arkas\u0131ndaki i\u015fgal ve yeni emperyal politikalar\u0131n \u00fczerine odaklanman\u0131n ka\u00e7\u0131n\u0131lmaz oldu\u011funun alt\u0131n\u0131 \u00e7izdi.<\/p>\n<p>Kurtulmu\u015f, a\u00e7l\u0131k, k\u0131tl\u0131k, yoksunluk ve d\u00fcnyan\u0131n geli\u015fmi\u015f \u00fclkelerinde baz\u0131 toplumsal kesimleri de etkileyen fakirlik meselesinin varl\u0131\u011f\u0131n\u0131 hat\u0131rlatarak, bu sorunlar\u0131 diline dolayanlar\u0131n, \u00f6nce halklar\u0131n zenginliklerini hangi gerek\u00e7eyle \u00e7ald\u0131klar\u0131n\u0131 7,5 milyar insana anlatmas\u0131 gerekti\u011fini ifade etti.<\/p>\n<p>Bug\u00fcn ya\u015fanan en temel sorunlardan birinin, \u0131rk\u00e7\u0131l\u0131k, yabanc\u0131 d\u00fc\u015fmanl\u0131\u011f\u0131 ve \u0130slam kar\u015f\u0131tl\u0131\u011f\u0131 oldu\u011funu kaydeden Kurtulmu\u015f, \u015f\u00f6yle devam etti:<\/p>\n<p>&#8220;Bunlar\u0131n hepsinin de ayn\u0131 di\u011fer sorunlarda oldu\u011fu gibi zihin alt yap\u0131s\u0131n\u0131n sonu\u00e7lar\u0131 oldu\u011funun alt\u0131n\u0131 \u00e7izmek isterim. \u0130slam d\u00fc\u015fmanl\u0131\u011f\u0131 yapan ya da Avrupa&#8217;n\u0131n, d\u00fcnyan\u0131n herhangi bir yerinde yabanc\u0131 d\u00fc\u015fmanl\u0131\u011f\u0131 yapan fa\u015fistler, \u0131rk\u00e7\u0131lar, onlar da sadece bir ideolojinin zehirledi\u011fi insanlar olarak de\u011fil, asl\u0131nda kendilerini \u00fcst\u00fcn, di\u011ferlerini ise a\u015fa\u011f\u0131da k\u00f6le olarak g\u00f6rd\u00fckleri i\u00e7in bu tav\u0131rlar\u0131n i\u00e7ine giriyorlar.<\/p>\n<p>Son zamanlarda bak\u0131n, \u0130srail-Filistin aras\u0131ndaki \u00e7at\u0131\u015fma. Zaman\u0131nda, maalesef insanl\u0131k tarihinin duydu\u011fu en a\u011f\u0131r gayriinsani laf\u0131 s\u00f6yleten zihniyeti ke\u015ffetmeden sorunlar\u0131 \u00e7\u00f6zemeyiz. Adam ne dedi? Hem de koskoca bakan. \u0130srail Savunma Bakan\u0131 (Yoav Gallant). &#8216;Biz insans\u0131 baz\u0131 hayvanlarla sava\u015f\u0131yoruz.&#8217; \u00c7\u00fcnk\u00fc beyler, kendileri \u00fcst\u00fcn, se\u00e7ilmi\u015f millet. D\u00fcnyan\u0131n geri kalanlar\u0131, onlar da insan bile de\u011fil, onlar\u0131 hayvan olarak g\u00f6r\u00fcyorlar. Bu anlamda \u0131rk\u00e7\u0131l\u0131k, yabanc\u0131 d\u00fc\u015fmanl\u0131\u011f\u0131, \u00f6zellikle \u0130slamofobyan\u0131n kar\u015f\u0131s\u0131nda da yeni bir zihniyete ihtiya\u00e7 oldu\u011funun alt\u0131na \u00e7izmek isterim.&#8221;<\/p>\n<h3>&#8220;\u0130nsanl\u0131k tarihinin en ac\u0131 geli\u015fmelerinden birine \u015fahit oluyoruz&#8221;<\/h3>\n<p>Kurtulmu\u015f, T\u00fcrkiye&#8217;nin, gerilim, \u00e7at\u0131\u015fma ve sava\u015flar\u0131n ortadan kald\u0131r\u0131lmas\u0131 i\u00e7in ba\u015f\u0131ndan itibaren g\u00fcven, istikrar ve i\u015fbirli\u011fi i\u00e7erisinde gayret sarf etti\u011fini ancak bug\u00fcn Filistin&#8217;de insanl\u0131k tarihinin en ac\u0131 geli\u015fmelerinden birine \u015fahit olundu\u011funu dile getirdi.<\/p>\n<p>\u015eu anda Filistin ve \u0130srail aras\u0131nda ya\u015fanan meselenin, iki y\u00fcz\u00fc, iki ayr\u0131 alan oldu\u011funun g\u00f6r\u00fclmesi gerekti\u011fine i\u015faret eden Kurtulmu\u015f, konu\u015fmas\u0131n\u0131 \u015f\u00f6yle s\u00fcrd\u00fcrd\u00fc:<\/p>\n<p>&#8220;Bunlardan birisi i\u015fin insani k\u0131sm\u0131d\u0131r. Yani \u015fu anda biz konu\u015furken de Filistin&#8217;e, Gazze&#8217;ye bombalar at\u0131l\u0131yor, onlarca insan hayattan kopar\u0131l\u0131yor. Daha evvelsi g\u00fcn 500&#8217;e yak\u0131n insan, hem de Birle\u015fmi\u015f Milletler, D\u00fcnya Sa\u011fl\u0131k \u00d6rg\u00fct\u00fc&#8217;nden al\u0131nan onayla g\u00fcvenli b\u00f6lge oldu\u011funa inand\u0131klar\u0131 i\u00e7in geldikleri hastanede ac\u0131mas\u0131zca, barbarca, gaddarca katliama tabi tutuldular. D\u00fcnya seyrediyor.<\/p>\n<p>Bunun bir an evvel ortadan kald\u0131r\u0131lmas\u0131 i\u00e7in gayret sarf etmemiz laz\u0131m. T\u00fcrkiye olarak ilk andan itibaren h\u0131zl\u0131 \u015fekilde ate\u015fkesin temin edilmesi ve insani yard\u0131mlar\u0131n s\u00fcratle Gazze&#8217;ye ula\u015ft\u0131r\u0131lmas\u0131 i\u00e7in b\u00fct\u00fcn g\u00fcc\u00fcm\u00fczle m\u00fccadele ediyoruz. Bu anlamda Say\u0131n Cumhurba\u015fkan\u0131&#8217;m\u0131z, bizler, D\u0131\u015fi\u015fleri Bakan\u0131m\u0131z, ilgili kurumlar\u0131m\u0131z, bir an evvel ate\u015fkesin sa\u011flanmas\u0131 ve Gazze&#8217;ye insani yard\u0131mlar\u0131n, \u00f6zellikle t\u0131bbi yard\u0131mlar\u0131n&#8230; Bak\u0131n biz burada konu\u015fuyoruz ama Gazze&#8217;deki hastanelerde sarg\u0131 bezinin dahi olmad\u0131\u011f\u0131n\u0131 unutmayal\u0131m. \u0130nsanlar elbiseleri keserek hastalar\u0131 tedavi etmeye \u00e7al\u0131\u015f\u0131yorlar. B\u00f6yle bir ortamda i\u015fin acil ate\u015fkes ve insani yard\u0131mla ilgili k\u0131sm\u0131 vard\u0131r.&#8221;<\/p>\n<p>                            <span class=\"detay-foto-editor\">&#13;<br \/>\n                                <a href=\"https:\/\/www.aa.com.tr\/tr\/p\/abonelik-talep-formu\/1001\" target=\"_blank\" style=\"font-size:12px; color:#444; text-decoration:none;\" rel=\"noopener\">&#13;<br \/>\n                                    Anadolu Ajans\u0131 web sitesinde, AA Haber Ak\u0131\u015f Sistemi (HAS) \u00fczerinden abonelere sunulan haberler, \u00f6zetlenerek yay\u0131mlanmaktad\u0131r. <b style=\"color:#1897F7\">Abonelik i\u00e7in l\u00fctfen ileti\u015fime ge\u00e7iniz.<\/b>&#13;<br \/>\n                                <\/a>&#13;<br \/>\n                            <\/span>\n                        <\/div>\n<p><script>\n\t  window.fbAsyncInit = function() {\n\t\tFB.init({\n\t\t  appId: '1855843514662870',\n\t\t  status : true, \/\/ check login status\n\t\t  cookie : true, \/\/ enable cookies to allow the server to access the session\n\t\t  xfbml  : true  \/\/ parse XFBML\n\t\t});\n\t  };<\/p>\n<p>\t  (function() {\n\t\tvar e = document.createElement('script');\n\t\te.src=\"https:\/\/connect.facebook.net\/tr_TR\/all.js\";\n\t\te.async = true;\n\t\tdocument.getElementById('fb-root').appendChild(e);\n\t  }());\n    <\/script><\/p>\n","protected":false},"excerpt":{"rendered":"<p>Kocaeli \u00dcniversitesi (KO\u00dc) Baki Komsuo\u011flu K\u00fclt\u00fcr Merkezi&#8217;nde d\u00fczenlenen Akademik Y\u0131l A\u00e7\u0131l\u0131\u015f T\u00f6reni&#8217;ne kat\u0131lan Kurtulmu\u015f, 2023&#8217;\u00fcn T\u00fcrkiye i\u00e7in tarihi \u00f6neme sahip oldu\u011funu, Cumhuriyet&#8217;in ilk 100 y\u0131l\u0131n\u0131 geride b\u0131rakt\u0131klar\u0131n\u0131 s\u00f6yledi. Cumhuriyet&#8217;in ikinci y\u00fcz y\u0131l\u0131nda, &#8220;s\u00f6z\u00fc g\u00fc\u00e7l\u00fc, g\u00fcc\u00fc tesirli T\u00fcrkiye Y\u00fczy\u0131l\u0131&#8221; i\u00e7in el birli\u011fiyle gayret edeceklerini belirten Kurtulmu\u015f, T\u00fcrkiye&#8217;nin, \u00f6n\u00fcne yeni hedefler koymak zorunda oldu\u011funu, bu konuda \u00fcniversitelere [&hellip;]<\/p>\n","protected":false},"author":1,"featured_media":18528,"comment_status":"","ping_status":"","sticky":false,"template":"","format":"standard","meta":[],"categories":[47],"tags":[],"_links":{"self":[{"href":"https:\/\/kraios.app\/news\/wp-json\/wp\/v2\/posts\/18527"}],"collection":[{"href":"https:\/\/kraios.app\/news\/wp-json\/wp\/v2\/posts"}],"about":[{"href":"https:\/\/kraios.app\/news\/wp-json\/wp\/v2\/types\/post"}],"author":[{"embeddable":true,"href":"https:\/\/kraios.app\/news\/wp-json\/wp\/v2\/users\/1"}],"replies":[{"embeddable":true,"href":"https:\/\/kraios.app\/news\/wp-json\/wp\/v2\/comments?post=18527"}],"version-history":[{"count":0,"href":"https:\/\/kraios.app\/news\/wp-json\/wp\/v2\/posts\/18527\/revisions"}],"wp:featuredmedia":[{"embeddable":true,"href":"https:\/\/kraios.app\/news\/wp-json\/wp\/v2\/media\/18528"}],"wp:attachment":[{"href":"https:\/\/kraios.app\/news\/wp-json\/wp\/v2\/media?parent=18527"}],"wp:term":[{"taxonomy":"category","embeddable":true,"href":"https:\/\/kraios.app\/news\/wp-json\/wp\/v2\/categories?post=18527"},{"taxonomy":"post_tag","embeddable":true,"href":"https:\/\/kraios.app\/news\/wp-json\/wp\/v2\/tags?post=18527"}],"curies":[{"name":"wp","href":"https:\/\/api.w.org\/{rel}","templated":true}]}}