{"id":18320,"date":"2023-10-18T17:22:25","date_gmt":"2023-10-18T17:22:25","guid":{"rendered":"https:\/\/kraios.app\/news\/siyaset\/2023\/10\/18\/israilin-hastane-saldirisi-sivil-halk-katliam-ablukasina-alinmistir\/"},"modified":"2023-10-18T17:22:25","modified_gmt":"2023-10-18T17:22:25","slug":"israilin-hastane-saldirisi-sivil-halk-katliam-ablukasina-alinmistir","status":"publish","type":"post","link":"https:\/\/kraios.app\/news\/siyaset\/2023\/10\/18\/israilin-hastane-saldirisi-sivil-halk-katliam-ablukasina-alinmistir\/","title":{"rendered":"(\u0130srail&#8217;in hastane sald\u0131r\u0131s\u0131) Sivil halk katliam ablukas\u0131na al\u0131nm\u0131\u015ft\u0131r"},"content":{"rendered":"<p><\/p>\n<div>\n<p>Bah\u00e7eli, sosyal medya hesab\u0131ndan yapt\u0131\u011f\u0131 a\u00e7\u0131klamada, Gazze&#8217;de, kahredici ve korkun\u00e7 bir trajedinin b\u00fct\u00fcn komplikasyonlar\u0131 ya\u015fan\u0131rken, maalesef d\u00fcnyan\u0131n sessiz ve seyirci oldu\u011funu vurgulad\u0131.<\/p>\n<p>Ac\u0131ya ve kana bulanan Gazze&#8217;de faal halde olan bir hastaneye, d\u00fcn \u0130srail sava\u015f u\u00e7aklar\u0131n\u0131n hava sald\u0131r\u0131s\u0131nda en az 500 ki\u015finin hayat\u0131n\u0131 kaybetti\u011finin a\u00e7\u0131kland\u0131\u011f\u0131na dikkati \u00e7eken Bah\u00e7eli, &#8220;Vah\u015fet her g\u00fcn yeni bir boyut kazanmaktad\u0131r. Sivil halk katliam ablukas\u0131na al\u0131nm\u0131\u015ft\u0131r. Bu s\u0131cak ve sars\u0131c\u0131 ortamda ABD Ba\u015fkan\u0131 Biden&#8217;\u0131n \u0130srail&#8217;i ziyareti ve aleni destek mesaj\u0131 vermesi, \u015fiddet ve y\u0131k\u0131m operasyonuna taraf olmas\u0131 demektir. Ayn\u0131 zamanda tarihi bir yanl\u0131\u015ft\u0131r. Biden&#8217;\u0131n \u0130srail&#8217;e gitmesi, akla iki se\u00e7enek getirmi\u015ftir: Ya \u0130srail sald\u0131r\u0131lar\u0131n\u0131 do\u011frudan y\u00f6netmektedir ya da siyonist lobiler taraf\u0131ndan y\u00f6netilmektedir. \u0130ki se\u00e7enek de felakete hizmettir. ABD Ba\u015fkan\u0131, \u015fayet \u0130srail yerine ilk durak olarak T\u00fcrkiye&#8217;ye gelmi\u015f olsayd\u0131, bu tav\u0131r ve tercihten Say\u0131n Cumhurba\u015fkan\u0131m\u0131z\u0131n ev sahipli\u011finde ve iki tarafl\u0131 e\u015fg\u00fcd\u00fcm halinde arabuluculuk misyonuna talip oldu\u011fu, bar\u0131\u015f ve \u00e7\u00f6z\u00fcm ortam\u0131n\u0131 in\u015fa etmek amac\u0131yla iyi niyetli aray\u0131\u015f i\u00e7inde bulundu\u011fu anlam\u0131 \u00e7\u0131kard\u0131.&#8221; de\u011ferlendirmesinde bulundu.<\/p>\n<p>Bah\u00e7eli, Biden&#8217;\u0131n sorumsuz ve sa\u011fduyudan yoksun politikas\u0131n\u0131n uzla\u015ft\u0131r\u0131c\u0131 ve yat\u0131\u015ft\u0131r\u0131c\u0131 de\u011fil, bilakis k\u0131\u015fk\u0131rt\u0131c\u0131 ve karanl\u0131k mahiyetli oldu\u011funu belirtti.<\/p>\n<p>MHP Genel Ba\u015fkan\u0131 Bah\u00e7eli, \u015funlar\u0131 kaydetti:<\/p>\n<p>&#8220;\u0130srail-Filistin aras\u0131ndaki a\u011f\u0131rla\u015fm\u0131\u015f sorunun yegane \u00e7\u00f6z\u00fcm\u00fc, b\u00f6lgede iki devletli bir yap\u0131n\u0131n acilen ve uluslararas\u0131 toplumun deste\u011fiyle hayata ge\u00e7mesidir. 1967 s\u0131n\u0131rlar\u0131 dahilinde ba\u015fkenti Do\u011fu Kud\u00fcs olan, ba\u011f\u0131ms\u0131z ve egemen bir Filistin devleti mutlak surette tezah\u00fcr ve tecelli etmek durumundad\u0131r. Akan kan\u0131n durmas\u0131, adaletin ihyas\u0131, ancak bu sayede m\u00fcmk\u00fcnd\u00fcr.<\/p>\n<p>Sivil ve masum insanlara y\u00f6nelik sald\u0131r\u0131lar\u0131 nefretle k\u0131n\u0131yor, hayatlar\u0131n\u0131 kaybeden Filistinli karde\u015flerimize Cenab\u0131allah&#8217;tan rahmetler diliyor, yaral\u0131lara \u015fifalar temenni ediyorum. Vah\u015fet bitsin, insanl\u0131k birle\u015fsin. Niyaz ederim ki deh\u015fet son bulsun, dualar\u0131m\u0131z kabul olsun. \u00c7ocuklar ya\u015fas\u0131n, katiller kahrolsun.&#8221;<\/p>\n<p>                            <span class=\"detay-foto-editor\">&#13;<br \/>\n                                <a href=\"https:\/\/www.aa.com.tr\/tr\/p\/abonelik-talep-formu\/1001\" target=\"_blank\" style=\"font-size:12px; color:#444; text-decoration:none;\" rel=\"noopener\">&#13;<br \/>\n                                    Anadolu Ajans\u0131 web sitesinde, AA Haber Ak\u0131\u015f Sistemi (HAS) \u00fczerinden abonelere sunulan haberler, \u00f6zetlenerek yay\u0131mlanmaktad\u0131r. <b style=\"color:#1897F7\">Abonelik i\u00e7in l\u00fctfen ileti\u015fime ge\u00e7iniz.<\/b>&#13;<br \/>\n                                <\/a>&#13;<br \/>\n                            <\/span>\n                        <\/div>\n<p><script>\n\t  window.fbAsyncInit = function() {\n\t\tFB.init({\n\t\t  appId: '1855843514662870',\n\t\t  status : true, \/\/ check login status\n\t\t  cookie : true, \/\/ enable cookies to allow the server to access the session\n\t\t  xfbml  : true  \/\/ parse XFBML\n\t\t});\n\t  };<\/p>\n<p>\t  (function() {\n\t\tvar e = document.createElement('script');\n\t\te.src=\"https:\/\/connect.facebook.net\/tr_TR\/all.js\";\n\t\te.async = true;\n\t\tdocument.getElementById('fb-root').appendChild(e);\n\t  }());\n    <\/script><\/p>\n","protected":false},"excerpt":{"rendered":"<p>Bah\u00e7eli, sosyal medya hesab\u0131ndan yapt\u0131\u011f\u0131 a\u00e7\u0131klamada, Gazze&#8217;de, kahredici ve korkun\u00e7 bir trajedinin b\u00fct\u00fcn komplikasyonlar\u0131 ya\u015fan\u0131rken, maalesef d\u00fcnyan\u0131n sessiz ve seyirci oldu\u011funu vurgulad\u0131. Ac\u0131ya ve kana bulanan Gazze&#8217;de faal halde olan bir hastaneye, d\u00fcn \u0130srail sava\u015f u\u00e7aklar\u0131n\u0131n hava sald\u0131r\u0131s\u0131nda en az 500 ki\u015finin hayat\u0131n\u0131 kaybetti\u011finin a\u00e7\u0131kland\u0131\u011f\u0131na dikkati \u00e7eken Bah\u00e7eli, &#8220;Vah\u015fet her g\u00fcn yeni bir boyut kazanmaktad\u0131r. [&hellip;]<\/p>\n","protected":false},"author":1,"featured_media":18321,"comment_status":"","ping_status":"","sticky":false,"template":"","format":"standard","meta":[],"categories":[47],"tags":[],"_links":{"self":[{"href":"https:\/\/kraios.app\/news\/wp-json\/wp\/v2\/posts\/18320"}],"collection":[{"href":"https:\/\/kraios.app\/news\/wp-json\/wp\/v2\/posts"}],"about":[{"href":"https:\/\/kraios.app\/news\/wp-json\/wp\/v2\/types\/post"}],"author":[{"embeddable":true,"href":"https:\/\/kraios.app\/news\/wp-json\/wp\/v2\/users\/1"}],"replies":[{"embeddable":true,"href":"https:\/\/kraios.app\/news\/wp-json\/wp\/v2\/comments?post=18320"}],"version-history":[{"count":0,"href":"https:\/\/kraios.app\/news\/wp-json\/wp\/v2\/posts\/18320\/revisions"}],"wp:featuredmedia":[{"embeddable":true,"href":"https:\/\/kraios.app\/news\/wp-json\/wp\/v2\/media\/18321"}],"wp:attachment":[{"href":"https:\/\/kraios.app\/news\/wp-json\/wp\/v2\/media?parent=18320"}],"wp:term":[{"taxonomy":"category","embeddable":true,"href":"https:\/\/kraios.app\/news\/wp-json\/wp\/v2\/categories?post=18320"},{"taxonomy":"post_tag","embeddable":true,"href":"https:\/\/kraios.app\/news\/wp-json\/wp\/v2\/tags?post=18320"}],"curies":[{"name":"wp","href":"https:\/\/api.w.org\/{rel}","templated":true}]}}