{"id":18300,"date":"2023-10-18T16:34:22","date_gmt":"2023-10-18T16:34:22","guid":{"rendered":"https:\/\/kraios.app\/news\/siyaset\/2023\/10\/18\/cumhurbaskani-yardimcisi-yilmaz-azerbaycanin-bagimsizlik-gununu-kutladi\/"},"modified":"2023-10-18T16:34:22","modified_gmt":"2023-10-18T16:34:22","slug":"cumhurbaskani-yardimcisi-yilmaz-azerbaycanin-bagimsizlik-gununu-kutladi","status":"publish","type":"post","link":"https:\/\/kraios.app\/news\/siyaset\/2023\/10\/18\/cumhurbaskani-yardimcisi-yilmaz-azerbaycanin-bagimsizlik-gununu-kutladi\/","title":{"rendered":"Cumhurba\u015fkan\u0131 Yard\u0131mc\u0131s\u0131 Y\u0131lmaz, Azerbaycan&#039;\u0131n Ba\u011f\u0131ms\u0131zl\u0131k G\u00fcn\u00fc&#039;n\u00fc kutlad\u0131"},"content":{"rendered":"<p>Cumhurba\u015fkan\u0131 Yard\u0131mc\u0131s\u0131 Cevdet Y\u0131lmaz, Azerbaycan&#8217;\u0131n 18 Ekim Ba\u011f\u0131ms\u0131zl\u0131k G\u00fcn\u00fc&#8217;n\u00fc tebrik etti.<\/p>\n","protected":false},"excerpt":{"rendered":"<p>Cumhurba\u015fkan\u0131 Yard\u0131mc\u0131s\u0131 Cevdet Y\u0131lmaz, Azerbaycan&#8217;\u0131n 18 Ekim Ba\u011f\u0131ms\u0131zl\u0131k G\u00fcn\u00fc&#8217;n\u00fc tebrik etti.<\/p>\n","protected":false},"author":1,"featured_media":18301,"comment_status":"","ping_status":"","sticky":false,"template":"","format":"standard","meta":[],"categories":[47],"tags":[],"_links":{"self":[{"href":"https:\/\/kraios.app\/news\/wp-json\/wp\/v2\/posts\/18300"}],"collection":[{"href":"https:\/\/kraios.app\/news\/wp-json\/wp\/v2\/posts"}],"about":[{"href":"https:\/\/kraios.app\/news\/wp-json\/wp\/v2\/types\/post"}],"author":[{"embeddable":true,"href":"https:\/\/kraios.app\/news\/wp-json\/wp\/v2\/users\/1"}],"replies":[{"embeddable":true,"href":"https:\/\/kraios.app\/news\/wp-json\/wp\/v2\/comments?post=18300"}],"version-history":[{"count":0,"href":"https:\/\/kraios.app\/news\/wp-json\/wp\/v2\/posts\/18300\/revisions"}],"wp:featuredmedia":[{"embeddable":true,"href":"https:\/\/kraios.app\/news\/wp-json\/wp\/v2\/media\/18301"}],"wp:attachment":[{"href":"https:\/\/kraios.app\/news\/wp-json\/wp\/v2\/media?parent=18300"}],"wp:term":[{"taxonomy":"category","embeddable":true,"href":"https:\/\/kraios.app\/news\/wp-json\/wp\/v2\/categories?post=18300"},{"taxonomy":"post_tag","embeddable":true,"href":"https:\/\/kraios.app\/news\/wp-json\/wp\/v2\/tags?post=18300"}],"curies":[{"name":"wp","href":"https:\/\/api.w.org\/{rel}","templated":true}]}}