{"id":18281,"date":"2023-10-18T15:23:07","date_gmt":"2023-10-18T15:23:07","guid":{"rendered":"https:\/\/kraios.app\/news\/siyaset\/2023\/10\/18\/israilin-bu-planli-katliamini-lanetliyoruz\/"},"modified":"2023-10-18T15:23:07","modified_gmt":"2023-10-18T15:23:07","slug":"israilin-bu-planli-katliamini-lanetliyoruz","status":"publish","type":"post","link":"https:\/\/kraios.app\/news\/siyaset\/2023\/10\/18\/israilin-bu-planli-katliamini-lanetliyoruz\/","title":{"rendered":"\u0130srail&#8217;in bu planl\u0131 katliam\u0131n\u0131 lanetliyoruz"},"content":{"rendered":"<p><\/p>\n<div>\n<p>\u00c7elik, parti genel merkezinde d\u00fczenledi\u011fi bas\u0131n toplant\u0131s\u0131nda, g\u00fcndeme ili\u015fkin a\u00e7\u0131klamalarda bulundu, sorular\u0131 yan\u0131tlad\u0131.<\/p>\n<p>\u0130srail&#8217;in Gazze&#8217;ye y\u00f6nelik sald\u0131r\u0131lar\u0131n vah\u015fet boyutunu ald\u0131\u011f\u0131n\u0131 ifade eden \u00c7elik, &#8220;Bir kere daha \u0130srail&#8217;in bu planl\u0131 katliam\u0131n\u0131 lanetliyoruz. Bu insanl\u0131k tarihinin g\u00f6rd\u00fc\u011f\u00fc en b\u00fcy\u00fck katliamlardan, en b\u00fcy\u00fck vah\u015fetlerden biridir.&#8221; dedi.<\/p>\n<p>\u00c7elik, \u0130srail&#8217;in, kendi topraklar\u0131nda ya\u015fayan insanlara hayat hakk\u0131 vermedi\u011fini belirterek, \u015funlar\u0131 s\u00f6yledi:<\/p>\n<p>&#8220;Onlar\u0131 bombal\u0131yor, daha sonra bu insanlar \u00f6z topraklar\u0131ndan g\u00f6\u00e7 etmeleri gerekti\u011fini s\u00f6yl\u00fcyor. \u0130nsanlar can korkusuyla g\u00f6\u00e7 halindeyken onlar\u0131 bombal\u0131yor. \u0130nsanlar son olarak &#8216;en az\u0131ndan herhalde bu kadar\u0131n\u0131 da yapmaz&#8217; diyerek bir hastaneye s\u0131\u011f\u0131n\u0131yorlar. Hastanedeki insanlar\u0131 da bombal\u0131yorlar.&#8221;<\/p>\n<p>Sald\u0131r\u0131lar\u0131n, modern tarihin en b\u00fcy\u00fck planl\u0131 katliamlar\u0131ndan ve vah\u015fetlerinden biri olarak de\u011ferlendirilmesi gerekti\u011fini ifade eden \u00c7elik, sald\u0131r\u0131larda hayat\u0131n\u0131 kaybedenlere Allah&#8217;tan rahmet dileyerek, ailelerinin ac\u0131lar\u0131n\u0131 kendi ac\u0131lar\u0131 olarak g\u00f6rd\u00fcklerini bildirdi.<\/p>\n<h3>&#8220;Bunun \u00e7\u00f6z\u00fcm\u00fc politiktir&#8221;<\/h3>\n<p>Cumhurba\u015fkan\u0131 Recep Tayyip Erdo\u011fan taraf\u0131ndan bu \u00e7er\u00e7evede 3 g\u00fcn yas ilan edilece\u011fini kaydeden \u00c7elik, \u015f\u00f6yle devam etti:<\/p>\n<p>&#8220;Bu b\u00fcy\u00fck milletimizin, Filistin&#8217;deki \u00e7ocuk, kad\u0131n, sivil, ya\u015fl\u0131 masumlarla dayan\u0131\u015fmas\u0131n\u0131n, b\u00fct\u00fcn varl\u0131\u011f\u0131m\u0131zla onlarla oldu\u011fumuzun bir ifadesidir. Ayn\u0131 ac\u0131y\u0131, \u00fcz\u00fcnt\u00fcy\u00fc payla\u015f\u0131yoruz. Bu kay\u0131p ayn\u0131 zamanda bizim kayb\u0131m\u0131zd\u0131r, insanl\u0131\u011f\u0131n kayb\u0131d\u0131r. \u0130srail g\u00fcvenlik g\u00fc\u00e7leri sistematik bir \u015fekilde t\u00fcm insani de\u011ferleri katletmektedir, hedef almaktad\u0131r. Bir kere daha bu sald\u0131r\u0131y\u0131 lanetliyoruz. Bu \u00e7er\u00e7evede Say\u0131n Cumhurba\u015fkan\u0131m\u0131z\u0131n yas ilan etmesiyle birlikte 3 g\u00fcnl\u00fck bir yas, milletimizin bu mazlumlar\u0131n ac\u0131s\u0131yla dayan\u0131\u015fmas\u0131 \u00e7er\u00e7evesinde y\u00fcr\u00fcrl\u00fc\u011fe gelecektir. G\u00fcnlerdir Gazze&#8217;nin bombalanmas\u0131, sivillerin \u00f6ld\u00fcr\u00fclmesi kar\u015f\u0131s\u0131nda uluslararas\u0131 kurumlar\u0131n nas\u0131l seyirci kald\u0131\u011f\u0131n\u0131, \u00e7ok prestijli denilen birtak\u0131m bas\u0131n yay\u0131n organlar\u0131n\u0131n nas\u0131l masumlar\u0131n ve sivillerin \u00f6ld\u00fcr\u00fclmesini me\u015frula\u015ft\u0131rmaya \u00e7al\u0131\u015ft\u0131\u011f\u0131n\u0131 hep beraber g\u00f6r\u00fcyoruz.&#8221;<\/p>\n<p>Olaylar\u0131n ba\u015flad\u0131\u011f\u0131 ilk andan itibaren Cumhurba\u015fkan\u0131 Erdo\u011fan&#8217;\u0131n, gerek Filistin taraf\u0131ndan gerek \u0130srail taraf\u0131ndan t\u00fcm sivil kay\u0131plara kar\u015f\u0131 olundu\u011funu, burada hedeflenmesi gereken \u015feyin hakkaniyetli bir \u00e7\u00f6z\u00fcm ve adil bir bar\u0131\u015f olmas\u0131 gerekti\u011fini net bir \u015fekilde ifade etti\u011fini belirten \u00c7elik, &#8220;Her iki taraftan da sivillerin, masum insanlar\u0131n hayatlar\u0131n\u0131 hedef alan eylemler birka\u00e7 y\u0131l arayla tekrarlan\u0131yor. Bunun \u00e7\u00f6z\u00fcm\u00fc, \u0130srail&#8217;in ortaya koydu\u011fu eylemler de\u011fildir. Bunun \u00e7\u00f6z\u00fcm\u00fc politiktir. 67 s\u0131n\u0131rlar\u0131nda, iki devletli ve co\u011frafi b\u00fct\u00fcnl\u00fc\u011fe haiz bir Filistin Devleti kurulmadan ve bu i\u015fgal sona ermeden burada bir \u00e7\u00f6z\u00fcme ula\u015f\u0131lmas\u0131 m\u00fcmk\u00fcn olmayacakt\u0131r.&#8221; dedi.<\/p>\n<h3>&#8220;Bat\u0131l\u0131 devletlerden herhangi bir siyasi kapasite g\u00f6r\u00fclmemi\u015ftir&#8221;<\/h3>\n<p>\u00c7elik, Cumhurba\u015fkan\u0131 Erdo\u011fan&#8217;\u0131n, olaylar\u0131n ba\u015flad\u0131\u011f\u0131 andan itibaren adil bir bar\u0131\u015ftan ve hakkaniyetli bir \u00e7\u00f6z\u00fcmden bahsederek, sava\u015f k\u0131\u015fk\u0131rt\u0131c\u0131l\u0131\u011f\u0131 yapanlara ve ba\u015fka denklemler \u00e7\u0131karmaya \u00e7al\u0131\u015fanlara kar\u015f\u0131 masumlardan ve b\u00f6lge bar\u0131\u015f\u0131ndan yana bir perspektifi ortaya koydu\u011funu s\u00f6yledi.<\/p>\n<p>Amerika Birle\u015fik Devletleri ve baz\u0131 bat\u0131 \u00fclkelerinin ilk yapt\u0131klar\u0131 eylemin, b\u00f6lgeye sava\u015f gemileri ve u\u00e7ak gemileri g\u00f6ndermek oldu\u011funu hat\u0131rlatan \u00c7elik, \u015fu de\u011ferlendirmelerde bulundu:<\/p>\n<p>&#8220;Bunun b\u00f6lgedeki tansiyonu daha da y\u00fckseltece\u011fi, \u00e7at\u0131\u015fmalar\u0131 k\u00f6r\u00fckleyece\u011fi, birtak\u0131m devletlerin ve asimetrik g\u00fc\u00e7lerin bu \u00e7at\u0131\u015fmalar\u0131n par\u00e7as\u0131 haline getirilmesine zemin olu\u015fturaca\u011f\u0131n\u0131 g\u00f6rmezden geliyorlar. Ama ortada bir durum vard\u0131r ki \u015fimdiye kadar bat\u0131l\u0131 devletlerden herhangi bir bar\u0131\u015f i\u00e7in bir perspektif, bir siyasi kapasite, bir diplomatik performans g\u00f6r\u00fclmemi\u015ftir. Yapt\u0131klar\u0131 tek \u015fey, Gazze halk\u0131n\u0131n ve Filistinlilerin toplu cezaland\u0131r\u0131lmas\u0131 kar\u015f\u0131s\u0131nda tek tarafl\u0131 olarak \u0130srail&#8217;in kendini savunma hakk\u0131ndan bahsetmektir.&#8221;<\/p>\n<p>B\u00f6lgeye sava\u015f ve u\u00e7ak gemisi g\u00f6ndermenin bir bar\u0131\u015f teklifi olmad\u0131\u011f\u0131n\u0131 vurgulayan \u00c7elik, &#8220;Nitekim e\u015f zamanl\u0131 olarak bat\u0131 \u00fclkelerinde Filistin&#8217;le dayan\u0131\u015fma g\u00f6sterilerinin yasaklanmas\u0131, Filistin bayra\u011f\u0131n\u0131n g\u00f6sterilmesinin bile bir su\u00e7 unsuru haline getirilmeye \u00e7al\u0131\u015f\u0131lmas\u0131, insan haklar\u0131, ifade h\u00fcrriyeti gibi kavramlar\u0131n nas\u0131l \u00e7ifte standartla y\u00fcr\u00fct\u00fcld\u00fc\u011f\u00fcn\u00fc g\u00f6stermektedir.&#8221; dedi.<\/p>\n<h3>&#8220;Kurals\u0131zl\u0131\u011f\u0131n par\u00e7as\u0131 haline gelmeye ba\u015flayan bir duru\u015f sergiledi&#8221;<\/h3>\n<p>En prestijli \u00fcniversitelerin, \u00f6\u011frencilerin Filistin&#8217;de dayan\u0131\u015fmas\u0131n\u0131 engelleyen kararlar almas\u0131n\u0131n fa\u015fist bir uygulama oldu\u011funu belirten \u00c7elik, \u015funlar\u0131 kaydetti:<\/p>\n<p>&#8220;Uygulamalar bununla da s\u0131n\u0131rl\u0131 kalmam\u0131\u015f, baz\u0131 demokratik \u00fclkelerde kitap fuarlar\u0131nda Filistinli yazarlar\u0131n etkinliklerinin iptal edilmesine kadar uzanm\u0131\u015ft\u0131r. Bunu Nazi d\u00f6nemindeki uygulamalardan d\u00fcnya \u00e7ok iyi hat\u0131rlamaktad\u0131r. Nitekim benzer uygulamalar, Rusya-Ukrayna Sava\u015f\u0131 ba\u015flad\u0131\u011f\u0131nda, sava\u015f\u0131n bir par\u00e7as\u0131 olmayan Rusya vatanda\u015flar\u0131na kar\u015f\u0131 da bat\u0131 \u00fclkelerinde yap\u0131ld\u0131\u011f\u0131nda Say\u0131n Cumhurba\u015fkan\u0131m\u0131z yine benzer bir uyar\u0131y\u0131 yaparak insan haklar\u0131, ifade h\u00fcrriyeti konusundaki \u00e7izginin a\u015f\u0131lmamas\u0131 konusunda uyar\u0131larda bulunmu\u015ftu. Tabii burada en \u00e7ok a\u00e7\u0131klama yapan, bug\u00fcn de Amerika Ba\u015fkan\u0131 Biden&#8217;\u0131n, \u0130srail&#8217;i ziyaret etmesiyle b\u00fct\u00fcn g\u00f6zlerin \u00fczerinde oldu\u011fu \u00fclke Amerika Birle\u015fik Devletleri&#8217;dir. Amerika Birle\u015fik Devletleri&#8217;nin bu \u00e7er\u00e7evede olay ba\u015flad\u0131\u011f\u0131ndan beri bir diplomatik perspektif ortaya koyamad\u0131\u011f\u0131, tam tersine \u00e7at\u0131\u015fmalar\u0131n k\u00f6r\u00fcklenmesi kar\u015f\u0131s\u0131nda s\u00fcr\u00fcklenen ve kurals\u0131zl\u0131\u011f\u0131n par\u00e7as\u0131 haline gelmeye ba\u015flayan bir duru\u015f sergiledi\u011fi g\u00f6r\u00fclm\u00fc\u015ft\u00fcr.<\/p>\n<p>Nitekim ABD D\u0131\u015fi\u015fleri Bakan\u0131 Blinken&#8217;\u0131n \u0130srail&#8217;e giderek, &#8216;burada sadece bir D\u0131\u015fi\u015fleri Bakan\u0131 olarak bulunmuyorum ayn\u0131 zamanda bir Yahudi olarak bulunuyorum&#8217; \u015feklinde dini aidiyetine at\u0131f yaparak, dini \u00e7at\u0131\u015fmalar\u0131 k\u00f6r\u00fckleyebilecek bir tarafgirlik \u00fcretmesi, diplomatik a\u00e7\u0131dan kapasitesinin olmad\u0131\u011f\u0131n\u0131n, basiretsizli\u011fin ve bunun do\u011furaca\u011f\u0131 sonu\u00e7lar kar\u015f\u0131s\u0131ndaki \u00f6ng\u00f6r\u00fcs\u00fczl\u00fc\u011f\u00fcn bir ifadesi olmu\u015ftur. Say\u0131n Cumhurba\u015fkan\u0131m\u0131z\u0131n, &#8216;Oraya gitti\u011finde dini kimli\u011fine at\u0131f yapmadan insan olarak burada bulunuyorum&#8217; diyeceksin uyar\u0131s\u0131ndan sonra, M\u0131s\u0131r Devlet Ba\u015fkan\u0131 Sisi&#8217;nin de benzer uyar\u0131lar\u0131 kar\u015f\u0131s\u0131nda Blinken, &#8216;Bir insan olarak buraya geldim&#8217; \u015feklinde a\u00e7\u0131klama yapmak durumunda kalm\u0131\u015ft\u0131r.&#8221;<\/p>\n<h3>&#8220;Adil bir bar\u0131\u015f perspektifi olmad\u0131\u011f\u0131n\u0131n ifadeleri olarak kayda ge\u00e7mi\u015ftir&#8221;<\/h3>\n<p>S\u00f6z konusu anlay\u0131\u015f\u0131n belli bir zihniyet taraf\u0131ndan payla\u015f\u0131ld\u0131\u011f\u0131n\u0131 g\u00f6steren di\u011fer bir a\u00e7\u0131klaman\u0131n da ABD&#8217;li Cumhuriyet\u00e7i Senat\u00f6r Lindsey Graham&#8217;\u0131n, &#8220;Bir din sava\u015f\u0131n\u0131n i\u00e7indeyiz&#8221; a\u00e7\u0131klamas\u0131 oldu\u011funu ifade eden \u00c7elik, &#8220;\u0130nsanl\u0131\u011f\u0131 Orta \u00c7a\u011f zihniyetine d\u00f6nd\u00fcrmeye \u00e7al\u0131\u015fan bu yakla\u015f\u0131mlar, ortada bir diplomatik kapasite olmad\u0131\u011f\u0131n\u0131n, hakkaniyetli bir \u00e7\u00f6z\u00fcm aranmad\u0131\u011f\u0131n\u0131n, adil bir bar\u0131\u015f perspektifi olmad\u0131\u011f\u0131n\u0131n maalesef ifadeleri olarak kayda ge\u00e7mi\u015ftir.&#8221; dedi.<\/p>\n<p>&#8220;D\u0131\u015fi\u015fleri Bakanlar\u0131 &#8216;ben sadece D\u0131\u015fi\u015fleri Bakan\u0131 olarak bulunmuyorum. Bir Katolik, bir Ortodoks, bir Protestan, bir M\u00fcsl\u00fcman, S\u00fcnni, \u015eii, bir Yahudi olarak bulunuyorum&#8217; derse, o zaman uluslararas\u0131 hukuk temelinde hangi ortak \u00e7\u00f6z\u00fcmler \u00fcretece\u011fiz?&#8221; diyen \u00c7elik, herkesin kendi dini aidiyetine \u00e7ekilerek bir tarafgirlik \u00fcretmesiyle diplomasinin ve uluslararas\u0131 hukukun i\u015fletilmesinin yollar\u0131n\u0131n nas\u0131l bulunaca\u011f\u0131n\u0131 ifade etti.<\/p>\n<p>\u00c7elik, &#8220;Bu \u00e7at\u0131\u015fmalarda \u015fimdiye kadar maalesef ABD bir \u00e7\u00f6z\u00fcm perspektifi \u00e7er\u00e7evesinde durmam\u0131\u015f, tam tersine \u00e7at\u0131\u015fmalar\u0131n k\u00f6r\u00fcklenece\u011fi, maalesef a\u00e7\u0131klamalar\u0131n da ifade etti\u011fi bir Orta \u00c7a\u011f zihniyeti y\u00fcr\u00fcrl\u00fc\u011fe girmi\u015ftir.&#8221; diye konu\u015ftu.<\/p>\n<p>\u0130srail&#8217;in d\u00fcn gece hastane bombalayarak \u00e7ocuklar\u0131, kad\u0131nlar\u0131, sivilleri \u00f6ld\u00fcrd\u00fc\u011f\u00fcn\u00fc an\u0131msatan \u00c7elik s\u00f6zlerini \u015f\u00f6yle s\u00fcrd\u00fcrd\u00fc:<\/p>\n<p>&#8220;Hala &#8216;\u0130srail&#8217;in kendini savunma hakk\u0131 var.&#8217; diyorlar. \u0130srail&#8217;in kendini savunma hakk\u0131 \u00e7ocuklar\u0131 \u00f6ld\u00fcrme, kad\u0131nlar\u0131 sivilleri yok etme hakk\u0131 m\u0131d\u0131r? B\u00f6ylesine insanl\u0131k d\u0131\u015f\u0131 bir eylem dizisiyle, savunma hakk\u0131n\u0131n bir araya getirilmesi insanl\u0131k de\u011ferleriyle ya da uluslararas\u0131 hukukla ba\u011fda\u015fabilir mi, s\u00f6z konusu bile olamaz. D\u00fcn at\u0131lan ve hastaneyi vuran f\u00fczenin hemen bir dezenformasyon kampanyas\u0131 ba\u015flat\u0131larak Hamas taraf\u0131ndan at\u0131ld\u0131\u011f\u0131 s\u00f6ylendi. Uzmanlar a\u00e7\u0131k ve net bir \u015fekilde ortaya koyuyorlar ki bu f\u00fcze \u0130srail g\u00fcvenlik g\u00fc\u00e7leri taraf\u0131ndan o hastane hedef al\u0131narak at\u0131lm\u0131\u015ft\u0131r. Di\u011fer iddialar bir dezenformasyondur. ABD Ba\u015fkan\u0131 da buray\u0131 \u0130srail&#8217;in vurmad\u0131\u011f\u0131n\u0131, ba\u015fkas\u0131n\u0131n vurdu\u011funu ima ediyor. Halbuki daha ilk andan itibaren \u0130srail ordusu ad\u0131na resmi hesaplardan yap\u0131lan a\u00e7\u0131klamalarda buran\u0131n hedef al\u0131nd\u0131\u011f\u0131 maalesef insanl\u0131k d\u0131\u015f\u0131 c\u00fcmlelerle ifade edilmi\u015f, bu eylemler sahiplenilmi\u015f, daha sonra bu ifadeler sosyal medya hesaplar\u0131ndan silinmi\u015ftir. ABD ve di\u011fer Bat\u0131l\u0131 \u00fclkelerinin karar vermesi gereken \u015fey \u015fudur; bu sald\u0131rganl\u0131\u011f\u0131n, insanl\u0131k d\u0131\u015f\u0131 katliamlar\u0131n m\u0131 par\u00e7as\u0131 olacaklar, yoksa b\u00f6lge bar\u0131\u015f\u0131n\u0131n, adil, hakkaniyetli bar\u0131\u015f perspektifinin mi par\u00e7as\u0131 olacaklar?&#8221;<\/p>\n<h3>Netanyahu&#8217;nun &#8220;B\u00f6lge haritas\u0131n\u0131 de\u011fi\u015ftirece\u011fiz&#8221; a\u00e7\u0131klamas\u0131<\/h3>\n<p>\u00d6mer \u00c7elik, Gazze&#8217;de k\u00fc\u00e7\u00fck bir b\u00f6lgede milyonlarca insan\u0131n bombalamalara tabi tutulmas\u0131 ve soyk\u0131r\u0131m uygulanmas\u0131 kar\u015f\u0131s\u0131nda uluslararas\u0131 kurumlar\u0131n da sadece seyirci pozisyonunda oldu\u011funu dile getirdi.<\/p>\n<p>\u00c7at\u0131\u015fmalar\u0131n b\u00fcy\u00fck bir b\u00f6lge sava\u015f\u0131n\u0131n e\u015fi\u011fine geldi\u011fi durumda, uluslararas\u0131 kurumlar\u0131n da iflas\u0131n e\u015fi\u011fine geldi\u011finin g\u00f6r\u00fcld\u00fc\u011f\u00fcn\u00fc ifade eden \u00c7elik \u015funlar\u0131 s\u00f6yledi:<\/p>\n<p>&#8220;Olay ilk oldu\u011fu andan itibaren \u0130srail Ba\u015fbakan\u0131 Netanyahu, &#8216;B\u00f6lge haritas\u0131n\u0131 de\u011fi\u015ftirece\u011fiz.&#8217; dedi. Olay tazeyken Cumhurba\u015fkan\u0131m\u0131z her iki taraftan da hedef al\u0131nan sivillerin kayb\u0131ndan duydu\u011fu \u00fcz\u00fcnt\u00fcy\u00fc ve sivillerin herhangi bir \u015fekilde hedef al\u0131nmamas\u0131n\u0131 ifade ederken, \u0130srail Ba\u015fbakan\u0131&#8217;n\u0131n \u00e7\u0131k\u0131p daha savunmadan bile bahsetmeden &#8216;B\u00f6lge haritas\u0131n\u0131 de\u011fi\u015ftirece\u011fiz.&#8217; demesi ne anlama geliyor? Demek ki burada herhangi bir \u015fekilde me\u015fru m\u00fcdafaadan de\u011fil, b\u00f6lgeyi daha b\u00fcy\u00fck bir ate\u015fe atacak birtak\u0131m politik planlar\u0131n bu vesileyle hayata ge\u00e7irilmesinden bahsediyor. Ba\u015fka ne manas\u0131 olabilir? Say\u0131n Cumhurba\u015fkan\u0131m\u0131z, bu olaylar y\u0131llar i\u00e7erisinde s\u00fcrekli olarak tekrarland\u0131\u011f\u0131 i\u00e7in bu sorunun b\u00fct\u00fcn derinliklerini bilen, \u00e7e\u015fitli vesilelerle \u00e7\u00f6z\u00fcm perspektifinin i\u00e7inde faaliyet g\u00f6stermi\u015f, d\u00fcnyada en \u00f6nde gelen devlet adam\u0131d\u0131r. O sebeple de ba\u015ftan beri herkesin faydas\u0131na olacak bir politik \u00e7\u00f6z\u00fcm\u00fcn ortaya \u00e7\u0131kmas\u0131 i\u00e7in iradesini ortaya koymu\u015ftur. Burada \u015fu anda d\u00fc\u015f\u00fcn\u00fclmesi gereken, askeri eylemlerle Gazze&#8217;ye kara harekat\u0131 yaparak daha \u00e7ok katliama seyirci kalmak de\u011fil, Filistinli ve \u0130srailli \u00e7ocuklar\u0131n da rahat uyuyabildi\u011fi bir politik \u00e7\u00f6z\u00fcm perspektifinin \u00e7\u0131kar\u0131lmas\u0131d\u0131r.&#8221;<\/p>\n<h3>&#8220;Kimsenin bize taraf se\u00e7tirme, tercih dayatma yetkisi yoktur&#8221;<\/h3>\n<p>\u00c7elik, b\u00f6lgeden daha b\u00fcy\u00fck bir sava\u015f \u00e7\u0131karmak isteyen farkl\u0131 g\u00fc\u00e7lerin ve farkl\u0131 devletlerin faaliyetlerini takip ettiklerini ancak buradan daha b\u00fcy\u00fck bir bar\u0131\u015f \u00e7\u0131kar\u0131lmas\u0131 imkan\u0131n\u0131n da oldu\u011funu vurgulad\u0131.<\/p>\n<p>\u00dclkelerin garant\u00f6rl\u00fc\u011f\u00fc ve uluslararas\u0131 koruman\u0131n Filistinliler i\u00e7in sa\u011flanmas\u0131yla 1967 parametrelerine uygun, co\u011frafi b\u00fct\u00fcnl\u00fc\u011f\u00fc olan bir Filistin devletinin kurulmas\u0131 ile bu \u00e7\u00f6z\u00fcm\u00fcn sa\u011flanaca\u011f\u0131n\u0131 vurgulayan \u00c7elik, bunun d\u0131\u015f\u0131ndaki yakla\u015f\u0131mlar\u0131n hi\u00e7bir \u015fekilde \u00e7at\u0131\u015fmalar\u0131 sona erdirmeyece\u011finin defalarca g\u00f6r\u00fcld\u00fc\u011f\u00fcn\u00fc ifade etti.<\/p>\n<p>&#8220;Birileri \u00e7\u0131km\u0131\u015f, Bat\u0131l\u0131 politikac\u0131lar, &#8216;Erdo\u011fan ve T\u00fcrkiye taraf\u0131n\u0131 se\u00e7sin.&#8217; diyorlar. Kimsenin bize taraf se\u00e7tirme ve tercih dayatma yetkisi yoktur. T\u00fcrkiye Cumhuriyeti&#8217;ne taraf se\u00e7tirecek ya da yetki dayatacak yery\u00fcz\u00fcnde bir devlet, politik ve askeri g\u00fc\u00e7 yoktur.&#8221; diyen \u00c7elik egemen bir devlet olarak T\u00fcrkiye&#8217;nin kendi kararlar\u0131n\u0131 kendisinin verece\u011fini belirtti.<\/p>\n<p>AK Parti S\u00f6zc\u00fcs\u00fc \u00d6mer \u00c7elik \u015funlar\u0131 kaydetti:<\/p>\n<p>&#8220;T\u00fcrkiye&#8217;nin de Cumhurba\u015fkan\u0131m\u0131z\u0131n da taraf\u0131 bellidir. \u0130nsanl\u0131ktan, insani de\u011ferlerden, hakkaniyetli bir \u00e7\u00f6z\u00fcmden ve adil bir bar\u0131\u015ftan yanay\u0131z. \u0130nsanlar\u0131n topluca katledilmesine, bir halk\u0131n topluca cezaland\u0131r\u0131lmas\u0131na, hastanelerin vurulmas\u0131na topyek\u00fbn kar\u015f\u0131y\u0131z. Cumhurba\u015fkan\u0131m\u0131za ve T\u00fcrkiye&#8217;ye &#8216;Taraf\u0131n\u0131z\u0131 se\u00e7in.&#8217; diyenler \u00f6nce kendi taraflar\u0131n\u0131n ne oldu\u011fu konusunda insanl\u0131k vicdan\u0131yla y\u00fczle\u015fen bir de\u011ferlendirme yapmal\u0131d\u0131rlar. Bir an evvel Gazze&#8217;de bu bombalamalar\u0131n sona ermesi ve politik bir \u00e7\u00f6z\u00fcm i\u00e7in politik bir \u00e7er\u00e7evenin ortaya \u00e7\u0131kmas\u0131 konusunda herkesin sorumluluk almas\u0131 gerekir. \u015eu anda yap\u0131lmas\u0131 gereken sava\u015f makinalar\u0131n\u0131 i\u015fletmek de\u011fil, devlet akl\u0131n\u0131, diplomatik kapasiteyi ve \u00e7\u00f6z\u00fcm perspektifini ortaya koymakt\u0131r. Yoksa b\u00fct\u00fcn b\u00f6lgeyi i\u00e7ine alacak bir sava\u015f kar\u015f\u0131s\u0131nda kaybeden herkes olacakt\u0131r, b\u00fct\u00fcn bir b\u00f6lge kaybedecektir, bunun kazanan\u0131 olmayacakt\u0131r. Sonu\u00e7ta kimin daha \u00e7ok katliam yapt\u0131\u011f\u0131 ile \u00f6v\u00fcnen \u0130srail&#8217;in eylemlili\u011fi kar\u015f\u0131s\u0131nda bir\u00e7ok \u00fclke bunun par\u00e7as\u0131 haline gelmi\u015f olacakt\u0131r. Se\u00e7ici bir adaletle, tek tarafl\u0131 olarak yap\u0131lan a\u00e7\u0131klamalar asl\u0131nda birtak\u0131m a\u015f\u0131r\u0131 eylemlerin daha da cesaretlendirilmesinden ba\u015fka bir i\u015fe yaramamaktad\u0131r.&#8221;<\/p>\n<p>                            <span class=\"detay-foto-editor\">&#13;<br \/>\n                                <a href=\"https:\/\/www.aa.com.tr\/tr\/p\/abonelik-talep-formu\/1001\" target=\"_blank\" style=\"font-size:12px; color:#444; text-decoration:none;\" rel=\"noopener\">&#13;<br \/>\n                                    Anadolu Ajans\u0131 web sitesinde, AA Haber Ak\u0131\u015f Sistemi (HAS) \u00fczerinden abonelere sunulan haberler, \u00f6zetlenerek yay\u0131mlanmaktad\u0131r. <b style=\"color:#1897F7\">Abonelik i\u00e7in l\u00fctfen ileti\u015fime ge\u00e7iniz.<\/b>&#13;<br \/>\n                                <\/a>&#13;<br \/>\n                            <\/span>\n                        <\/div>\n<p><script>\n\t  window.fbAsyncInit = function() {\n\t\tFB.init({\n\t\t  appId: '1855843514662870',\n\t\t  status : true, \/\/ check login status\n\t\t  cookie : true, \/\/ enable cookies to allow the server to access the session\n\t\t  xfbml  : true  \/\/ parse XFBML\n\t\t});\n\t  };<\/p>\n<p>\t  (function() {\n\t\tvar e = document.createElement('script');\n\t\te.src=\"https:\/\/connect.facebook.net\/tr_TR\/all.js\";\n\t\te.async = true;\n\t\tdocument.getElementById('fb-root').appendChild(e);\n\t  }());\n    <\/script><\/p>\n","protected":false},"excerpt":{"rendered":"<p>\u00c7elik, parti genel merkezinde d\u00fczenledi\u011fi bas\u0131n toplant\u0131s\u0131nda, g\u00fcndeme ili\u015fkin a\u00e7\u0131klamalarda bulundu, sorular\u0131 yan\u0131tlad\u0131. \u0130srail&#8217;in Gazze&#8217;ye y\u00f6nelik sald\u0131r\u0131lar\u0131n vah\u015fet boyutunu ald\u0131\u011f\u0131n\u0131 ifade eden \u00c7elik, &#8220;Bir kere daha \u0130srail&#8217;in bu planl\u0131 katliam\u0131n\u0131 lanetliyoruz. Bu insanl\u0131k tarihinin g\u00f6rd\u00fc\u011f\u00fc en b\u00fcy\u00fck katliamlardan, en b\u00fcy\u00fck vah\u015fetlerden biridir.&#8221; dedi. \u00c7elik, \u0130srail&#8217;in, kendi topraklar\u0131nda ya\u015fayan insanlara hayat hakk\u0131 vermedi\u011fini belirterek, \u015funlar\u0131 s\u00f6yledi: [&hellip;]<\/p>\n","protected":false},"author":1,"featured_media":18282,"comment_status":"","ping_status":"","sticky":false,"template":"","format":"standard","meta":[],"categories":[47],"tags":[],"_links":{"self":[{"href":"https:\/\/kraios.app\/news\/wp-json\/wp\/v2\/posts\/18281"}],"collection":[{"href":"https:\/\/kraios.app\/news\/wp-json\/wp\/v2\/posts"}],"about":[{"href":"https:\/\/kraios.app\/news\/wp-json\/wp\/v2\/types\/post"}],"author":[{"embeddable":true,"href":"https:\/\/kraios.app\/news\/wp-json\/wp\/v2\/users\/1"}],"replies":[{"embeddable":true,"href":"https:\/\/kraios.app\/news\/wp-json\/wp\/v2\/comments?post=18281"}],"version-history":[{"count":0,"href":"https:\/\/kraios.app\/news\/wp-json\/wp\/v2\/posts\/18281\/revisions"}],"wp:featuredmedia":[{"embeddable":true,"href":"https:\/\/kraios.app\/news\/wp-json\/wp\/v2\/media\/18282"}],"wp:attachment":[{"href":"https:\/\/kraios.app\/news\/wp-json\/wp\/v2\/media?parent=18281"}],"wp:term":[{"taxonomy":"category","embeddable":true,"href":"https:\/\/kraios.app\/news\/wp-json\/wp\/v2\/categories?post=18281"},{"taxonomy":"post_tag","embeddable":true,"href":"https:\/\/kraios.app\/news\/wp-json\/wp\/v2\/tags?post=18281"}],"curies":[{"name":"wp","href":"https:\/\/api.w.org\/{rel}","templated":true}]}}