{"id":18262,"date":"2023-10-18T13:54:08","date_gmt":"2023-10-18T13:54:08","guid":{"rendered":"https:\/\/kraios.app\/news\/siyaset\/2023\/10\/18\/aile-ve-sosyal-hizmetler-bakani-goktas-azerbaycanda-ikili-gorusmeler-yapti\/"},"modified":"2023-10-18T13:54:08","modified_gmt":"2023-10-18T13:54:08","slug":"aile-ve-sosyal-hizmetler-bakani-goktas-azerbaycanda-ikili-gorusmeler-yapti","status":"publish","type":"post","link":"https:\/\/kraios.app\/news\/siyaset\/2023\/10\/18\/aile-ve-sosyal-hizmetler-bakani-goktas-azerbaycanda-ikili-gorusmeler-yapti\/","title":{"rendered":"Aile ve Sosyal Hizmetler Bakan\u0131 G\u00f6kta\u015f, Azerbaycan&#8217;da ikili g\u00f6r\u00fc\u015fmeler yapt\u0131"},"content":{"rendered":"<p><\/p>\n<div>\n<p>G\u00f6kta\u015f, Azerbaycan Kad\u0131nlar\u0131 6. Kongresi&#8217;ne kat\u0131lmak i\u00e7in geldi\u011fi Azerbaycan&#8217;da ikili temaslarda bulundu.<\/p>\n<p>Azerbaycan Milli Meclisini ziyaret eden G\u00f6kta\u015f, Gafarova ile bir araya geldi. T\u00fcrkiye ile Azerbaycan aras\u0131ndaki k\u00f6kl\u00fc ili\u015fkilerin ele al\u0131nd\u0131\u011f\u0131 g\u00f6r\u00fc\u015fmede, her iki \u00fclkenin aile ve sosyal hizmetlerden sorumlu kurumlar\u0131n\u0131n i\u015fbirliklerinin \u00f6nemine de\u011finildi.<\/p>\n<p>G\u00f6kta\u015f, Azerbaycan \u00c7al\u0131\u015fma ve Sosyal G\u00fcvenlik Bakan\u0131 Babayev&#8217;le de g\u00f6r\u00fc\u015ft\u00fc. G\u00f6kta\u015f ve Babayev, bakanl\u0131klar\u0131n\u0131n 2024-2025 d\u00f6nemi i\u00e7in Ortak Faaliyet Plan\u0131&#8217;na imza att\u0131.<\/p>\n<p>\u0130mza t\u00f6reninde konu\u015fan G\u00f6kta\u015f, Azerbaycan&#8217;da bulunmaktan memnuniyet duydu\u011funu s\u00f6yledi.<\/p>\n<p><img decoding=\"async\" alt=\"\" src=\"https:\/\/www.aa.com.tr\/uploads\/userFiles\/76bad36d-1411-48e8-a1ae-b65e58872c06\/03.03%2F17%2F1%2FAA-32443613.jpg\"\/><\/p>\n<p>Azerbaycan&#8217;la T\u00fcrkiye aras\u0131nda k\u00f6kl\u00fc ili\u015fkilerin bulundu\u011funu belirten G\u00f6kta\u015f, imzalad\u0131klar\u0131 faaliyet plan\u0131n\u0131n \u00e7ocuk, kad\u0131n, aile, sosyal yard\u0131mlar, engelli ve ya\u015fl\u0131lar, \u015fehit yak\u0131nlar\u0131 ile gaziler ve ailelerine y\u00f6nelik \u00e7al\u0131\u015fmalar noktas\u0131nda i\u015fbirliklerini art\u0131raca\u011f\u0131n\u0131 dile getirdi.<\/p>\n<p>G\u00f6kta\u015f, &#8220;\u00d6n\u00fcm\u00fczdeki d\u00f6nemde ortak \u00e7al\u0131\u015fma alanlar\u0131m\u0131z\u0131 daha da geni\u015fletmeye ve derinle\u015ftirmeye haz\u0131r\u0131z.&#8221; dedi.<\/p>\n<p>Bakan G\u00f6kta\u015f, Azerbaycan devletince vatanda\u015flar\u0131n istihdam ve sosyal g\u00fcvenlik sorunlar\u0131n\u0131n daha kolay \u00e7\u00f6z\u00fclmesi i\u00e7in kurulan DOST Merkezi&#8217;ni de gezerek yetkililerden bilgi ald\u0131.<\/p>\n<p>Azerbaycan Aile, Kad\u0131n ve \u00c7ocuk \u0130\u015fleri Devlet Komitesi Ba\u015fkan\u0131 Muradova ile de bir araya gelen G\u00f6kta\u015f, kurumlar\u0131n ortak \u00e7al\u0131\u015fma alanlar\u0131na dair fikir al\u0131\u015fveri\u015finde bulundu.<\/p>\n<p><img decoding=\"async\" alt=\"\" src=\"https:\/\/www.aa.com.tr\/uploads\/userFiles\/76bad36d-1411-48e8-a1ae-b65e58872c06\/03.03%2F17%2F1%2FAA-32443609.jpg\"\/><\/p>\n<h3>G\u00f6kta\u015f, \u015fehitlikleri ziyaret etti<\/h3>\n<p>Bakan G\u00f6kta\u015f, Azerbaycan temaslar\u0131 kapsam\u0131nda Bak\u00fc&#8217;deki \u015fehitlikleri ziyaret etti.<\/p>\n<p>\u00d6nce Azerbaycan&#8217;\u0131n merhum Cumhurba\u015fkan\u0131 Haydar Aliyev&#8217;in kabrini ziyaret eden G\u00f6kta\u015f, sonra 20 Ocak \u015fehitlerinin defnedildi\u011fi Bak\u00fc \u015eehitler H\u0131yaban\u0131 ve Bak\u00fc T\u00fcrk \u015eehitli\u011fi&#8217;ne ziyarette bulundu.<\/p>\n<p>                            <span class=\"detay-foto-editor\">&#13;<br \/>\n                                <a href=\"https:\/\/www.aa.com.tr\/tr\/p\/abonelik-talep-formu\/1001\" target=\"_blank\" style=\"font-size:12px; color:#444; text-decoration:none;\" rel=\"noopener\">&#13;<br \/>\n                                    Anadolu Ajans\u0131 web sitesinde, AA Haber Ak\u0131\u015f Sistemi (HAS) \u00fczerinden abonelere sunulan haberler, \u00f6zetlenerek yay\u0131mlanmaktad\u0131r. <b style=\"color:#1897F7\">Abonelik i\u00e7in l\u00fctfen ileti\u015fime ge\u00e7iniz.<\/b>&#13;<br \/>\n                                <\/a>&#13;<br \/>\n                            <\/span>\n                        <\/div>\n<p><script>\n\t  window.fbAsyncInit = function() {\n\t\tFB.init({\n\t\t  appId: '1855843514662870',\n\t\t  status : true, \/\/ check login status\n\t\t  cookie : true, \/\/ enable cookies to allow the server to access the session\n\t\t  xfbml  : true  \/\/ parse XFBML\n\t\t});\n\t  };<\/p>\n<p>\t  (function() {\n\t\tvar e = document.createElement('script');\n\t\te.src=\"https:\/\/connect.facebook.net\/tr_TR\/all.js\";\n\t\te.async = true;\n\t\tdocument.getElementById('fb-root').appendChild(e);\n\t  }());\n    <\/script><\/p>\n","protected":false},"excerpt":{"rendered":"<p>G\u00f6kta\u015f, Azerbaycan Kad\u0131nlar\u0131 6. Kongresi&#8217;ne kat\u0131lmak i\u00e7in geldi\u011fi Azerbaycan&#8217;da ikili temaslarda bulundu. Azerbaycan Milli Meclisini ziyaret eden G\u00f6kta\u015f, Gafarova ile bir araya geldi. T\u00fcrkiye ile Azerbaycan aras\u0131ndaki k\u00f6kl\u00fc ili\u015fkilerin ele al\u0131nd\u0131\u011f\u0131 g\u00f6r\u00fc\u015fmede, her iki \u00fclkenin aile ve sosyal hizmetlerden sorumlu kurumlar\u0131n\u0131n i\u015fbirliklerinin \u00f6nemine de\u011finildi. G\u00f6kta\u015f, Azerbaycan \u00c7al\u0131\u015fma ve Sosyal G\u00fcvenlik Bakan\u0131 Babayev&#8217;le de g\u00f6r\u00fc\u015ft\u00fc. G\u00f6kta\u015f [&hellip;]<\/p>\n","protected":false},"author":1,"featured_media":18263,"comment_status":"","ping_status":"","sticky":false,"template":"","format":"standard","meta":[],"categories":[47],"tags":[],"_links":{"self":[{"href":"https:\/\/kraios.app\/news\/wp-json\/wp\/v2\/posts\/18262"}],"collection":[{"href":"https:\/\/kraios.app\/news\/wp-json\/wp\/v2\/posts"}],"about":[{"href":"https:\/\/kraios.app\/news\/wp-json\/wp\/v2\/types\/post"}],"author":[{"embeddable":true,"href":"https:\/\/kraios.app\/news\/wp-json\/wp\/v2\/users\/1"}],"replies":[{"embeddable":true,"href":"https:\/\/kraios.app\/news\/wp-json\/wp\/v2\/comments?post=18262"}],"version-history":[{"count":0,"href":"https:\/\/kraios.app\/news\/wp-json\/wp\/v2\/posts\/18262\/revisions"}],"wp:featuredmedia":[{"embeddable":true,"href":"https:\/\/kraios.app\/news\/wp-json\/wp\/v2\/media\/18263"}],"wp:attachment":[{"href":"https:\/\/kraios.app\/news\/wp-json\/wp\/v2\/media?parent=18262"}],"wp:term":[{"taxonomy":"category","embeddable":true,"href":"https:\/\/kraios.app\/news\/wp-json\/wp\/v2\/categories?post=18262"},{"taxonomy":"post_tag","embeddable":true,"href":"https:\/\/kraios.app\/news\/wp-json\/wp\/v2\/tags?post=18262"}],"curies":[{"name":"wp","href":"https:\/\/api.w.org\/{rel}","templated":true}]}}