{"id":18204,"date":"2023-10-18T09:23:12","date_gmt":"2023-10-18T09:23:12","guid":{"rendered":"https:\/\/kraios.app\/news\/siyaset\/2023\/10\/18\/tbmm-milli-savunma-komisyonu-baskani-akardan-tezkere-aciklamasi\/"},"modified":"2023-10-18T09:23:12","modified_gmt":"2023-10-18T09:23:12","slug":"tbmm-milli-savunma-komisyonu-baskani-akardan-tezkere-aciklamasi","status":"publish","type":"post","link":"https:\/\/kraios.app\/news\/siyaset\/2023\/10\/18\/tbmm-milli-savunma-komisyonu-baskani-akardan-tezkere-aciklamasi\/","title":{"rendered":"TBMM Milli Savunma Komisyonu Ba\u015fkan\u0131 Akar&#8217;dan &#8220;tezkere&#8221; a\u00e7\u0131klamas\u0131"},"content":{"rendered":"<p><\/p>\n<div>\n<p>Meclis Milli Savunma Komisyonu Ba\u015fkan\u0131 ve AK Parti Kayseri Milletvekili <strong>Hulusi Akar,<\/strong>\u00a0 d\u00fcn TBMM Genel Kurulunda kabul edilen Irak ve Suriye&#8217;ye asker g\u00f6nderme tezkeresinin s\u00fcresinin uzat\u0131lmas\u0131na ili\u015fkin Meclis&#8217;te gazetecilerin sorular\u0131n\u0131 yan\u0131tlad\u0131.<\/p>\n<p>D\u00fcnyan\u0131n 2013-2014 y\u0131llar\u0131nda DEA\u015e ter\u00f6r\u00fc y\u00fcz\u00fcnden aya\u011fa kalkt\u0131\u011f\u0131n\u0131 an\u0131msatan Akar, DEA\u015e&#8217;la m\u00fccadele i\u00e7in BM&#8217;nin uluslararas\u0131 komisyon kurma karar\u0131 ald\u0131\u011f\u0131n\u0131, T\u00fcrkiye ile birlikte 80 \u00fclke ve NATO ile Arap Ligi&#8217;nin de aralar\u0131nda bulundu\u011fu 5 uluslararas\u0131 kurulu\u015fun bu koalisyona kat\u0131ld\u0131\u011f\u0131n\u0131 hat\u0131rlatt\u0131.<\/p>\n<p>Koalisyona \u00fcye \u00fclkelerin; personel, malzeme, silah, ara\u00e7, hava \u00fcss\u00fc, limanlar ve hava sahalar\u0131 gibi alanlar\u0131n kullan\u0131m\u0131nda i\u015f birli\u011fi yapt\u0131\u011f\u0131na i\u015faret eden Akar, &#8220;Bu koalisyondan dolay\u0131 baz\u0131 \u00fclkeler \u0130ncirlik&#8217;te yak\u0131t ikmali yapt\u0131lar. \u0130skenderun Liman\u0131 yine lojistik ve insani yard\u0131m noktas\u0131nda de\u011ferlendirildi. Bu t\u00fcr uygulamalar da T\u00fcrkiye&#8217;nin izin ve kontrol\u00fc alt\u0131nda oluyor. 2019 y\u0131l\u0131ndan sonra bunlar da art\u0131k yap\u0131lm\u0131yor. Tamamen teknik bir durum s\u00f6z konusu. Daha \u00f6nce kabul edilen ve &#8216;evet&#8217; oyu verilen tezkerenin ayn\u0131s\u0131n\u0131 getirdik. Hi\u00e7bir de\u011fi\u015fiklik yok. Bu tutumunun nedeni, e\u011fer bilgi eksikli\u011fi yoksa bir fitne fesatl\u0131k s\u00f6z konusu. HDP kendisini zaten \u015fartland\u0131rm\u0131\u015f ve tezkereye kar\u015f\u0131 \u00e7\u0131k\u0131yor ama CHP&#8217;de b\u00fcy\u00fckel\u00e7ilik yapm\u0131\u015f biri \u00e7\u0131k\u0131p yabanc\u0131 askerlerin T\u00fcrkiye&#8217;ye gelmesinden bahsediyor. Bu iddialar\u0131n ger\u00e7ekle hi\u00e7 alakas\u0131 yok. Kamuoyunu yanl\u0131\u015f bilgilendiriyorlar.&#8221; diye konu\u015ftu.<\/p>\n<p>CHP&#8217;nin, tezkereden &#8220;yabanc\u0131 silahl\u0131 kuvvetlerin T\u00fcrkiye&#8217;de bulunmas\u0131&#8221; ifadesinin \u00e7\u0131kart\u0131lmas\u0131 talebini de de\u011ferlendiren Akar, &#8220;Tezkereden bu ifadeyi \u00e7\u0131kard\u0131\u011f\u0131m\u0131z zaman ba\u015fka sorunlarla kar\u015f\u0131la\u015f\u0131r\u0131z? B\u00f6yle bir ad\u0131m att\u0131\u011f\u0131n\u0131zda koalisyondan \u00e7\u0131km\u0131\u015f olursunuz. Bu da DEA\u015e&#8217;la m\u00fccadeleden ayr\u0131lmak anlam\u0131na gelir. Biz 4 bin 500 DEA\u015e \u00fcyesini etkisiz hale getirdik. DEA\u015e \u015f\u00fcphesi nedeniyle 100 bin ki\u015finin T\u00fcrkiye&#8217;ye girmesini engelledik. Bunlardan 9 bin 500 ki\u015fiyi kendi \u00fclkeleri itiraz etmelerine ra\u011fmen g\u00f6nderdik. Bunu yapan bir T\u00fcrkiye hakk\u0131nda bile DEA\u015e ile ilgili as\u0131ls\u0131z iddialar ortaya at\u0131l\u0131rken bir de kalk\u0131p bu koalisyondan ayr\u0131l\u0131rsak ne olur? Bunu bir d\u00fc\u015f\u00fcns\u00fcnler. Hem DEA\u015e ile m\u00fccadele edeceksin hem de koalisyona \u00fcye \u00fclkelerin askerlerine m\u00fcsaade etmeyeceksin. B\u00f6yle bir \u015fey olur mu? Yak\u0131t ikmali veya buna benzer teknik nedenlerle gemi, u\u00e7ak, helikopter gelebilir. Asla askerlerin gelip yerle\u015fmesi gibi bir durum s\u00f6z konusu de\u011fil.&#8221; ifadelerini kulland\u0131.<\/p>\n<h3>&#8220;\u0130ncirlik \u00dcss\u00fc&#8217;n\u00fcn komutan\u0131 bir T\u00fcrk subay\u0131d\u0131r&#8221;<\/h3>\n<p>\u0130ncirlik \u00dcss\u00fc&#8217;n\u00fcn bo\u015falt\u0131lmas\u0131na d\u00f6n\u00fck baz\u0131 \u00e7evrelerden yap\u0131lan ele\u015ftirileri an\u0131msatan Akar, \u015funlar\u0131 kaydetti:<\/p>\n<p>&#8220;Bize bazen &#8216;neden \u0130ncirlik&#8217;i bo\u015faltm\u0131yorsunuz?&#8217; diye ele\u015ftiriler yap\u0131l\u0131yor. Bo\u015falt\u0131rsak ne olacak? Sonra &#8216;neden Amerikan \u00fcsleri Yunanistan&#8217;a, Dedea\u011fa\u00e7&#8217;a, Girit&#8217;e gitti?&#8217; diye ele\u015ftiriyorsunuz. Ayr\u0131ca bizim ABD ile ili\u015fkilerimiz, anla\u015fmalar\u0131m\u0131z var. \u0130ncirlik tamamen T\u00fcrkiye Cumhuriyeti&#8217;nin m\u00fclk\u00fcnde olan bir yer. T\u00fcrk devletinin bayra\u011f\u0131 orada dalgalan\u0131yor. B\u00fct\u00fcn faaliyetler \u00fcs komutan\u0131n\u0131n emir ve bilgisi dahilinde yap\u0131l\u0131yor. \u0130ncirlik \u00dcss\u00fc&#8217;n\u00fcn komutan\u0131 da bir T\u00fcrk subay\u0131d\u0131r. Ayr\u0131ca bizim de uluslararas\u0131 anla\u015fmalar \u00e7er\u00e7evesinde yabanc\u0131 \u00fclkelerde askerlerimiz var.&#8221;<\/p>\n<p>Akar ayr\u0131ca, T\u00fcrkiye&#8217;nin K\u00fcrtlerle ilgili bir sorunu olmad\u0131\u011f\u0131n\u0131, ter\u00f6re kar\u015f\u0131 m\u00fccadele verdiklerini, PKK\/YPG&#8217;nin K\u00fcrtleri asla temsil etmedi\u011fini vurgulad\u0131.<\/p>\n<p>Tezkerenin ba\u011f\u0131ms\u0131z, egemen T\u00fcrkiye Cumhuriyeti&#8217;nin g\u00fcvenli\u011fi ve huzuru i\u00e7in \u00e7\u0131kar\u0131ld\u0131\u011f\u0131na dikkati \u00e7eken Akar, &#8220;Biz \u015fimdiye kadar kimin egemenli\u011fine sald\u0131rd\u0131k? Hangi \u00fclkenin topraklar\u0131n\u0131 i\u015fgal ettik? B\u00f6yle bir durum yok. Biz Suriye veya ba\u015fka yerdeki ter\u00f6ristleri vuruyoruz ama ses buradan \u00e7\u0131k\u0131yor.&#8221; dedi.<\/p>\n<p>\u0130srail&#8217;in Gazze&#8217;deki sald\u0131r\u0131lar\u0131na de\u011finen Akar, &#8220;\u0130srail&#8217;in evrensel de\u011ferleri \u00e7i\u011fneyerek fosfor bombas\u0131 dahil sava\u015f hukukuna ayk\u0131r\u0131 eylemlerini de \u015fiddetle lanetliyoruz.&#8221; ifadesini kulland\u0131.<\/p>\n<p>Akar, &#8220;D\u00fcnya n\u00fcfusunun y\u00fczde 75\u2019ine tekab\u00fcl eden toplam 137 \u00fclkenin tan\u0131d\u0131\u011f\u0131 Filistin i\u00e7in Birle\u015fmi\u015f Milletler G\u00fcvenlik Konseyi karar\u0131n\u0131n ve Oslo Mutabakat\u0131 gibi \u00e7e\u015fitli toplant\u0131larda verilen taahh\u00fctlerin bir an \u00f6nce yerine getirilmesini bekliyoruz. Ba\u015fkenti Do\u011fu Kud\u00fcs olan bir Filistin devletinin art\u0131k ger\u00e7ekle\u015fmesi laz\u0131m. B\u00f6lgeye bar\u0131\u015f, huzur ve istikrar ancak bu \u015fekilde gelebilir.&#8221; de\u011ferlendirmesinde bulundu.<\/p>\n<p>                            <span class=\"detay-foto-editor\">&#13;<br \/>\n                                <a href=\"https:\/\/www.aa.com.tr\/tr\/p\/abonelik-talep-formu\/1001\" target=\"_blank\" style=\"font-size:12px; color:#444; text-decoration:none;\" rel=\"noopener\">&#13;<br \/>\n                                    Anadolu Ajans\u0131 web sitesinde, AA Haber Ak\u0131\u015f Sistemi (HAS) \u00fczerinden abonelere sunulan haberler, \u00f6zetlenerek yay\u0131mlanmaktad\u0131r. <b style=\"color:#1897F7\">Abonelik i\u00e7in l\u00fctfen ileti\u015fime ge\u00e7iniz.<\/b>&#13;<br \/>\n                                <\/a>&#13;<br \/>\n                            <\/span>\n                        <\/div>\n<p><script>\n\t  window.fbAsyncInit = function() {\n\t\tFB.init({\n\t\t  appId: '1855843514662870',\n\t\t  status : true, \/\/ check login status\n\t\t  cookie : true, \/\/ enable cookies to allow the server to access the session\n\t\t  xfbml  : true  \/\/ parse XFBML\n\t\t});\n\t  };<\/p>\n<p>\t  (function() {\n\t\tvar e = document.createElement('script');\n\t\te.src=\"https:\/\/connect.facebook.net\/tr_TR\/all.js\";\n\t\te.async = true;\n\t\tdocument.getElementById('fb-root').appendChild(e);\n\t  }());\n    <\/script><\/p>\n","protected":false},"excerpt":{"rendered":"<p>Meclis Milli Savunma Komisyonu Ba\u015fkan\u0131 ve AK Parti Kayseri Milletvekili Hulusi Akar,\u00a0 d\u00fcn TBMM Genel Kurulunda kabul edilen Irak ve Suriye&#8217;ye asker g\u00f6nderme tezkeresinin s\u00fcresinin uzat\u0131lmas\u0131na ili\u015fkin Meclis&#8217;te gazetecilerin sorular\u0131n\u0131 yan\u0131tlad\u0131. D\u00fcnyan\u0131n 2013-2014 y\u0131llar\u0131nda DEA\u015e ter\u00f6r\u00fc y\u00fcz\u00fcnden aya\u011fa kalkt\u0131\u011f\u0131n\u0131 an\u0131msatan Akar, DEA\u015e&#8217;la m\u00fccadele i\u00e7in BM&#8217;nin uluslararas\u0131 komisyon kurma karar\u0131 ald\u0131\u011f\u0131n\u0131, T\u00fcrkiye ile birlikte 80 \u00fclke [&hellip;]<\/p>\n","protected":false},"author":1,"featured_media":18205,"comment_status":"","ping_status":"","sticky":false,"template":"","format":"standard","meta":[],"categories":[47],"tags":[],"_links":{"self":[{"href":"https:\/\/kraios.app\/news\/wp-json\/wp\/v2\/posts\/18204"}],"collection":[{"href":"https:\/\/kraios.app\/news\/wp-json\/wp\/v2\/posts"}],"about":[{"href":"https:\/\/kraios.app\/news\/wp-json\/wp\/v2\/types\/post"}],"author":[{"embeddable":true,"href":"https:\/\/kraios.app\/news\/wp-json\/wp\/v2\/users\/1"}],"replies":[{"embeddable":true,"href":"https:\/\/kraios.app\/news\/wp-json\/wp\/v2\/comments?post=18204"}],"version-history":[{"count":0,"href":"https:\/\/kraios.app\/news\/wp-json\/wp\/v2\/posts\/18204\/revisions"}],"wp:featuredmedia":[{"embeddable":true,"href":"https:\/\/kraios.app\/news\/wp-json\/wp\/v2\/media\/18205"}],"wp:attachment":[{"href":"https:\/\/kraios.app\/news\/wp-json\/wp\/v2\/media?parent=18204"}],"wp:term":[{"taxonomy":"category","embeddable":true,"href":"https:\/\/kraios.app\/news\/wp-json\/wp\/v2\/categories?post=18204"},{"taxonomy":"post_tag","embeddable":true,"href":"https:\/\/kraios.app\/news\/wp-json\/wp\/v2\/tags?post=18204"}],"curies":[{"name":"wp","href":"https:\/\/api.w.org\/{rel}","templated":true}]}}