{"id":18090,"date":"2023-10-17T18:34:37","date_gmt":"2023-10-17T18:34:37","guid":{"rendered":"https:\/\/kraios.app\/news\/siyaset\/2023\/10\/17\/filistin-topraklarinda-yasananlar-savas-sucu-olarak-tarihe-not-dusuluyor\/"},"modified":"2023-10-17T18:34:37","modified_gmt":"2023-10-17T18:34:37","slug":"filistin-topraklarinda-yasananlar-savas-sucu-olarak-tarihe-not-dusuluyor","status":"publish","type":"post","link":"https:\/\/kraios.app\/news\/siyaset\/2023\/10\/17\/filistin-topraklarinda-yasananlar-savas-sucu-olarak-tarihe-not-dusuluyor\/","title":{"rendered":"Filistin topraklar\u0131nda ya\u015fananlar sava\u015f su\u00e7u olarak tarihe not d\u00fc\u015f\u00fcl\u00fcyor"},"content":{"rendered":"<p><\/p>\n<div>\n<p>Kurtulmu\u015f, eski Zeytinburnu Belediye Ba\u015fkanl\u0131k Binas\u0131&#8217;nda 2015&#8217;te ba\u015flayan restorasyon \u00e7al\u0131\u015fmalar\u0131 s\u0131ras\u0131nda ke\u015ffedilen Ge\u00e7 Roma-Erken Bizans d\u00f6nemine ait mozaik yap\u0131s\u0131n\u0131n sergilendi\u011fi Kazl\u0131\u00e7e\u015fme Sanat&#8217;taki &#8220;Zeytinburnu Mozaik M\u00fczesi&#8221; ile &#8220;Fahreddin Pa\u015fa Medine M\u00fcdafii&#8221; sergisi ve Mozaik Kafe Restoran&#8217;\u0131n a\u00e7\u0131l\u0131\u015f t\u00f6renine kat\u0131ld\u0131.<\/p>\n<p>Burada konu\u015fan Kurtulmu\u015f, \u00e7ok zengin bir \u00fclkede ya\u015fad\u0131klar\u0131n\u0131 vurgulayarak, \u0130stanbul i\u00e7in s\u00f6ylenen &#8220;Ta\u015f\u0131 topra\u011f\u0131 alt\u0131n&#8221; s\u00f6z\u00fcn\u00fcn b\u00fct\u00fcn T\u00fcrkiye i\u00e7in s\u00f6ylenebilece\u011fini dile getirdi.<\/p>\n<p>\u00dclkenin \u00fczerinden tarihe mal olmu\u015f 24 b\u00fcy\u00fck medeniyetin ge\u00e7ti\u011fini kaydeden Kurtulmu\u015f, her b\u00f6lgede bu ge\u00e7mi\u015f medeniyetlerin izlerini bulman\u0131n m\u00fcmk\u00fcn oldu\u011funu s\u00f6yledi.<\/p>\n<p>Numan Kurtulmu\u015f, \u0130stanbul&#8217;da olman\u0131n ise daha farkl\u0131 bir avantaj oldu\u011funu, \u015fehrin neresinde bir kaz\u0131 yap\u0131l\u0131rsa yap\u0131ls\u0131n tarihi bir yap\u0131yla kar\u015f\u0131la\u015f\u0131labilece\u011fini hat\u0131rlatt\u0131.<\/p>\n<p>Bu kapsamda Zeytinburnu&#8217;nda tesad\u00fcfen yap\u0131lan bir kaz\u0131 sonucu bulunan m\u00fckemmel bir mozai\u011fin ve lahdin ortaya \u00e7\u0131kar\u0131lmas\u0131n\u0131n b\u00fcy\u00fck bir \u015fans oldu\u011funu aktaran Kurtulmu\u015f, \u00fclkeye yeni bir m\u00fcze kazand\u0131r\u0131ld\u0131\u011f\u0131n\u0131 kaydetti.<\/p>\n<p><img decoding=\"async\" alt=\"\" src=\"https:\/\/www.aa.com.tr\/uploads\/userFiles\/c9f1ae26-3cf3-4ab4-9d72-230dedd01a4c\/AA-32429321.jpg\"\/><\/p>\n<p>Kurtulmu\u015f, &#8220;Fahreddin Pa\u015fa Medine M\u00fcdafii&#8221; sergisinin de a\u00e7\u0131l\u0131\u015f\u0131n\u0131 yapt\u0131klar\u0131na i\u015faret ederek, Fahreddin Pa\u015fa&#8217;y\u0131 anlaman\u0131n ve ya\u015fad\u0131klar\u0131n\u0131 g\u00f6zden ge\u00e7irmenin, bug\u00fcn Orta Do\u011fu&#8217;da ve d\u00fcnyada neler olup bitti\u011fini anlamak i\u00e7in bir \u0131\u015f\u0131k tutaca\u011f\u0131n\u0131 ifade etti.<\/p>\n<p>Osmanl\u0131 Devleti&#8217;nin, imzalanan Mondros M\u00fctarekesi&#8217;yle i\u00e7eriye do\u011fru \u00e7ekildi\u011fini an\u0131msatan Kurtulmu\u015f, o d\u00f6nemde baz\u0131 b\u00f6lgelerin, sava\u015f\u0131n galibi \u00fclkelere teslim edilmesi s\u00fcrecinde ise Fahreddin Pa\u015fa ve komutas\u0131ndaki askerlerin bir\u00e7ok zorlukla ba\u015f etmeye \u00e7al\u0131\u015ft\u0131\u011f\u0131n\u0131 anlatt\u0131.<\/p>\n<h3>&#8220;Bug\u00fcn Filistin&#8217;le \u0130srail aras\u0131nda devam eden bu \u00e7at\u0131\u015fma tesad\u00fcfi bir s\u00fcre\u00e7 de\u011fildir&#8221;<\/h3>\n<p>TBMM Ba\u015fkan\u0131 Kurtulmu\u015f, bug\u00fcnk\u00fc Orta Do\u011fu&#8217;da nelerin ya\u015fand\u0131\u011f\u0131n\u0131 anlamak i\u00e7in o d\u00f6nemde ya\u015fananlar\u0131 iyice kavramak zorunda olduklar\u0131n\u0131n alt\u0131n\u0131 \u00e7izerek, \u015fu g\u00f6r\u00fc\u015fleri payla\u015ft\u0131:<\/p>\n<p>&#8220;Emperyalistlerin temel meseleleri, insani de\u011ferler \u00fczerinden bir d\u00fcnya in\u015fa etmek de\u011fildir. B\u00fct\u00fcn gittikleri b\u00f6lgelerin zenginliklerini ku\u015fatmak, almak, \u00e7almak ve kendi kaynaklar\u0131 olarak kullanmakt\u0131r. \u0130\u015fte o zamanlar &#8216;Hicaz b\u00f6lgesinde ne i\u015fleri vard\u0131?&#8217; sorusunun \u00e7ok a\u00e7\u0131k bir cevab\u0131 vard\u0131r. \u00d6zellikle sanayi devriminin ger\u00e7ekle\u015fmesinden sonra d\u00fcnyan\u0131n en b\u00fcy\u00fck enerji kaynaklar\u0131n\u0131n Hicaz b\u00f6lgesinde oldu\u011funu bildikleri i\u00e7in o b\u00f6lgede d\u00fcnyay\u0131 as\u0131rlar boyunca adalet \u00fczerinde y\u00f6neten Osmanl\u0131 Cihan Devleti&#8217;nin oradan \u00e7\u0131kmas\u0131 gerekiyordu. \u0130\u015fte d\u00fcn etnik \u00e7at\u0131\u015fmalarla (Thomas Edward) Lawrence&#8217;\u0131n k\u0131\u015fk\u0131rtt\u0131\u011f\u0131 birtak\u0131m insanlar \u00fczerinden Osmanl\u0131&#8217;ya kar\u015f\u0131 m\u00fccadele verenlerin, bug\u00fcn de baz\u0131 petrol b\u00f6lgelerinde varl\u0131klar\u0131n\u0131 s\u00fcrd\u00fcrmek i\u00e7in PYD&#8217;ye, YPG&#8217;ye ni\u00e7in destek verdiklerini \u00e7ok daha iyi anl\u0131yoruz. \u0130\u015e\u0130D&#8217;i nas\u0131l Orta Do\u011fu&#8217;nun ba\u015f\u0131na bela ettiklerini \u00e7ok iyi anl\u0131yoruz. Nas\u0131l bu b\u00f6lge halklar\u0131n\u0131n bir ve beraber olarak, bir \u00fcmmetin par\u00e7as\u0131 olarak kendisini g\u00f6ren bu halklar\u0131n etnik ve mezhebi \u00e7at\u0131\u015fmalarla birka\u00e7 on y\u0131ll\u0131k s\u00fcre i\u00e7erisinde d\u00fc\u015fman hale getirildiklerini gayet iyi anl\u0131yoruz.&#8221;<\/p>\n<p>Emperyalistlerin, Sykes-Picot Anla\u015fmas\u0131&#8217;yla bu b\u00f6lgeyi parampar\u00e7a ettiklerini hat\u0131rlatan Kurtulmu\u015f, &#8220;\u0130\u015fte bug\u00fcn Orta Do\u011fu&#8217;da devam eden sava\u015f da bu anlama geliyor ve bu anlamda tabiri caizse ikinci Sykes-Picot olarak hayata ge\u00e7iriliyor. Amerika&#8217;n\u0131n Irak&#8217;\u0131 i\u015fgaliyle ba\u015flayan bu s\u00fcre\u00e7 tesad\u00fcfi bir s\u00fcre\u00e7 de\u011fildir. Bug\u00fcn Filistin&#8217;le \u0130srail aras\u0131nda devam eden bu \u00e7at\u0131\u015fma tesad\u00fcfi bir s\u00fcre\u00e7 de\u011fildir. Hedefleri, hem b\u00f6lge halklar\u0131n\u0131 &#8216;b\u00f6l, par\u00e7ala, y\u00f6net&#8217; teziyle inisiyatifsiz hale getirmek hem de bu b\u00f6lgenin zenginliklerinin tamam\u0131n\u0131 \u00e7al\u0131p g\u00f6t\u00fcrmektir.&#8221; de\u011ferlendirmesinde bulundu.<\/p>\n<h3>&#8220;Emperyalizmin k\u00fclt\u00fcr h\u0131rs\u0131zl\u0131\u011f\u0131 y\u00fcz\u00fcn\u00fc \u00e7ok iyi g\u00f6rm\u00fc\u015flerden birisiyim&#8221;<\/h3>\n<p>Kurtulmu\u015f, iki g\u00fcn evvel G-20 Parlamento Ba\u015fkanlar\u0131 Toplant\u0131s\u0131 i\u00e7in gitti\u011fi Hindistan&#8217;da, d\u00fcnyan\u0131n yedi b\u00fcy\u00fck harikas\u0131ndan biri olan Tac Mahal&#8217;i ziyaret etti\u011fini belirterek, emperyalizmin y\u00fcz\u00fcn\u00fc orada da g\u00f6rd\u00fcklerini s\u00f6yledi.<\/p>\n<p>Tac Mahal&#8217;in mermerlerinin i\u00e7erisine kak\u0131lan alt\u0131n, g\u00fcm\u00fc\u015f, inci ve yakut gibi de\u011ferli maden ve ta\u015flar\u0131n, \u0130ngilizler taraf\u0131ndan \u00e7al\u0131n\u0131p \u0130ngiltere&#8217;ye g\u00f6t\u00fcr\u00fcld\u00fc\u011f\u00fcn\u00fc anlatan Kurtulmu\u015f, &#8220;K\u00fclt\u00fcr Bakanl\u0131\u011f\u0131m s\u0131ras\u0131nda yurt d\u0131\u015f\u0131nda bir\u00e7ok m\u00fczeyi ziyaret etti\u011fimde, emperyalizmin k\u00fclt\u00fcr h\u0131rs\u0131zl\u0131\u011f\u0131 y\u00fcz\u00fcn\u00fc de \u00e7ok iyi g\u00f6rm\u00fc\u015flerden birisiyim. Avrupa&#8217;n\u0131n ba\u015fkentlerindeki o koca m\u00fczelerde bizden \u00e7ald\u0131klar\u0131n\u0131 al\u0131p T\u00fcrkiye&#8217;ye getirseniz m\u00fcze bombo\u015f kal\u0131r. Mesela Bergama M\u00fczesi bunlardan bir tanesidir. Ayn\u0131 \u015fekilde Schliemann denilen bir k\u00fclt\u00fcr casusunun T\u00fcrkiye&#8217;den, Anadolu topraklar\u0131ndan neler g\u00f6t\u00fcrd\u00fc\u011f\u00fcn\u00fc, Troya&#8217;y\u0131, Efes&#8217;i, nas\u0131l Avrupa&#8217;ya ka\u00e7\u0131rd\u0131klar\u0131n\u0131 hepimiz biliyoruz.&#8221; ifadesini kulland\u0131.<\/p>\n<h3>&#8220;S\u00f6z\u00fcm\u00fcz\u00fc en g\u00fc\u00e7l\u00fc, en y\u00fcksek perdeden s\u00f6ylemek zorunday\u0131z&#8221;<\/h3>\n<p>Numan Kurtulmu\u015f, Fahreddin Pa\u015fa&#8217;n\u0131n m\u00fccadelesinin, d\u00fcn insanl\u0131k ad\u0131na verilen bir m\u00fccadele oldu\u011funu, bug\u00fcn de Orta Do\u011fu&#8217;da, Afrika&#8217;da ve Asya&#8217;da b\u00fct\u00fcn bu emperyalist projelere &#8220;dur&#8221; demenin, \u00f6nc\u00fcl\u00fck yapman\u0131n da milletin vazifesi oldu\u011funu vurgulad\u0131.<\/p>\n<p>Her alanda bu b\u00f6lge halklar\u0131n\u0131 talan eden, sadece varl\u0131klar\u0131n\u0131, yer alt\u0131, yer \u00fcst\u00fc zenginliklerini de\u011fil, geleceklerini de \u00e7alarak gidenlerin, yeniden bu b\u00f6lgelere musallat olduklar\u0131n\u0131 kaydeden Kurtulmu\u015f, Afrika&#8217;n\u0131n, Asya&#8217;n\u0131n, Orta Do\u011fu&#8217;nun mazlum ve masum halklar\u0131n\u0131n sonuna kadar m\u00fccadelesini s\u00fcrd\u00fcrece\u011fini ve bu emperyalist tasalluttan kurtulmay\u0131 ba\u015faracaklar\u0131n\u0131 dile getirdi.<\/p>\n<p>\u0130srail&#8217;in Filistin&#8217;e y\u00f6nelik sald\u0131r\u0131lar\u0131na i\u015faret eden Kurtulmu\u015f, s\u00f6zlerini \u015f\u00f6yle s\u00fcrd\u00fcrd\u00fc:<\/p>\n<p>&#8220;\u00d6zellikle \u015fu anda Filistin topraklar\u0131nda ya\u015fananlar\u0131n, bir insanl\u0131k dram\u0131, a\u00e7\u0131k bir insanl\u0131k ve sava\u015f su\u00e7u olarak tarihe not d\u00fc\u015f\u00fcld\u00fc\u011f\u00fcn\u00fc ifade etmek isterim. Bug\u00fcn Gazze topraklar\u0131nda 10-15 dakikada bir bomba d\u00fc\u015ferek onlarca insan\u0131 hayattan kopar\u0131yor ve b\u00fct\u00fcn insanl\u0131k seyrediyor. Kendilerini medeni zannedenlerin, eskilerin tabiriyle &#8216;lal\u00fcebkem&#8217;, a\u011f\u0131zlar\u0131ndan bir tek s\u00f6z \u00e7\u0131km\u0131yor. S\u00f6z s\u00f6yleyenler ise c\u0131l\u0131z s\u00f6zlerle s\u00f6zlerini ifade ediyor. Bu insanl\u0131k su\u00e7unu ortadan kald\u0131rmak, insanl\u0131\u011f\u0131n ortak vazifesidir. S\u00f6z\u00fcm\u00fcz\u00fc en g\u00fc\u00e7l\u00fc, en y\u00fcksek perdeden s\u00f6ylemek zorunday\u0131z. T\u00fcrkiye olarak ba\u015fta Say\u0131n Cumhurba\u015fkan\u0131m\u0131z olmak \u00fczere, hepimiz d\u00f6rt koldan bu \u00e7al\u0131\u015fmalar\u0131 y\u00fcr\u00fct\u00fcyor, bir an evvel Orta Do\u011fu&#8217;da bar\u0131\u015f\u0131n sa\u011flanmas\u0131 ve mazlum, masum Gazze, Filistin halk\u0131n\u0131n s\u00fckunete ermesi i\u00e7in gayret sarf ediyoruz. Ancak s\u00f6z\u00fcm\u00fcz\u00fc o kadar kuvvetli o kadar g\u00fc\u00e7l\u00fc \u00e7\u0131karmal\u0131y\u0131z ki o kadar \u00fcst perdeden konu\u015fmal\u0131y\u0131z ki bizim sesimiz sadece mazlumlar\u0131n g\u00f6nl\u00fcn\u00fc ho\u015f edecek \u015fekilde de\u011fil, zalimleri de korkutacak g\u00fc\u00e7l\u00fc bir \u015fekilde ortaya konulmal\u0131d\u0131r.&#8221;<\/p>\n<p>Kurtulmu\u015f, &#8220;T\u00fcrkiye olarak, bu co\u011frafyan\u0131n en \u00f6nemli \u00fclkelerinden birisi olan ve bu co\u011frafyada as\u0131rlar boyunca insafl\u0131 Bat\u0131l\u0131 tarih\u00e7ilerin de &#8216;Osmanl\u0131 bar\u0131\u015f d\u00fczeni&#8217; olarak tan\u0131mlad\u0131klar\u0131 bar\u0131\u015f ve esenlik d\u00fczeninin sahipleri olan bir milletin \u00e7ocuklar\u0131 olarak, bu b\u00f6lgede Afrika&#8217;da, Asya&#8217;da, Orta Do\u011fu&#8217;da yeniden bar\u0131\u015f\u0131n, insanl\u0131\u011f\u0131n, selametin, hakkaniyetin, adaletin sa\u011fland\u0131\u011f\u0131 g\u00fcnlerin kurulmas\u0131 i\u00e7in durmadan, duraksamadan sonuna kadar m\u00fccadele edece\u011fiz. Allah&#8217;\u0131n izniyle yap\u0131lan her \u00e7al\u0131\u015fman\u0131n bu istikamette yeni, k\u00fcresel bir adalet sisteminin kurulmas\u0131na katk\u0131 sa\u011flad\u0131\u011f\u0131na y\u00fcrekten inan\u0131yorum.&#8221; diye konu\u015ftu.<\/p>\n<p>Zeytinburnu Belediye Ba\u015fkan\u0131 \u00d6mer Ar\u0131soy, konu\u015fmas\u0131n\u0131n ard\u0131ndan Kurtulmu\u015f&#8217;a hediye takdim etti.<\/p>\n<p>TBMM Ba\u015fkan\u0131 Kurtulmu\u015f ile protokol \u00fcyeleri, daha sonra kurdele keserek, m\u00fcze, sergi ve restoran\u0131n a\u00e7\u0131l\u0131\u015f\u0131n\u0131 ger\u00e7ekle\u015ftirdi. Kurtulmu\u015f, m\u00fcze ve sergiyi ziyareti s\u0131ras\u0131nda eserleri inceleyip bilgi ald\u0131.<\/p>\n<p>                            <span class=\"detay-foto-editor\">&#13;<br \/>\n                                <a href=\"https:\/\/www.aa.com.tr\/tr\/p\/abonelik-talep-formu\/1001\" target=\"_blank\" style=\"font-size:12px; color:#444; text-decoration:none;\" rel=\"noopener\">&#13;<br \/>\n                                    Anadolu Ajans\u0131 web sitesinde, AA Haber Ak\u0131\u015f Sistemi (HAS) \u00fczerinden abonelere sunulan haberler, \u00f6zetlenerek yay\u0131mlanmaktad\u0131r. <b style=\"color:#1897F7\">Abonelik i\u00e7in l\u00fctfen ileti\u015fime ge\u00e7iniz.<\/b>&#13;<br \/>\n                                <\/a>&#13;<br \/>\n                            <\/span>\n                        <\/div>\n<p><script>\n\t  window.fbAsyncInit = function() {\n\t\tFB.init({\n\t\t  appId: '1855843514662870',\n\t\t  status : true, \/\/ check login status\n\t\t  cookie : true, \/\/ enable cookies to allow the server to access the session\n\t\t  xfbml  : true  \/\/ parse XFBML\n\t\t});\n\t  };<\/p>\n<p>\t  (function() {\n\t\tvar e = document.createElement('script');\n\t\te.src=\"https:\/\/connect.facebook.net\/tr_TR\/all.js\";\n\t\te.async = true;\n\t\tdocument.getElementById('fb-root').appendChild(e);\n\t  }());\n    <\/script><\/p>\n","protected":false},"excerpt":{"rendered":"<p>Kurtulmu\u015f, eski Zeytinburnu Belediye Ba\u015fkanl\u0131k Binas\u0131&#8217;nda 2015&#8217;te ba\u015flayan restorasyon \u00e7al\u0131\u015fmalar\u0131 s\u0131ras\u0131nda ke\u015ffedilen Ge\u00e7 Roma-Erken Bizans d\u00f6nemine ait mozaik yap\u0131s\u0131n\u0131n sergilendi\u011fi Kazl\u0131\u00e7e\u015fme Sanat&#8217;taki &#8220;Zeytinburnu Mozaik M\u00fczesi&#8221; ile &#8220;Fahreddin Pa\u015fa Medine M\u00fcdafii&#8221; sergisi ve Mozaik Kafe Restoran&#8217;\u0131n a\u00e7\u0131l\u0131\u015f t\u00f6renine kat\u0131ld\u0131. Burada konu\u015fan Kurtulmu\u015f, \u00e7ok zengin bir \u00fclkede ya\u015fad\u0131klar\u0131n\u0131 vurgulayarak, \u0130stanbul i\u00e7in s\u00f6ylenen &#8220;Ta\u015f\u0131 topra\u011f\u0131 alt\u0131n&#8221; s\u00f6z\u00fcn\u00fcn b\u00fct\u00fcn [&hellip;]<\/p>\n","protected":false},"author":1,"featured_media":18091,"comment_status":"","ping_status":"","sticky":false,"template":"","format":"standard","meta":[],"categories":[47],"tags":[],"_links":{"self":[{"href":"https:\/\/kraios.app\/news\/wp-json\/wp\/v2\/posts\/18090"}],"collection":[{"href":"https:\/\/kraios.app\/news\/wp-json\/wp\/v2\/posts"}],"about":[{"href":"https:\/\/kraios.app\/news\/wp-json\/wp\/v2\/types\/post"}],"author":[{"embeddable":true,"href":"https:\/\/kraios.app\/news\/wp-json\/wp\/v2\/users\/1"}],"replies":[{"embeddable":true,"href":"https:\/\/kraios.app\/news\/wp-json\/wp\/v2\/comments?post=18090"}],"version-history":[{"count":0,"href":"https:\/\/kraios.app\/news\/wp-json\/wp\/v2\/posts\/18090\/revisions"}],"wp:featuredmedia":[{"embeddable":true,"href":"https:\/\/kraios.app\/news\/wp-json\/wp\/v2\/media\/18091"}],"wp:attachment":[{"href":"https:\/\/kraios.app\/news\/wp-json\/wp\/v2\/media?parent=18090"}],"wp:term":[{"taxonomy":"category","embeddable":true,"href":"https:\/\/kraios.app\/news\/wp-json\/wp\/v2\/categories?post=18090"},{"taxonomy":"post_tag","embeddable":true,"href":"https:\/\/kraios.app\/news\/wp-json\/wp\/v2\/tags?post=18090"}],"curies":[{"name":"wp","href":"https:\/\/api.w.org\/{rel}","templated":true}]}}