{"id":18065,"date":"2023-10-17T17:04:28","date_gmt":"2023-10-17T17:04:28","guid":{"rendered":"https:\/\/kraios.app\/news\/siyaset\/2023\/10\/17\/irak-ve-suriye-tezkeresi-tbmm-genel-kurulunda-kabul-edildi\/"},"modified":"2023-10-17T17:04:28","modified_gmt":"2023-10-17T17:04:28","slug":"irak-ve-suriye-tezkeresi-tbmm-genel-kurulunda-kabul-edildi","status":"publish","type":"post","link":"https:\/\/kraios.app\/news\/siyaset\/2023\/10\/17\/irak-ve-suriye-tezkeresi-tbmm-genel-kurulunda-kabul-edildi\/","title":{"rendered":"Irak ve Suriye tezkeresi TBMM Genel Kurulu&#8217;nda kabul edildi"},"content":{"rendered":"<p><\/p>\n<div>\n<p>Cumhurba\u015fkan\u0131 Recep Tayyip Erdo\u011fan&#8217;\u0131n imzas\u0131yla g\u00f6nderilen tezkerede, T\u00fcrkiye&#8217;nin g\u00fcney kara s\u0131n\u0131rlar\u0131na m\u00fccavir b\u00f6lgelerde ya\u015fanan geli\u015fmeler ve s\u00fcregiden \u00e7at\u0131\u015fma ortam\u0131n\u0131n, milli g\u00fcvenlik a\u00e7\u0131s\u0131ndan ta\u015f\u0131d\u0131\u011f\u0131 risk ve tehditlerin artarak devam etti\u011fi vurguland\u0131.<\/p>\n<p>T\u00fcrkiye&#8217;nin, kom\u015fusu Irak&#8217;\u0131n toprak b\u00fct\u00fcnl\u00fc\u011f\u00fcn\u00fcn, milli birli\u011finin ve istikrar\u0131n\u0131n korunmas\u0131na b\u00fcy\u00fck \u00f6nem atfetti\u011fine dikkatin \u00e7ekildi\u011fi tezkerede, &#8220;Di\u011fer taraftan Irak&#8217;ta PKK ve DEA\u015e unsurlar\u0131n\u0131n varl\u0131\u011f\u0131n\u0131 s\u00fcrd\u00fcrmesi, etnik temelli ayr\u0131l\u0131k\u00e7\u0131l\u0131\u011fa y\u00f6nelik giri\u015fimler, b\u00f6lgesel bar\u0131\u015fa, istikrara ve \u00fclkemizin g\u00fcvenli\u011fine do\u011frudan tehdit olu\u015fturmaktad\u0131r. Suriye&#8217;de, s\u0131n\u0131r\u0131m\u0131za m\u00fccavir alanlarda PKK\/PYD-YPG ve DEA\u015e ba\u015fta olmak \u00fczere mevcudiyetini s\u00fcrd\u00fcren ter\u00f6r \u00f6rg\u00fctleri, \u00fclkemize, ulusal g\u00fcvenli\u011fimize ve sivillere y\u00f6nelik eylemlerini s\u00fcrd\u00fcrmektedir.&#8221; ifadesine yer verildi.<\/p>\n<h3>Irak ve Suriye&#8217;nin toprak b\u00fct\u00fcnl\u00fc\u011f\u00fcne vurgu<\/h3>\n<p>Tezkerede, bu geli\u015fmeler \u00e7er\u00e7evesinde ter\u00f6r ile Irak ve Suriye&#8217;nin toprak b\u00fct\u00fcnl\u00fc\u011f\u00fcn\u00fc bozmaya ve sahada gayrime\u015fru oldubittiler olu\u015fturmaya y\u00f6nelik, T\u00fcrkiye&#8217;nin milli g\u00fcvenli\u011fine tehlike olu\u015fturabilecek her t\u00fcrl\u00fc risk, tehdit ve eyleme kar\u015f\u0131, uluslararas\u0131 hukuktan do\u011fan haklar do\u011frultusunda gerekli \u00f6nlemlerin al\u0131nmas\u0131n\u0131n, milli g\u00fcvenlik a\u00e7\u0131s\u0131ndan hayati \u00f6nem arz etti\u011fi belirtildi.<\/p>\n<p>Tezkerede, \u015funlar kaydedildi:<\/p>\n<p>&#8220;Ayr\u0131ca Birle\u015fmi\u015f Milletler G\u00fcvenlik Konseyinin, 2170 (2014), 2178 (2014), 2249 (2015) ve 2254 (2015) say\u0131l\u0131 kararlar\u0131yla, Irak ve Suriye&#8217;nin toprak b\u00fct\u00fcnl\u00fc\u011f\u00fcn\u00fcn ve ba\u011f\u0131ms\u0131zl\u0131\u011f\u0131n\u0131n teyit edilmi\u015f olmas\u0131n\u0131n ve yine 2170 (2014) say\u0131l\u0131 kararda bu \u00fclkelerdeki ter\u00f6r faaliyetlerinin k\u0131nanarak, DEA\u015e ve benzeri ter\u00f6r \u00f6rg\u00fctlerinin faaliyetlerine kar\u015f\u0131 Birle\u015fmi\u015f Milletler \u00fcyesi t\u00fcm \u00fclkelere 1373 (2001) say\u0131l\u0131 karar ve uluslararas\u0131 hukuk \u00e7er\u00e7evesindeki sorumluluklar\u0131na uygun \u015fekilde gerekli tedbirleri alma \u00e7a\u011fr\u0131s\u0131nda bulunulmu\u015f olmas\u0131n\u0131n \u0131\u015f\u0131\u011f\u0131nda, T\u00fcrkiye&#8217;nin DEA\u015e ve di\u011fer ter\u00f6r \u00f6rg\u00fctleriyle m\u00fccadele amac\u0131yla olu\u015fturulan uluslararas\u0131 koalisyon b\u00fcnyesinde i\u015ftirak etti\u011fi faaliyetlerin s\u00fcrd\u00fcr\u00fclmesi de \u00f6nem ta\u015f\u0131maktad\u0131r.<\/p>\n<p>T\u00fcrkiye&#8217;nin milli g\u00fcvenli\u011fine y\u00f6nelik ayr\u0131l\u0131k\u00e7\u0131 hareketler, ter\u00f6r tehdidi ve her t\u00fcrl\u00fc g\u00fcvenlik riskine kar\u015f\u0131 uluslararas\u0131 hukuk \u00e7er\u00e7evesinde gerekli her t\u00fcrl\u00fc tedbiri almak, Irak ve Suriye&#8217;deki t\u00fcm ter\u00f6r \u00f6rg\u00fctlerinden \u00fclkemize bundan sonra da y\u00f6nelebilecek sald\u0131r\u0131lar\u0131 bertaraf etmek ve kitlesel g\u00f6\u00e7 gibi di\u011fer muhtemel risklere kar\u015f\u0131 milli g\u00fcvenli\u011fimizin idame ettirilmesini sa\u011flamak, T\u00fcrkiye&#8217;nin g\u00fcney kara s\u0131n\u0131rlar\u0131na m\u00fccavir b\u00f6lgelerde ya\u015fanan ve hi\u00e7bir me\u015fruiyeti olmayan tek tarafl\u0131 b\u00f6l\u00fcc\u00fc giri\u015fimler ve bunlarla ilgili olabilecek geli\u015fmeler istikametinde T\u00fcrkiye&#8217;nin menfaatlerini etkili bir \u015fekilde korumak ve kollamak, geli\u015fmelerin seyrine g\u00f6re ileride telafisi g\u00fc\u00e7 bir durumla kar\u015f\u0131la\u015fmamak i\u00e7in s\u00fcratli ve dinamik bir politika izlenmesine yard\u0131mc\u0131 olmak \u00fczere hudut, \u015f\u00fcmul, miktar ve zaman\u0131 Cumhurba\u015fkan\u0131nca takdir ve tayin olunacak \u015fekilde, T\u00fcrk Silahl\u0131 Kuvvetlerinin gerekti\u011fi takdirde s\u0131n\u0131r \u00f6tesi harekat ve m\u00fcdahalede bulunmak \u00fczere yabanc\u0131 \u00fclkelere g\u00f6nderilmesi ve ayn\u0131 ama\u00e7lara matuf olmak \u00fczere yabanc\u0131 silahl\u0131 kuvvetlerin T\u00fcrkiye&#8217;de bulunmas\u0131, bu kuvvetlerin Cumhurba\u015fkan\u0131n\u0131n belirleyece\u011fi esaslara g\u00f6re kullan\u0131lmas\u0131 ile risk ve tehditlerin giderilebilmesi i\u00e7in her t\u00fcrl\u00fc tedbirin al\u0131nmas\u0131 ve bunlara imkan sa\u011flayacak d\u00fczenlemelerin Cumhurba\u015fkan\u0131 taraf\u0131ndan belirlenecek esaslara g\u00f6re yap\u0131lmas\u0131 i\u00e7in 02.10.2014 tarihli ve 1071 say\u0131l\u0131 TBMM karar\u0131 ile verilen ve son olarak 26.10.2021 tarihli ve 1310 say\u0131l\u0131 TBMM karar\u0131 ile 30.10.2023 tarihine kadar uzat\u0131lan iznin s\u00fcresinin, 30.10.2023 tarihinden itibaren iki y\u0131l uzat\u0131lmas\u0131 hususunda gere\u011fini Anayasa&#8217;n\u0131n 92&#8217;nci maddesi uyar\u0131nca bilgilerinize sunar\u0131m.&#8221;<\/p>\n<p>                            <span class=\"detay-foto-editor\">&#13;<br \/>\n                                <a href=\"https:\/\/www.aa.com.tr\/tr\/p\/abonelik-talep-formu\/1001\" target=\"_blank\" style=\"font-size:12px; color:#444; text-decoration:none;\" rel=\"noopener\">&#13;<br \/>\n                                    Anadolu Ajans\u0131 web sitesinde, AA Haber Ak\u0131\u015f Sistemi (HAS) \u00fczerinden abonelere sunulan haberler, \u00f6zetlenerek yay\u0131mlanmaktad\u0131r. <b style=\"color:#1897F7\">Abonelik i\u00e7in l\u00fctfen ileti\u015fime ge\u00e7iniz.<\/b>&#13;<br \/>\n                                <\/a>&#13;<br \/>\n                            <\/span>\n                        <\/div>\n<p><script>\n\t  window.fbAsyncInit = function() {\n\t\tFB.init({\n\t\t  appId: '1855843514662870',\n\t\t  status : true, \/\/ check login status\n\t\t  cookie : true, \/\/ enable cookies to allow the server to access the session\n\t\t  xfbml  : true  \/\/ parse XFBML\n\t\t});\n\t  };<\/p>\n<p>\t  (function() {\n\t\tvar e = document.createElement('script');\n\t\te.src=\"https:\/\/connect.facebook.net\/tr_TR\/all.js\";\n\t\te.async = true;\n\t\tdocument.getElementById('fb-root').appendChild(e);\n\t  }());\n    <\/script><\/p>\n","protected":false},"excerpt":{"rendered":"<p>Cumhurba\u015fkan\u0131 Recep Tayyip Erdo\u011fan&#8217;\u0131n imzas\u0131yla g\u00f6nderilen tezkerede, T\u00fcrkiye&#8217;nin g\u00fcney kara s\u0131n\u0131rlar\u0131na m\u00fccavir b\u00f6lgelerde ya\u015fanan geli\u015fmeler ve s\u00fcregiden \u00e7at\u0131\u015fma ortam\u0131n\u0131n, milli g\u00fcvenlik a\u00e7\u0131s\u0131ndan ta\u015f\u0131d\u0131\u011f\u0131 risk ve tehditlerin artarak devam etti\u011fi vurguland\u0131. T\u00fcrkiye&#8217;nin, kom\u015fusu Irak&#8217;\u0131n toprak b\u00fct\u00fcnl\u00fc\u011f\u00fcn\u00fcn, milli birli\u011finin ve istikrar\u0131n\u0131n korunmas\u0131na b\u00fcy\u00fck \u00f6nem atfetti\u011fine dikkatin \u00e7ekildi\u011fi tezkerede, &#8220;Di\u011fer taraftan Irak&#8217;ta PKK ve DEA\u015e unsurlar\u0131n\u0131n varl\u0131\u011f\u0131n\u0131 s\u00fcrd\u00fcrmesi, [&hellip;]<\/p>\n","protected":false},"author":1,"featured_media":18066,"comment_status":"","ping_status":"","sticky":false,"template":"","format":"standard","meta":[],"categories":[47],"tags":[],"_links":{"self":[{"href":"https:\/\/kraios.app\/news\/wp-json\/wp\/v2\/posts\/18065"}],"collection":[{"href":"https:\/\/kraios.app\/news\/wp-json\/wp\/v2\/posts"}],"about":[{"href":"https:\/\/kraios.app\/news\/wp-json\/wp\/v2\/types\/post"}],"author":[{"embeddable":true,"href":"https:\/\/kraios.app\/news\/wp-json\/wp\/v2\/users\/1"}],"replies":[{"embeddable":true,"href":"https:\/\/kraios.app\/news\/wp-json\/wp\/v2\/comments?post=18065"}],"version-history":[{"count":0,"href":"https:\/\/kraios.app\/news\/wp-json\/wp\/v2\/posts\/18065\/revisions"}],"wp:featuredmedia":[{"embeddable":true,"href":"https:\/\/kraios.app\/news\/wp-json\/wp\/v2\/media\/18066"}],"wp:attachment":[{"href":"https:\/\/kraios.app\/news\/wp-json\/wp\/v2\/media?parent=18065"}],"wp:term":[{"taxonomy":"category","embeddable":true,"href":"https:\/\/kraios.app\/news\/wp-json\/wp\/v2\/categories?post=18065"},{"taxonomy":"post_tag","embeddable":true,"href":"https:\/\/kraios.app\/news\/wp-json\/wp\/v2\/tags?post=18065"}],"curies":[{"name":"wp","href":"https:\/\/api.w.org\/{rel}","templated":true}]}}