{"id":18054,"date":"2023-10-17T16:48:56","date_gmt":"2023-10-17T16:48:56","guid":{"rendered":"https:\/\/kraios.app\/news\/siyaset\/2023\/10\/17\/cumhurbaskani-erdogan-vefatinin-5inci-yilinda-ara-guleri-andi\/"},"modified":"2023-10-17T16:48:56","modified_gmt":"2023-10-17T16:48:56","slug":"cumhurbaskani-erdogan-vefatinin-5inci-yilinda-ara-guleri-andi","status":"publish","type":"post","link":"https:\/\/kraios.app\/news\/siyaset\/2023\/10\/17\/cumhurbaskani-erdogan-vefatinin-5inci-yilinda-ara-guleri-andi\/","title":{"rendered":"Cumhurba\u015fkan\u0131 Erdo\u011fan, vefat\u0131n\u0131n 5&#039;inci y\u0131l\u0131nda Ara G\u00fcler&#039;i and\u0131"},"content":{"rendered":"<p>Cumhurba\u015fkan\u0131 Recep Tayyip Erdo\u011fan, \u00fcnl\u00fc foto\u011fraf sanat\u00e7\u0131s\u0131 Ara G\u00fcler&#8217;i vefat\u0131n\u0131n 5&#8217;inci y\u0131l\u0131nda and\u0131.<\/p>\n","protected":false},"excerpt":{"rendered":"<p>Cumhurba\u015fkan\u0131 Recep Tayyip Erdo\u011fan, \u00fcnl\u00fc foto\u011fraf sanat\u00e7\u0131s\u0131 Ara G\u00fcler&#8217;i vefat\u0131n\u0131n 5&#8217;inci y\u0131l\u0131nda and\u0131.<\/p>\n","protected":false},"author":1,"featured_media":18055,"comment_status":"","ping_status":"","sticky":false,"template":"","format":"standard","meta":[],"categories":[47],"tags":[],"_links":{"self":[{"href":"https:\/\/kraios.app\/news\/wp-json\/wp\/v2\/posts\/18054"}],"collection":[{"href":"https:\/\/kraios.app\/news\/wp-json\/wp\/v2\/posts"}],"about":[{"href":"https:\/\/kraios.app\/news\/wp-json\/wp\/v2\/types\/post"}],"author":[{"embeddable":true,"href":"https:\/\/kraios.app\/news\/wp-json\/wp\/v2\/users\/1"}],"replies":[{"embeddable":true,"href":"https:\/\/kraios.app\/news\/wp-json\/wp\/v2\/comments?post=18054"}],"version-history":[{"count":0,"href":"https:\/\/kraios.app\/news\/wp-json\/wp\/v2\/posts\/18054\/revisions"}],"wp:featuredmedia":[{"embeddable":true,"href":"https:\/\/kraios.app\/news\/wp-json\/wp\/v2\/media\/18055"}],"wp:attachment":[{"href":"https:\/\/kraios.app\/news\/wp-json\/wp\/v2\/media?parent=18054"}],"wp:term":[{"taxonomy":"category","embeddable":true,"href":"https:\/\/kraios.app\/news\/wp-json\/wp\/v2\/categories?post=18054"},{"taxonomy":"post_tag","embeddable":true,"href":"https:\/\/kraios.app\/news\/wp-json\/wp\/v2\/tags?post=18054"}],"curies":[{"name":"wp","href":"https:\/\/api.w.org\/{rel}","templated":true}]}}