{"id":18032,"date":"2023-10-17T14:26:28","date_gmt":"2023-10-17T14:26:28","guid":{"rendered":"https:\/\/kraios.app\/news\/siyaset\/2023\/10\/17\/su-anda-gazzeyle-ilgili-acil-olan-bir-an-evvel-ateskesin-saglanmasi\/"},"modified":"2023-10-17T14:26:28","modified_gmt":"2023-10-17T14:26:28","slug":"su-anda-gazzeyle-ilgili-acil-olan-bir-an-evvel-ateskesin-saglanmasi","status":"publish","type":"post","link":"https:\/\/kraios.app\/news\/siyaset\/2023\/10\/17\/su-anda-gazzeyle-ilgili-acil-olan-bir-an-evvel-ateskesin-saglanmasi\/","title":{"rendered":"\u015eu anda Gazze&#8217;yle ilgili acil olan, bir an evvel ate\u015fkesin sa\u011flanmas\u0131"},"content":{"rendered":"<p><\/p>\n<div>\n<p>TBMM Ba\u015fkan\u0131 Numan Kurtulmu\u015f, \u0130srail-Filistin \u00e7at\u0131\u015fmas\u0131n\u0131n siyasi \u00e7\u00f6z\u00fcm\u00fcyle ilgili ba\u015fka m\u00fczakereler yap\u0131labilece\u011fini belirterek, &#8220;Ama \u015fu anda Gazze&#8217;yle ilgili acil olan, bir an evvel ate\u015fkesin sa\u011flanmas\u0131, yani bir \u00f6l\u00fcm makinesi olarak \u00e7al\u0131\u015fan \u0130srail&#8217;in bu sald\u0131rgan siyasetinin durdurulmas\u0131 ve Gazze halk\u0131na acil insani yard\u0131mlar\u0131n behemehal ula\u015ft\u0131r\u0131lmas\u0131d\u0131r.&#8221; dedi.<\/p>\n<p>Kurtulmu\u015f, Zeytinburnu Kazl\u0131\u00e7e\u015fme Sanat&#8217;taki &#8220;Zeytinburnu Mozaik M\u00fczesi&#8221; ile &#8220;Fahreddin Pa\u015fa Medine M\u00fcdafii&#8221; sergisi ve Mozaik Kafe Restoran&#8217;\u0131n a\u00e7\u0131l\u0131\u015f t\u00f6reninin ard\u0131ndan gazetecilerin sorular\u0131n\u0131 yan\u0131tlad\u0131.<\/p>\n<p>\u0130srail&#8217;in Gazze&#8217;ye y\u00f6nelik sald\u0131r\u0131lar\u0131na ili\u015fkin de\u011ferlendirmesi ve T\u00fcrkiye&#8217;nin buradaki rol\u00fcn\u00fcn sorulmas\u0131 \u00fczerine Kurtulmu\u015f, insanl\u0131\u011f\u0131n \u00e7ok b\u00fcy\u00fck s\u0131namalar\u0131ndan birine \u015fahit olduklar\u0131n\u0131, \u0130srail&#8217;in 12 g\u00fcnd\u00fcr Gazze&#8217;yi ac\u0131mas\u0131zca bombalad\u0131\u011f\u0131n\u0131, 3 binin \u00fczerinde ki\u015finin vefat etti\u011fini s\u00f6yledi.<\/p>\n<p>B\u00f6lgede elektrik, su, yak\u0131t bulunmad\u0131\u011f\u0131n\u0131 ama b\u00fct\u00fcn bunlar\u0131n \u00f6tesinde Gazze&#8217;de s\u0131k\u0131\u015fm\u0131\u015f kalm\u0131\u015f 2 milyon insan\u0131n gelece\u011fe dair \u00fcmitlerinin olmad\u0131\u011f\u0131n\u0131 aktaran Kurtulmu\u015f, &#8220;Maalesef d\u00fcnyada baz\u0131 \u00fclkeler bu geli\u015fmeyi bir tiyatro izler gibi izliyorlar. Baz\u0131lar\u0131 tamam\u0131yla duyars\u0131z. \u0130\u015flenen a\u00e7\u0131k bir insanl\u0131k, sava\u015f su\u00e7udur. Sava\u015f\u0131n da bir ahlak\u0131 vard\u0131r. Bilerek, isteyerek, u\u00e7aklar\u0131 kald\u0131rarak, d\u00fcnyan\u0131n en a\u011f\u0131r bombalar\u0131n\u0131 kullanarak, yasa d\u0131\u015f\u0131 bombalar kullanarak; orada Gazze&#8217;deki 2 milyon insan zaten darac\u0131k bir alana s\u0131k\u0131\u015fm\u0131\u015f vaziyetteler, zaten fiilen bir a\u00e7\u0131k hava hapishanesinde ya\u015f\u0131yorlar; iyice ya\u015fam \u015fartlar\u0131 zorla\u015ft\u0131r\u0131lm\u0131\u015f, neredeyse imkans\u0131zla\u015ft\u0131r\u0131lm\u0131\u015ft\u0131r.&#8221; diye konu\u015ftu.<\/p>\n<h3>&#8220;B\u00fct\u00fcn milletleri sesimizi en y\u00fcksek seviyede \u00e7\u0131karmaya davet ediyoruz&#8221;<\/h3>\n<p>Kurtulmu\u015f, d\u00fcnyan\u0131n her yerinde bu su\u00e7a kar\u015f\u0131 \u00e7\u0131kan, vicdan sahibi, ak\u0131l ve ahlak sahibi insanlar\u0131n oldu\u011funu, bunlar\u0131n da seslerini y\u00fckseltmeye ba\u015flad\u0131klar\u0131n\u0131 g\u00f6rd\u00fcklerini ifade etti.<\/p>\n<p>Meselenin acil-insani ile siyasi olmak \u00fczere iki y\u00f6n\u00fc bulundu\u011funu aktaran Kurtulmu\u015f, \u015f\u00f6yle devam etti:<\/p>\n<p>&#8220;Siyasi \u00e7\u00f6z\u00fcm\u00fcyle ilgili ba\u015fka m\u00fczakereler yap\u0131labilir. Ama \u015fu anda Gazze&#8217;yle ilgili acil olan bir an evvel ate\u015fkesin sa\u011flanmas\u0131 yani bir \u00f6l\u00fcm makinesi olarak \u00e7al\u0131\u015fan \u0130srail&#8217;in bu sald\u0131rgan siyasetinin durdurulmas\u0131 ve Gazze halk\u0131na acil insani yard\u0131mlar\u0131n behemehal ula\u015ft\u0131r\u0131lmas\u0131d\u0131r. T\u00fcrkiye bu konuda hem ate\u015fkesin sa\u011flanmas\u0131 hem de acil yard\u0131mlar\u0131n ula\u015ft\u0131r\u0131lmas\u0131 i\u00e7in \u00fczerine d\u00fc\u015feni yapmaya gayret ediyor ve \u00fcmit ediyoruz ki \u00e7ok k\u0131sa bir s\u00fcre i\u00e7erisinde daha b\u00fcy\u00fck trajediler ya\u015fanmamas\u0131 i\u00e7in bu konuda ad\u0131m at\u0131l\u0131r. Hakkaniyetten, adaletten yana olan, vicdan sahibi b\u00fct\u00fcn milletleri, insanlar\u0131, siyaset mercilerini sesimizi en y\u00fcksek seviyede \u00e7\u0131karmaya davet ediyoruz. Nas\u0131l Ukrayna-Rusya sava\u015f\u0131nda sivil kay\u0131plar\u0131n ortadan kald\u0131r\u0131lmas\u0131 i\u00e7in sonuna kadar m\u00fccadele ettiysek ve etmeye devam ediyorsak, burada da T\u00fcrkiye olarak onun bunun gemisine binmeden, kendi milli menfaatlerimiz ve insanl\u0131k istikametinde Gazze halk\u0131n\u0131n ya\u015fad\u0131\u011f\u0131 bu s\u0131k\u0131nt\u0131lar\u0131n in\u015fallah atlat\u0131lmas\u0131 i\u00e7in elimizden geleni ortaya koyuyoruz.&#8221;<\/p>\n<h3>\u0130srail-Filistin bar\u0131\u015f\u0131n\u0131n sa\u011flanmas\u0131 i\u00e7in \u00e7\u00f6z\u00fclmesi gereken \u00fc\u00e7 konu<\/h3>\n<p>TBMM Ba\u015fkan\u0131 Kurtulmu\u015f, \u00fc\u00e7 konu \u00e7\u00f6z\u00fclmeden Orta Do\u011fu&#8217;da bir \u0130srail-Filistin bar\u0131\u015f\u0131n\u0131n sa\u011flanmas\u0131n\u0131n imkans\u0131z oldu\u011funa dikkati \u00e7ekerek, \u015funlar\u0131 kaydetti:<\/p>\n<p>&#8220;Birincisi 1967 s\u0131n\u0131rlar\u0131nda, ba\u015fkenti Do\u011fu Kud\u00fcs olan tam manas\u0131yla ba\u011f\u0131ms\u0131z, m\u00fcstakil, egemen bir Filistin devletinin kurulmas\u0131d\u0131r. Yani mahalle mahalle b\u00f6l\u00fcnm\u00fc\u015f ve birbirinden uzakla\u015ft\u0131r\u0131lm\u0131\u015f kopuk bir Filistin de\u011fil, b\u00fct\u00fcnle\u015fik bir Filistin&#8217;in ortaya konulmas\u0131d\u0131r. \u0130kincisi Mescid-i Aksa ba\u015fta olmak \u00fczere b\u00fct\u00fcn kutsal mekanlar\u0131n masuniyetinin sa\u011flanmas\u0131, yani oradaki inan\u00e7lara sayg\u0131n\u0131n en kamil manada sa\u011flanmas\u0131d\u0131r. \u00dc\u00e7\u00fcnc\u00fcs\u00fc ise Birle\u015fmi\u015f Milletlerin onlarca karar\u0131na ra\u011fmen Filistinlilerin evlerinden, i\u015f yerlerinden, k\u00f6ylerinden, \u015fehirlerinden onlar\u0131 tehcir eden Yahudi yerle\u015fimciler meselesine son verilmesidir. Yani insanlar\u0131n evleri, i\u015f yerleri ellerinden al\u0131nm\u0131\u015ft\u0131r.&#8221;<\/p>\n<p>B\u00f6yle bir haks\u0131zl\u0131\u011f\u0131n s\u00fcrd\u00fcr\u00fclemeyece\u011fini vurgulayan Kurtulmu\u015f, &#8220;B\u00f6yle bir haks\u0131zl\u0131k ortadayken de zaten bar\u0131\u015f konu\u015fulamaz. Bu \u00fc\u00e7 temel meseleyi de T\u00fcrkiye olarak Orta Do\u011fu&#8217;daki bar\u0131\u015f s\u00fcrecinin temel ana ekseni olarak g\u00f6r\u00fcyoruz ve her platformda dile getiriyoruz. \u00dcmit ediyoruz ki T\u00fcrkiye&#8217;nin \u00e7abalar\u0131 sonu\u00e7 verir ve b\u00f6lgede hi\u00e7 olmazsa \u00f6nce bir ate\u015fkes, e\u015f zamanl\u0131 olarak yaral\u0131lar\u0131n oradan tahliyesi ba\u015fta olmak \u00fczere, \u00e7ocuklar\u0131n tahliyesi olmak \u00fczere orada, Gazze&#8217;de insani durumun iyile\u015ftirilmesi sa\u011flan\u0131r.&#8221; de\u011ferlendirmesinde bulundu.<\/p>\n<p>T\u00fcrk milleti olarak \u00f6teden beri oldu\u011fu gibi Filistin halk\u0131n\u0131n yan\u0131nda olduklar\u0131n\u0131 vurgulayan Kurtulmu\u015f, Orta Do\u011fu&#8217;da bar\u0131\u015ftan yana olduklar\u0131n\u0131 s\u00f6yledi.<\/p>\n<p>Zorlamayla bir \u015fekilde sonu\u00e7 al\u0131namayaca\u011f\u0131n\u0131 bildiklerini kaydeden Kurtulmu\u015f, burada insani kay\u0131plar\u0131n ortadan kald\u0131r\u0131lmas\u0131 i\u00e7in olmazsa olmaz \u015fart\u0131n iki devletli bir \u00e7\u00f6z\u00fcm temelinde yeni bir Orta Do\u011fu&#8217;nun in\u015fa edilmesi oldu\u011funun alt\u0131n\u0131 \u00e7izdi.<\/p>\n<p>                            <span class=\"detay-foto-editor\">&#13;<br \/>\n                                <a href=\"https:\/\/www.aa.com.tr\/tr\/p\/abonelik-talep-formu\/1001\" target=\"_blank\" style=\"font-size:12px; color:#444; text-decoration:none;\" rel=\"noopener\">&#13;<br \/>\n                                    Anadolu Ajans\u0131 web sitesinde, AA Haber Ak\u0131\u015f Sistemi (HAS) \u00fczerinden abonelere sunulan haberler, \u00f6zetlenerek yay\u0131mlanmaktad\u0131r. <b style=\"color:#1897F7\">Abonelik i\u00e7in l\u00fctfen ileti\u015fime ge\u00e7iniz.<\/b>&#13;<br \/>\n                                <\/a>&#13;<br \/>\n                            <\/span>\n                        <\/div>\n<p><script>\n\t  window.fbAsyncInit = function() {\n\t\tFB.init({\n\t\t  appId: '1855843514662870',\n\t\t  status : true, \/\/ check login status\n\t\t  cookie : true, \/\/ enable cookies to allow the server to access the session\n\t\t  xfbml  : true  \/\/ parse XFBML\n\t\t});\n\t  };<\/p>\n<p>\t  (function() {\n\t\tvar e = document.createElement('script');\n\t\te.src=\"https:\/\/connect.facebook.net\/tr_TR\/all.js\";\n\t\te.async = true;\n\t\tdocument.getElementById('fb-root').appendChild(e);\n\t  }());\n    <\/script><\/p>\n","protected":false},"excerpt":{"rendered":"<p>TBMM Ba\u015fkan\u0131 Numan Kurtulmu\u015f, \u0130srail-Filistin \u00e7at\u0131\u015fmas\u0131n\u0131n siyasi \u00e7\u00f6z\u00fcm\u00fcyle ilgili ba\u015fka m\u00fczakereler yap\u0131labilece\u011fini belirterek, &#8220;Ama \u015fu anda Gazze&#8217;yle ilgili acil olan, bir an evvel ate\u015fkesin sa\u011flanmas\u0131, yani bir \u00f6l\u00fcm makinesi olarak \u00e7al\u0131\u015fan \u0130srail&#8217;in bu sald\u0131rgan siyasetinin durdurulmas\u0131 ve Gazze halk\u0131na acil insani yard\u0131mlar\u0131n behemehal ula\u015ft\u0131r\u0131lmas\u0131d\u0131r.&#8221; dedi. Kurtulmu\u015f, Zeytinburnu Kazl\u0131\u00e7e\u015fme Sanat&#8217;taki &#8220;Zeytinburnu Mozaik M\u00fczesi&#8221; ile &#8220;Fahreddin Pa\u015fa [&hellip;]<\/p>\n","protected":false},"author":1,"featured_media":18033,"comment_status":"","ping_status":"","sticky":false,"template":"","format":"standard","meta":[],"categories":[47],"tags":[],"_links":{"self":[{"href":"https:\/\/kraios.app\/news\/wp-json\/wp\/v2\/posts\/18032"}],"collection":[{"href":"https:\/\/kraios.app\/news\/wp-json\/wp\/v2\/posts"}],"about":[{"href":"https:\/\/kraios.app\/news\/wp-json\/wp\/v2\/types\/post"}],"author":[{"embeddable":true,"href":"https:\/\/kraios.app\/news\/wp-json\/wp\/v2\/users\/1"}],"replies":[{"embeddable":true,"href":"https:\/\/kraios.app\/news\/wp-json\/wp\/v2\/comments?post=18032"}],"version-history":[{"count":0,"href":"https:\/\/kraios.app\/news\/wp-json\/wp\/v2\/posts\/18032\/revisions"}],"wp:featuredmedia":[{"embeddable":true,"href":"https:\/\/kraios.app\/news\/wp-json\/wp\/v2\/media\/18033"}],"wp:attachment":[{"href":"https:\/\/kraios.app\/news\/wp-json\/wp\/v2\/media?parent=18032"}],"wp:term":[{"taxonomy":"category","embeddable":true,"href":"https:\/\/kraios.app\/news\/wp-json\/wp\/v2\/categories?post=18032"},{"taxonomy":"post_tag","embeddable":true,"href":"https:\/\/kraios.app\/news\/wp-json\/wp\/v2\/tags?post=18032"}],"curies":[{"name":"wp","href":"https:\/\/api.w.org\/{rel}","templated":true}]}}