{"id":18009,"date":"2023-10-17T13:12:23","date_gmt":"2023-10-17T13:12:23","guid":{"rendered":"https:\/\/kraios.app\/news\/siyaset\/2023\/10\/17\/disisleri-bakani-fidan-lubnan-basbakani-mikati-ile-gorustu\/"},"modified":"2023-10-17T13:12:23","modified_gmt":"2023-10-17T13:12:23","slug":"disisleri-bakani-fidan-lubnan-basbakani-mikati-ile-gorustu","status":"publish","type":"post","link":"https:\/\/kraios.app\/news\/siyaset\/2023\/10\/17\/disisleri-bakani-fidan-lubnan-basbakani-mikati-ile-gorustu\/","title":{"rendered":"D\u0131\u015fi\u015fleri Bakan\u0131 Fidan, L\u00fcbnan Ba\u015fbakan\u0131 Mikati ile g\u00f6r\u00fc\u015ft\u00fc"},"content":{"rendered":"<p>D\u0131\u015fi\u015fleri Bakan\u0131 Hakan Fidan, Beyrut&#8217;ta L\u00fcbnan Ba\u015fbakan\u0131 Necib Mikati taraf\u0131ndan kabul edildi.<\/p>\n","protected":false},"excerpt":{"rendered":"<p>D\u0131\u015fi\u015fleri Bakan\u0131 Hakan Fidan, Beyrut&#8217;ta L\u00fcbnan Ba\u015fbakan\u0131 Necib Mikati taraf\u0131ndan kabul edildi.<\/p>\n","protected":false},"author":1,"featured_media":18010,"comment_status":"","ping_status":"","sticky":false,"template":"","format":"standard","meta":[],"categories":[47],"tags":[],"_links":{"self":[{"href":"https:\/\/kraios.app\/news\/wp-json\/wp\/v2\/posts\/18009"}],"collection":[{"href":"https:\/\/kraios.app\/news\/wp-json\/wp\/v2\/posts"}],"about":[{"href":"https:\/\/kraios.app\/news\/wp-json\/wp\/v2\/types\/post"}],"author":[{"embeddable":true,"href":"https:\/\/kraios.app\/news\/wp-json\/wp\/v2\/users\/1"}],"replies":[{"embeddable":true,"href":"https:\/\/kraios.app\/news\/wp-json\/wp\/v2\/comments?post=18009"}],"version-history":[{"count":0,"href":"https:\/\/kraios.app\/news\/wp-json\/wp\/v2\/posts\/18009\/revisions"}],"wp:featuredmedia":[{"embeddable":true,"href":"https:\/\/kraios.app\/news\/wp-json\/wp\/v2\/media\/18010"}],"wp:attachment":[{"href":"https:\/\/kraios.app\/news\/wp-json\/wp\/v2\/media?parent=18009"}],"wp:term":[{"taxonomy":"category","embeddable":true,"href":"https:\/\/kraios.app\/news\/wp-json\/wp\/v2\/categories?post=18009"},{"taxonomy":"post_tag","embeddable":true,"href":"https:\/\/kraios.app\/news\/wp-json\/wp\/v2\/tags?post=18009"}],"curies":[{"name":"wp","href":"https:\/\/api.w.org\/{rel}","templated":true}]}}