{"id":17973,"date":"2023-10-17T10:22:06","date_gmt":"2023-10-17T10:22:06","guid":{"rendered":"https:\/\/kraios.app\/news\/siyaset\/2023\/10\/17\/sanmasinlar-sadece-kudus-sadece-gazze-islamdir-buralarin-dagi-islamdir-tasi-islamdir\/"},"modified":"2023-10-17T10:22:06","modified_gmt":"2023-10-17T10:22:06","slug":"sanmasinlar-sadece-kudus-sadece-gazze-islamdir-buralarin-dagi-islamdir-tasi-islamdir","status":"publish","type":"post","link":"https:\/\/kraios.app\/news\/siyaset\/2023\/10\/17\/sanmasinlar-sadece-kudus-sadece-gazze-islamdir-buralarin-dagi-islamdir-tasi-islamdir\/","title":{"rendered":"Sanmas\u0131nlar sadece Kud\u00fcs, sadece Gazze \u0130slam&#8217;d\u0131r, buralar\u0131n da\u011f\u0131 \u0130slam&#8217;d\u0131r, ta\u015f\u0131 \u0130slam&#8217;d\u0131r"},"content":{"rendered":"<p><\/p>\n<div>\n<p>Bah\u00e7eli, MHP TBMM Grup Toplant\u0131s\u0131&#8217;nda yapt\u0131\u011f\u0131 konu\u015fmada, \u00f6nlerinde iki siyasi olay\u0131n bulundu\u011funu, bunlard\u0131n birinin 17 Mart 2024&#8217;te ger\u00e7ekle\u015fecek 14. Ola\u011fan B\u00fcy\u00fck Kurultay&#8217;lar\u0131, di\u011ferinin de 31 Mart 2024 tarihinde yap\u0131lacak mahalli idareler se\u00e7imi olaca\u011f\u0131n\u0131 dile getirdi.<\/p>\n<p>B\u00fcy\u00fck kurultaylar\u0131n\u0131n demokratik ve hukuki \u00e7at\u0131s\u0131n\u0131n, il\u00e7e ve il kongrelerinin tamamlanmas\u0131yla \u00f6r\u00fcld\u00fc\u011f\u00fcn\u00fc anlatan Bah\u00e7eli, &#8220;Bu kapsamda 9 A\u011fustos 2023 tarihinde ba\u015flayan kongre s\u00fcrecimiz, B\u00fcy\u00fck Kurultay\u0131m\u0131zla ta\u00e7lanacak ve noktalanacakt\u0131r. \u00c7ok \u015f\u00fck\u00fcr il\u00e7e ve il kongrelerimiz ba\u015far\u0131yla, sa\u011fduyuyla, heyecanla ve y\u00fcksek kat\u0131l\u0131m e\u015fli\u011finde tezah\u00fcr etmi\u015f, s\u0131ray\u0131 da b\u00fcy\u00fck kurultay\u0131m\u0131z alm\u0131\u015ft\u0131r.&#8221; diye konu\u015ftu.<\/p>\n<p>Se\u00e7ilen il ve il\u00e7e ba\u015fkanlar\u0131 ile y\u00f6netim kurullar\u0131nda g\u00f6rev alacaklar\u0131 da kutlayan Bah\u00e7eli, s\u00f6zlerini \u015f\u00f6yle s\u00fcrd\u00fcrd\u00fc:<\/p>\n<p>&#8220;Biz siyaseti yapt\u0131k m\u0131 adam gibi yapar\u0131z, \u015fevkle yapar\u0131z, co\u015fkuyla yapar\u0131z, el ele yapar\u0131z, omuz omuza yapar\u0131z, her birimiz bayrak olur, vatan olur, birbirimizin kefili ve can beraberi oluruz. Dava arkada\u015fl\u0131\u011f\u0131nda kader de payla\u015f\u0131l\u0131r, keder de payla\u015f\u0131l\u0131r, kefen de payla\u015f\u0131l\u0131r. Bizim m\u00fccadelemizde cesaret vard\u0131r, mertlik vard\u0131r, millete sevda vard\u0131r, d\u00fcr\u00fcstl\u00fck vard\u0131r, sayg\u0131 ve sevgi esast\u0131r. Ba\u015fkalar\u0131 gibi \u00e7\u0131karlar\u0131n pe\u015finde, siyasi h\u0131rslar\u0131n izinde ko\u015fmad\u0131k, ko\u015fmay\u0131z, mesele T\u00fcrkiye ve T\u00fcrk milleti oldu mu hi\u00e7bir \u015fey de s\u0131n\u0131r tan\u0131may\u0131z.&#8221;<\/p>\n<p>Yerel se\u00e7imler i\u00e7in haz\u0131rl\u0131klar\u0131n s\u00fcrd\u00fc\u011f\u00fcn\u00fc dile getiren ve program hakk\u0131nda bilgi veren Bah\u00e7eli, Cumhur \u0130ttifak\u0131 olarak, Cumhuriyet&#8217;in yeni y\u00fcz y\u0131l\u0131nda, T\u00fcrkiye Cumhuriyeti&#8217;ni \u00e7a\u011f\u0131n \u00fczerine s\u0131\u00e7ratacaklar\u0131n\u0131 belirtti.<\/p>\n<p>MHP ve Cumhur \u0130ttifak\u0131 olarak vatanda\u015fla i\u00e7 i\u00e7e, yan yana ve ayn\u0131 istikamette olduklar\u0131n\u0131 vurgulayan Bah\u00e7eli, &#8220;Hayat\u0131n her an\u0131nda insan\u0131m\u0131zla bulu\u015fuyoruz, h\u0131yanet, hamakat ve hamaseti, birlik ve beraberlik ruhuyla buru\u015fturup at\u0131yoruz. Biz, bir insan\u0131n kaftan\u0131na de\u011fil, kafas\u0131n\u0131n i\u00e7ine, kalbinin nas\u0131l att\u0131\u011f\u0131na bak\u0131yoruz. Biz, r\u00fctbeye, unvana, \u015f\u00f6hrete de\u011fil; adam m\u0131 de\u011fil mi ona dikkat ediyoruz.&#8221; ifadesini kulland\u0131.<\/p>\n<h3>\u0130srail&#8217;in Gazze&#8217;ye sald\u0131r\u0131lar\u0131<\/h3>\n<p>Bah\u00e7eli, baz\u0131 siyaset\u00e7i ve i\u015f insanlar\u0131yla 1972&#8217;de \u0130srail&#8217;e giden bir gazetecinin Mescid-i Aksa&#8217;da rastlad\u0131\u011f\u0131 ve orada n\u00f6bet tutan I\u011fd\u0131rl\u0131 Osmanl\u0131 askeri Onba\u015f\u0131 Hasan&#8217;\u0131 anlatt\u0131\u011f\u0131 konu\u015fmas\u0131nda, Mescid-i Aksa&#8217;y\u0131 bekleyen, h\u00fcrmet ve hayranl\u0131kla and\u0131klar\u0131 Hasan Onba\u015f\u0131&#8217;n\u0131n 1982&#8217;de hayata g\u00f6zlerini yumdu\u011funu hat\u0131rlatt\u0131.<\/p>\n<p>Hasan Onba\u015f\u0131 hayata g\u00f6zlerini yumsa da &#8220;kapal\u0131 g\u00f6zleri a\u00e7t\u0131\u011f\u0131n\u0131&#8221; ifade eden Bah\u00e7eli, &#8220;Bug\u00fcn ise n\u00f6bet manen ve g\u0131yaben bizlerdedir. \u0130\u015fte Kud\u00fcs bizim i\u00e7in budur, i\u015fte Mescid-i Aksa&#8217;ya bak\u0131\u015f\u0131m\u0131z ayn\u0131s\u0131yla b\u00f6yledir.&#8221; de\u011ferlendirmesinde bulundu.<\/p>\n<p>\u015eair Mehmet Akif \u0130nan&#8217;\u0131n &#8220;Mecsid-i Aksa&#8221; \u015fiirinden iki d\u00f6rtl\u00fck okuyan Bah\u00e7eli, devam\u0131nda \u015funlar\u0131 kaydetti:<\/p>\n<p>&#8220;400 y\u0131l\u0131 a\u015fan bir s\u00fcre hakimiyetimiz alt\u0131nda adalet, hakkaniyet, \u015fefkat, ho\u015fg\u00f6r\u00fc ve huzurla y\u00f6netilen Harem-i \u015eerifimizin kalpgah\u0131 Kud\u00fcs, 9 Aral\u0131k 1917&#8217;de \u0130ngilizler taraf\u0131ndan i\u015fgal edilmi\u015fti. O g\u00fcn bug\u00fcnd\u00fcr Kud\u00fcs a\u011fl\u0131yor, Gazze a\u011fl\u0131yor, samimi M\u00fcsl\u00fcmanlar feryat figan ediyor. O g\u00fcnden beri mabetlerimizin kan\u0131 \u00e7ekiliyor, ah\u0131 y\u00fckseliyor, mazlumlar\u0131n g\u00f6z p\u0131narlar\u0131ndan sicim gibi ya\u015flar ak\u0131yor. Harem-i \u015eerif&#8217;in i\u00e7inde yer alan Mescid-i Aksa bu y\u00fczden h\u00fcz\u00fcnl\u00fc, Kubbet\u00fcs Sahra bu nedenle mahzun, Filistinli karde\u015flerimiz bu sebeple gariptir. Kud\u00fcs \u0130slam&#8217;d\u0131r ve ayn\u0131 zamanda T\u00fcrkl\u00fc\u011f\u00fcn derin izlerini ta\u015f\u0131maktad\u0131r. Merhum Falih R\u0131fk\u0131 Atay&#8217;\u0131n me\u015fhur eserinde anlat\u0131lan Zeytinda\u011f\u0131, Kud\u00fcs&#8217;tedir. Kud\u00fcs, mukaddesat\u0131m\u0131z\u0131n namus kilididir. &#8216;Gitti&#8217; demekle gitmez, &#8216;d\u00fc\u015ft\u00fc&#8217; demekle d\u00fc\u015fmez, &#8216;\u0130srail&#8217;in&#8217; demekle bu tart\u0131 bu s\u0131kleti \u00e7ekmez, \u00e7ekemez, \u00e7ekmeyecektir. Sanmas\u0131nlar sadece Kud\u00fcs, sadece Gazze \u0130slam&#8217;d\u0131r, buralar\u0131n da\u011f\u0131 \u0130slam&#8217;d\u0131r, ta\u015f\u0131 \u0130slam&#8217;d\u0131r, ku\u015fu \u0130slam&#8217;d\u0131r, kurdu \u0130slam&#8217;d\u0131r, havas\u0131 \u0130slam&#8217;d\u0131r, topra\u011f\u0131 \u0130slam&#8217;d\u0131r ve koruyucusu Allah&#8217;t\u0131r.&#8221;<\/p>\n<p>                            <span class=\"detay-foto-editor\">&#13;<br \/>\n                                <a href=\"https:\/\/www.aa.com.tr\/tr\/p\/abonelik-talep-formu\/1001\" target=\"_blank\" style=\"font-size:12px; color:#444; text-decoration:none;\" rel=\"noopener\">&#13;<br \/>\n                                    Anadolu Ajans\u0131 web sitesinde, AA Haber Ak\u0131\u015f Sistemi (HAS) \u00fczerinden abonelere sunulan haberler, \u00f6zetlenerek yay\u0131mlanmaktad\u0131r. <b style=\"color:#1897F7\">Abonelik i\u00e7in l\u00fctfen ileti\u015fime ge\u00e7iniz.<\/b>&#13;<br \/>\n                                <\/a>&#13;<br \/>\n                            <\/span>\n                        <\/div>\n<p><script>\n\t  window.fbAsyncInit = function() {\n\t\tFB.init({\n\t\t  appId: '1855843514662870',\n\t\t  status : true, \/\/ check login status\n\t\t  cookie : true, \/\/ enable cookies to allow the server to access the session\n\t\t  xfbml  : true  \/\/ parse XFBML\n\t\t});\n\t  };<\/p>\n<p>\t  (function() {\n\t\tvar e = document.createElement('script');\n\t\te.src=\"https:\/\/connect.facebook.net\/tr_TR\/all.js\";\n\t\te.async = true;\n\t\tdocument.getElementById('fb-root').appendChild(e);\n\t  }());\n    <\/script><\/p>\n","protected":false},"excerpt":{"rendered":"<p>Bah\u00e7eli, MHP TBMM Grup Toplant\u0131s\u0131&#8217;nda yapt\u0131\u011f\u0131 konu\u015fmada, \u00f6nlerinde iki siyasi olay\u0131n bulundu\u011funu, bunlard\u0131n birinin 17 Mart 2024&#8217;te ger\u00e7ekle\u015fecek 14. Ola\u011fan B\u00fcy\u00fck Kurultay&#8217;lar\u0131, di\u011ferinin de 31 Mart 2024 tarihinde yap\u0131lacak mahalli idareler se\u00e7imi olaca\u011f\u0131n\u0131 dile getirdi. B\u00fcy\u00fck kurultaylar\u0131n\u0131n demokratik ve hukuki \u00e7at\u0131s\u0131n\u0131n, il\u00e7e ve il kongrelerinin tamamlanmas\u0131yla \u00f6r\u00fcld\u00fc\u011f\u00fcn\u00fc anlatan Bah\u00e7eli, &#8220;Bu kapsamda 9 A\u011fustos 2023 tarihinde [&hellip;]<\/p>\n","protected":false},"author":1,"featured_media":17974,"comment_status":"","ping_status":"","sticky":false,"template":"","format":"standard","meta":[],"categories":[47],"tags":[],"_links":{"self":[{"href":"https:\/\/kraios.app\/news\/wp-json\/wp\/v2\/posts\/17973"}],"collection":[{"href":"https:\/\/kraios.app\/news\/wp-json\/wp\/v2\/posts"}],"about":[{"href":"https:\/\/kraios.app\/news\/wp-json\/wp\/v2\/types\/post"}],"author":[{"embeddable":true,"href":"https:\/\/kraios.app\/news\/wp-json\/wp\/v2\/users\/1"}],"replies":[{"embeddable":true,"href":"https:\/\/kraios.app\/news\/wp-json\/wp\/v2\/comments?post=17973"}],"version-history":[{"count":0,"href":"https:\/\/kraios.app\/news\/wp-json\/wp\/v2\/posts\/17973\/revisions"}],"wp:featuredmedia":[{"embeddable":true,"href":"https:\/\/kraios.app\/news\/wp-json\/wp\/v2\/media\/17974"}],"wp:attachment":[{"href":"https:\/\/kraios.app\/news\/wp-json\/wp\/v2\/media?parent=17973"}],"wp:term":[{"taxonomy":"category","embeddable":true,"href":"https:\/\/kraios.app\/news\/wp-json\/wp\/v2\/categories?post=17973"},{"taxonomy":"post_tag","embeddable":true,"href":"https:\/\/kraios.app\/news\/wp-json\/wp\/v2\/tags?post=17973"}],"curies":[{"name":"wp","href":"https:\/\/api.w.org\/{rel}","templated":true}]}}