{"id":17825,"date":"2023-10-16T17:10:31","date_gmt":"2023-10-16T17:10:31","guid":{"rendered":"https:\/\/kraios.app\/news\/siyaset\/2023\/10\/16\/toprak-butunlugu-temin-edilmis-filistin-orta-dogu-barisinin-en-temel-sartlarindandir\/"},"modified":"2023-10-16T17:10:31","modified_gmt":"2023-10-16T17:10:31","slug":"toprak-butunlugu-temin-edilmis-filistin-orta-dogu-barisinin-en-temel-sartlarindandir","status":"publish","type":"post","link":"https:\/\/kraios.app\/news\/siyaset\/2023\/10\/16\/toprak-butunlugu-temin-edilmis-filistin-orta-dogu-barisinin-en-temel-sartlarindandir\/","title":{"rendered":"Toprak b\u00fct\u00fcnl\u00fc\u011f\u00fc temin edilmi\u015f Filistin, Orta Do\u011fu bar\u0131\u015f\u0131n\u0131n en temel \u015fartlar\u0131ndand\u0131r"},"content":{"rendered":"<p><\/p>\n<div>\n<p>Kurtulmu\u015f, \u0130slam \u0130\u015fbirli\u011fi Te\u015fkilat\u0131 Parlamento Birli\u011finin (\u0130S\u0130PAB) Filistin&#8217;deki geli\u015fmelere ili\u015fkin ger\u00e7ekle\u015ftirdi\u011fi \u00e7evrim i\u00e7i toplant\u0131ya kat\u0131ld\u0131.<\/p>\n<p>Toplant\u0131da yapt\u0131\u011f\u0131 konu\u015fmada Kurtulmu\u015f, Filistin&#8217;deki insani krizin \u00e7\u00f6z\u00fclebilmesi i\u00e7in acil ate\u015fkesin sa\u011flanmas\u0131n\u0131n ve Gazze&#8217;de ya\u015fayan masum ve mazlumlara insani destek ula\u015ft\u0131r\u0131lmas\u0131n\u0131n tarihi bir sorumluluk oldu\u011funu belirtti. Kurtulmu\u015f, bunun insanl\u0131\u011f\u0131n \u00fczerine b\u00fcy\u00fck bir vecibe oldu\u011funu, \u00f6zellikle M\u00fcsl\u00fcman \u00fclkelerin halklar\u0131 ve y\u00f6neticilerinin \u00fczerinde ise eksik b\u0131rakmamas\u0131 gereken tarihi bir sorumluluk oldu\u011funu vurgulad\u0131.<\/p>\n<p>Kurtulmu\u015f, T\u00fcrkiye olarak ate\u015fkes sa\u011flanmas\u0131 ve insani yard\u0131mlar\u0131n temin edilmesi i\u00e7in b\u00fcy\u00fck bir gayretle m\u00fccadele ettiklerini bildirerek, insani yard\u0131mlar\u0131n Gazze&#8217;ye ula\u015fmas\u0131na i\u015fgal rejiminin m\u00fcsaade etmedi\u011fini, uluslararas\u0131 camian\u0131n da bu trajediye kar\u015f\u0131 sessiz kalmay\u0131 s\u00fcrd\u00fcrd\u00fc\u011f\u00fcn\u00fc dile getirdi.<\/p>\n<p>\u0130nsani krizin k\u0131sa vadede \u00e7\u00f6z\u00fclmesine odaklan\u0131rken uzun vadede ise siyasi krizi \u00e7\u00f6zecek ad\u0131mlar\u0131n at\u0131lmas\u0131 gerekti\u011finin alt\u0131n\u0131 \u00e7izen Kurtulmu\u015f, &#8220;Bu do\u011frultuda 1967 s\u0131n\u0131rlar\u0131nda, ba\u011f\u0131ms\u0131z, b\u00fct\u00fcnle\u015fik, egemen ve ba\u015fkenti Kud\u00fcs olan Filistin devletinin kurulmas\u0131 i\u00e7in \u00e7al\u0131\u015f\u0131lmas\u0131 gerekir. Sadece ka\u011f\u0131t \u00fczerinde var olan, mahalle mahalle b\u00f6l\u00fcnm\u00fc\u015f bir Filistin de\u011fil, toprak b\u00fct\u00fcnl\u00fc\u011f\u00fc de temin edilmi\u015f bir Filistin&#8217;in kurulmas\u0131 hem \u0130slam d\u00fcnyas\u0131n\u0131n en temel \u00f6devlerinden hem de Ortado\u011fu bar\u0131\u015f\u0131n\u0131n en temel \u015fartlar\u0131ndan birisidir.&#8221; diye konu\u015ftu.<\/p>\n<p>TBMM Ba\u015fkan\u0131 Kurtulmu\u015f, Mescid-i Aksa ba\u015fta olmak \u00fczere t\u00fcm kutsal mekanlar\u0131n masuniyetinin korunmas\u0131 ve yasa d\u0131\u015f\u0131 yerle\u015fimciler meselesinin \u00e7\u00f6z\u00fcme kavu\u015fturulmas\u0131n\u0131n \u00f6nemli oldu\u011funu da kaydetti.<\/p>\n<h3>&#8220;\u00d6zg\u00fcr bir Filistin devletinin kurulmas\u0131 gerekiyor&#8221;<\/h3>\n<p>Ba\u015fta Bat\u0131 \u00fclkeleri olmak \u00fczere baz\u0131 \u00fclkelerin Filistin&#8217;deki sivil kay\u0131plara kar\u015f\u0131 sessiz kalmas\u0131n\u0131n insanl\u0131k i\u00e7in utan\u00e7 vesilesi oldu\u011funu belirten Kurtulmu\u015f, &#8220;Siviller aras\u0131nda baz\u0131lar\u0131n\u0131n hiyerar\u015fi olu\u015fturduklar\u0131n\u0131 g\u00f6r\u00fcyoruz. Yani s\u00f6z konusu M\u00fcsl\u00fcmanlar\u0131n ya\u015fad\u0131\u011f\u0131 dram olunca sessiz kalanlar ama d\u00fcnyan\u0131n ba\u015fka yerinde bir k\u00f6t\u00fcl\u00fck ortaya \u00e7\u0131kt\u0131\u011f\u0131nda buna kar\u015f\u0131 seslerini \u00e7\u0131kartanlar, asl\u0131nda insanlar aras\u0131nda bir hiyerar\u015fi ortaya koyuyorlar. Bu, a\u00e7\u0131k bir insanl\u0131k su\u00e7udur, a\u00e7\u0131k bir \u0131rk\u00e7\u0131l\u0131kt\u0131r. T\u00fcrkiye olarak bunu kabul etmedi\u011fimizi bir kez daha ifade etmek isteriz.&#8221; de\u011ferlendirmesinde bulundu.<\/p>\n<p>TBMM Ba\u015fkan\u0131 Kurtulmu\u015f, d\u00fcnya bar\u0131\u015f\u0131n\u0131n teminat alt\u0131na al\u0131nmas\u0131 i\u00e7in Ortado\u011fu&#8217;da \u00f6zg\u00fcr bir Filistin devletinin kurulmas\u0131 gerekti\u011fini ifade etti. Kurtulmu\u015f, &#8220;Gerilimin daha fazla b\u00fcy\u00fcmemesi, bu karga\u015fan\u0131n, bu ate\u015fin ba\u015fka bir \u015fekilde yayg\u0131nla\u015fmamas\u0131 i\u00e7in d\u00fcnyan\u0131n ba\u015fka taraf\u0131ndan gelen \u00fc\u00e7\u00fcnc\u00fc \u00fclkeleri uyarmak da vazifemizdir. E\u011fer Ortado\u011fu&#8217;da devam eden bu gerilim bu \u015fekliyle devam ederse, baz\u0131lar\u0131n\u0131n yapt\u0131\u011f\u0131 gibi bu ate\u015fin \u00fcst\u00fcne benzinle gidilirse, bu ate\u015f d\u00fcnyay\u0131 yakar. Onun i\u00e7in herkesin hassas olmas\u0131, akl\u0131n\u0131 ba\u015f\u0131na almas\u0131 laz\u0131m.&#8221; dedi.<\/p>\n<h3>&#8220;D\u00fcnyada yeni bir k\u00fcresel sisteme ihtiya\u00e7 oldu\u011fu ayan beyan ortadad\u0131r&#8221;<\/h3>\n<p>Cumhurba\u015fkan\u0131 Recep Tayyip Erdo\u011fan&#8217;\u0131n &#8220;D\u00fcnya 5&#8217;ten b\u00fcy\u00fckt\u00fcr&#8221; s\u00f6z\u00fcn\u00fc hat\u0131rlatan Kurtulmu\u015f, \u015f\u00f6yle devam etti:<\/p>\n<p>&#8220;\u015eimdi teklif ediyoruz, &#8216;Birle\u015fmi\u015f Milletler G\u00fcvenlik Konseyi toplans\u0131n.&#8217; Toplansa ne olacak? Topland\u0131\u011f\u0131nda o konseye gelecek bir k\u0131nama karar\u0131 ya da \u0130srail&#8217;e kar\u015f\u0131 bir yapt\u0131r\u0131m karar\u0131 Konsey&#8217;deki day\u0131lar\u0131 taraf\u0131ndan veto edilecek. Dolay\u0131s\u0131yla d\u00fcnyada hakkaniyetli, adaletli, yeni bir k\u00fcresel sisteme ihtiya\u00e7 oldu\u011fu ayan beyan ortadad\u0131r. \u0130n\u015fallah bu insanl\u0131k trajedisi yeni bir d\u00fcnya sisteminin kurulmas\u0131n\u0131n kap\u0131lar\u0131n\u0131 a\u00e7acak ve bu ihtiyac\u0131n kar\u015f\u0131lanmas\u0131 da hep beraber \u00e7al\u0131\u015farak temin edece\u011fimiz bir husus olacakt\u0131r.<\/p>\n<p>Hi\u00e7 \u015f\u00fcphesiz b\u00fct\u00fcn bunlar\u0131 d\u00fcnyaya kar\u015f\u0131 s\u00f6ylerken, \u015f\u00f6yle i\u011fnenin ucunu da biraz kendimize bat\u0131rmam\u0131z laz\u0131m. Bizler de d\u00fcnyada yakla\u015f\u0131k 2 milyar n\u00fcfusa sahip olan M\u00fcsl\u00fcman \u00fclkelerin temsilcileri olarak sesimizi daha y\u00fcksek perdeden \u00e7\u0131karmam\u0131z gerekti\u011fini unutmamam\u0131z gerekiyor. \u00dcmit ediyoruz ki \u0130slam \u00fclkeleri de kendi aralar\u0131ndaki bu toplant\u0131lar\u0131 sonu\u00e7suz b\u0131rakmaz. Sesimizi en y\u00fcksek perdeden, b\u00fct\u00fcn mazlumlar\u0131n duyaca\u011f\u0131 kadar de\u011fil, b\u00fct\u00fcn zalimlerin korkaca\u011f\u0131 kadar \u00e7\u0131kartmak zorunday\u0131z. Bunun i\u00e7in her uluslararas\u0131 platformda biz s\u00f6z\u00fcm\u00fcz\u00fc daha kuvvetli bir \u015fekilde dile getirece\u011fiz.&#8221;<\/p>\n<h3>&#8220;\u0130srail&#8217;in i\u015fledi\u011fi sava\u015f su\u00e7lar\u0131na kar\u015f\u0131 d\u00fcnya kamuoyunun dikkatini \u00e7ekmek zorunday\u0131z\u201d<\/h3>\n<p>\u0130S\u0130PAB&#8217;\u0131n Filistin g\u00fcndemli toplant\u0131s\u0131 sonucunda g\u00fc\u00e7l\u00fc bir deklarasyonun ortak bir bildiri olarak kamuoyuyla payla\u015f\u0131lmas\u0131n\u0131 isteyen Kurtulmu\u015f, TBMM olarak 12 Ekim&#8217;de Meclis&#8217;te grubu bulunan b\u00fct\u00fcn partilerin ortak imzas\u0131yla kuvvetli bir bildiriyi d\u00fcnya kamuoyuyla payla\u015ft\u0131klar\u0131n\u0131 an\u0131msatt\u0131. Kurtulmu\u015f, \u015funlar\u0131 kaydetti:<\/p>\n<p>&#8220;\u0130n\u015fallah bug\u00fcnk\u00fc toplant\u0131n\u0131n pratik sonu\u00e7lar\u0131ndan birisi olarak, Say\u0131n Cezayir Meclis Ba\u015fkan\u0131&#8217;n\u0131n en ba\u015fta teklif etti\u011fi \u00e7ok kuvvetli bir deklarasyonun bu toplant\u0131 sonunda ilan edilmesini biz de T\u00fcrkiye olarak teklif ederiz. Bu deklarasyonda d\u00f6rt konunun alt\u0131 en az\u0131ndan \u00e7izilmeli ve siyasi \u00e7\u00f6z\u00fcmle ilgili \u00fc\u00e7 temel meselenin de alt\u0131n\u0131n \u00e7izilmesi laz\u0131m. \u00d6ncelikle bu deklarasyon, \u0130srail&#8217;in i\u015fledi\u011fi su\u00e7lara, sava\u015f su\u00e7lar\u0131na kar\u015f\u0131 b\u00fct\u00fcn d\u00fcnya kamuoyunun dikkatini \u00e7ekmek zorundad\u0131r.<\/p>\n<p>Bu deklarasyon, mazlum Filistin halk\u0131na kar\u015f\u0131 deste\u011fimizi ilan eden ve somut birtak\u0131m yard\u0131m \u00e7al\u0131\u015fmalar\u0131na g\u00fc\u00e7 veren bir deklarasyon olmal\u0131d\u0131r. Ayn\u0131 zamanda b\u00fct\u00fcn \u0130slam \u00fclkelerinin, aralar\u0131ndaki siyasi ve fikir farkl\u0131l\u0131klar\u0131na ra\u011fmen Filistin davas\u0131na tam bir ba\u011fl\u0131l\u0131\u011f\u0131n\u0131n da ifade edildi\u011fi bir deklarasyon olmal\u0131d\u0131r. Son olarak, bu deklarasyon uluslararas\u0131 camiaya tarihi sorumluluklar\u0131n\u0131 hat\u0131rlatmal\u0131, i\u00e7inde bulunduklar\u0131 bu sessizli\u011fi a\u015farak bundan sonraki s\u00fcre\u00e7te mazlum Filistin halk\u0131n\u0131n hi\u00e7 olmazsa topyek\u00fcn bir soyk\u0131r\u0131ma, hatta topyek\u00fcn bir etnik temizli\u011fe tabi tutulmamas\u0131 i\u00e7in \u00fczerine d\u00fc\u015fen sorumlulu\u011fu yerine getirmeye uluslararas\u0131 camiay\u0131 da davet etmelidir.&#8221;<\/p>\n<p>                            <span class=\"detay-foto-editor\">&#13;<br \/>\n                                <a href=\"https:\/\/www.aa.com.tr\/tr\/p\/abonelik-talep-formu\/1001\" target=\"_blank\" style=\"font-size:12px; color:#444; text-decoration:none;\" rel=\"noopener\">&#13;<br \/>\n                                    Anadolu Ajans\u0131 web sitesinde, AA Haber Ak\u0131\u015f Sistemi (HAS) \u00fczerinden abonelere sunulan haberler, \u00f6zetlenerek yay\u0131mlanmaktad\u0131r. <b style=\"color:#1897F7\">Abonelik i\u00e7in l\u00fctfen ileti\u015fime ge\u00e7iniz.<\/b>&#13;<br \/>\n                                <\/a>&#13;<br \/>\n                            <\/span>\n                        <\/div>\n<p><script>\n\t  window.fbAsyncInit = function() {\n\t\tFB.init({\n\t\t  appId: '1855843514662870',\n\t\t  status : true, \/\/ check login status\n\t\t  cookie : true, \/\/ enable cookies to allow the server to access the session\n\t\t  xfbml  : true  \/\/ parse XFBML\n\t\t});\n\t  };<\/p>\n<p>\t  (function() {\n\t\tvar e = document.createElement('script');\n\t\te.src=\"https:\/\/connect.facebook.net\/tr_TR\/all.js\";\n\t\te.async = true;\n\t\tdocument.getElementById('fb-root').appendChild(e);\n\t  }());\n    <\/script><\/p>\n","protected":false},"excerpt":{"rendered":"<p>Kurtulmu\u015f, \u0130slam \u0130\u015fbirli\u011fi Te\u015fkilat\u0131 Parlamento Birli\u011finin (\u0130S\u0130PAB) Filistin&#8217;deki geli\u015fmelere ili\u015fkin ger\u00e7ekle\u015ftirdi\u011fi \u00e7evrim i\u00e7i toplant\u0131ya kat\u0131ld\u0131. Toplant\u0131da yapt\u0131\u011f\u0131 konu\u015fmada Kurtulmu\u015f, Filistin&#8217;deki insani krizin \u00e7\u00f6z\u00fclebilmesi i\u00e7in acil ate\u015fkesin sa\u011flanmas\u0131n\u0131n ve Gazze&#8217;de ya\u015fayan masum ve mazlumlara insani destek ula\u015ft\u0131r\u0131lmas\u0131n\u0131n tarihi bir sorumluluk oldu\u011funu belirtti. Kurtulmu\u015f, bunun insanl\u0131\u011f\u0131n \u00fczerine b\u00fcy\u00fck bir vecibe oldu\u011funu, \u00f6zellikle M\u00fcsl\u00fcman \u00fclkelerin halklar\u0131 ve y\u00f6neticilerinin [&hellip;]<\/p>\n","protected":false},"author":1,"featured_media":17826,"comment_status":"","ping_status":"","sticky":false,"template":"","format":"standard","meta":[],"categories":[47],"tags":[],"_links":{"self":[{"href":"https:\/\/kraios.app\/news\/wp-json\/wp\/v2\/posts\/17825"}],"collection":[{"href":"https:\/\/kraios.app\/news\/wp-json\/wp\/v2\/posts"}],"about":[{"href":"https:\/\/kraios.app\/news\/wp-json\/wp\/v2\/types\/post"}],"author":[{"embeddable":true,"href":"https:\/\/kraios.app\/news\/wp-json\/wp\/v2\/users\/1"}],"replies":[{"embeddable":true,"href":"https:\/\/kraios.app\/news\/wp-json\/wp\/v2\/comments?post=17825"}],"version-history":[{"count":0,"href":"https:\/\/kraios.app\/news\/wp-json\/wp\/v2\/posts\/17825\/revisions"}],"wp:featuredmedia":[{"embeddable":true,"href":"https:\/\/kraios.app\/news\/wp-json\/wp\/v2\/media\/17826"}],"wp:attachment":[{"href":"https:\/\/kraios.app\/news\/wp-json\/wp\/v2\/media?parent=17825"}],"wp:term":[{"taxonomy":"category","embeddable":true,"href":"https:\/\/kraios.app\/news\/wp-json\/wp\/v2\/categories?post=17825"},{"taxonomy":"post_tag","embeddable":true,"href":"https:\/\/kraios.app\/news\/wp-json\/wp\/v2\/tags?post=17825"}],"curies":[{"name":"wp","href":"https:\/\/api.w.org\/{rel}","templated":true}]}}