{"id":17791,"date":"2023-10-16T13:04:44","date_gmt":"2023-10-16T13:04:44","guid":{"rendered":"https:\/\/kraios.app\/news\/siyaset\/2023\/10\/16\/bakan-yumaklidan-dunya-gida-gununde-gazzede-gida-hakki-vurgusu\/"},"modified":"2023-10-16T13:04:44","modified_gmt":"2023-10-16T13:04:44","slug":"bakan-yumaklidan-dunya-gida-gununde-gazzede-gida-hakki-vurgusu","status":"publish","type":"post","link":"https:\/\/kraios.app\/news\/siyaset\/2023\/10\/16\/bakan-yumaklidan-dunya-gida-gununde-gazzede-gida-hakki-vurgusu\/","title":{"rendered":"Bakan Yumakl\u0131&#8217;dan D\u00fcnya G\u0131da G\u00fcn\u00fc&#8217;nde &#8220;Gazze&#8217;de g\u0131da hakk\u0131&#8221; vurgusu"},"content":{"rendered":"<p><\/p>\n<div>\n<p>Tar\u0131m ve Orman Bakan\u0131 \u0130brahim Yumakl\u0131, \u0130srail-Filistin \u00e7at\u0131\u015fmas\u0131 nedeniyle son 10 g\u00fcnd\u00fcr Gazze&#8217;de ya\u015fanan durumlardan dolay\u0131 b\u00f6lgedeki insanlar\u0131n g\u0131daya ula\u015fmalar\u0131n\u0131n yan\u0131nda hayat haklar\u0131n\u0131n da ellerinden al\u0131nd\u0131\u011f\u0131n\u0131 belirterek, &#8220;Orada maalesef bir ya\u015fam m\u00fccadelesi s\u00f6z konusu. \u0130nsanlar\u0131n en temel haklar\u0131ndan yoksun b\u0131rak\u0131lmas\u0131 hi\u00e7bir \u015fekilde kabul edilebilir bir durum de\u011fildir.&#8221; dedi.<\/p>\n<p>Yumakl\u0131, Orman Genel M\u00fcd\u00fcrl\u00fc\u011f\u00fc Konferans Salonu&#8217;nda D\u00fcnya G\u0131da G\u00fcn\u00fc kapsam\u0131nda d\u00fczenlenen programda etkinli\u011fin ana temas\u0131n\u0131n &#8220;Su hayatt\u0131r, su g\u0131da demektir. Kimseyi geride b\u0131rakma&#8221; oldu\u011funu anlatt\u0131.<\/p>\n<p>K\u00fcresel g\u0131da krizinin etkisinin artmas\u0131yla bir\u00e7ok \u00fclkede lojistik kay\u0131plar ve \u00fcr\u00fcn tedarik s\u0131k\u0131nt\u0131s\u0131 gibi konular\u0131n g\u00fcndeme geldi\u011fine i\u015faret eden Yumakl\u0131, Cumhurba\u015fkan\u0131 Recep Tayyip Erdo\u011fan&#8217;\u0131n inisiyatif alarak, 33 milyon tonluk g\u0131dan\u0131n Karadeniz&#8217;de di\u011fer \u00fclkelere ula\u015fmas\u0131n\u0131 sa\u011flamas\u0131n\u0131n bir\u00e7ok \u00fclkenin g\u0131da krizine s\u00fcr\u00fcklenmemesi i\u00e7in \u00f6nemli bir ad\u0131m oldu\u011funu anlatt\u0131.<\/p>\n<p><img decoding=\"async\" alt=\"\" src=\"https:\/\/www.aa.com.tr\/uploads\/userFiles\/79121245-49cb-4f77-bd45-d9d308a833b3\/04_2023%2F03_Ekim%2F04%2FAA-32420739.jpg\"\/><\/p>\n<p>Yumakl\u0131, \u0130srail-Filistin \u00e7at\u0131\u015fmas\u0131 nedeniyle son 10 g\u00fcnd\u00fcr Gazze&#8217;de ya\u015fanan durumlardan dolay\u0131 b\u00f6lgedeki insanlar\u0131n g\u0131daya ula\u015fmalar\u0131n\u0131n yan\u0131nda hayat haklar\u0131n\u0131n da ellerinden al\u0131nd\u0131\u011f\u0131na dikkati \u00e7ekerek, \u015fu ifadeleri kulland\u0131:<\/p>\n<p>&#8220;Burada kad\u0131nlardan, ya\u015fl\u0131 ve \u00e7ocuklardan bahsediyoruz elbette. Orada maalesef bir ya\u015fam m\u00fccadelesi s\u00f6z konusu. \u0130nsanlar\u0131n en temel haklar\u0131ndan yoksun b\u0131rak\u0131lmas\u0131 hi\u00e7bir \u015fekilde kabul edilebilir bir durum de\u011fildir. Bunu da ba\u015fta g\u0131daya da ula\u015fma hakk\u0131 da olmak \u00fczere, D\u00fcnya G\u0131da G\u00fcn\u00fc&#8217;nde bir kez daha ifade etmek istiyorum. Elbette T\u00fcrkiye Cumhuriyeti, Say\u0131n Cumhurba\u015fkan\u0131m\u0131z ba\u015fta olmak \u00fczere, b\u00fct\u00fcn kurumlar\u0131yla bu hi\u00e7 kimsenin kabul edemeyece\u011fi durumu engellemek, sona erdirmek i\u00e7in yo\u011fun \u00e7aba i\u00e7erisinde. \u0130n\u015fallah \u00e7ok k\u0131sa bir zamanda son bulur.&#8221;<\/p>\n<h3>Su ekseninde tar\u0131msal \u00fcretimin planlanmas\u0131<\/h3>\n<p>Yumakl\u0131, tar\u0131msal \u00fcretim yap\u0131l\u0131rken \u00fclkenin ihtiya\u00e7lar\u0131n\u0131n bilinmesinin en \u00f6nemli nokta oldu\u011funu dile getirerek, \u00f6zellikle su ekseninde tar\u0131msal \u00fcretimin planlanmas\u0131 konusunu g\u00fcndeme getirdiklerine i\u015faret etti.<\/p>\n<p>Suyun ve g\u0131dan\u0131n israf\u0131yla ilgili nelerin yap\u0131laca\u011f\u0131 konusunda herhangi bir \u015f\u00fcphe olmad\u0131\u011f\u0131n\u0131 anlatan Yumakl\u0131, s\u00f6zlerini \u015f\u00f6yle s\u00fcrd\u00fcrd\u00fc:<\/p>\n<p>&#8220;Hepinizin elinde planlar\u0131, programlar\u0131 var. Bunlar \u00fczerinde uzun uzun \u00e7al\u0131\u015f\u0131lm\u0131\u015f, eksik olan ya da yapmam\u0131z gereken husus art\u0131k yar\u0131n de\u011fil hemen \u015fimdi, bug\u00fcnden itibaren bunlar\u0131 uygulamak, bunlar\u0131 hayata ge\u00e7irmek. Ben, Tar\u0131m ve Orman Bakan\u0131 olarak, buradaki mesai arkada\u015flar\u0131m ba\u015fta olmak \u00fczere b\u00fct\u00fcn kamu g\u00f6revlilerine art\u0131k ellerimizdeki planlar\u0131 \u00e7ok daha h\u0131zl\u0131 uygulamam\u0131z gerekti\u011fini \u00f6neminin alt\u0131n\u0131 \u00e7izmek istiyorum. E\u011fer elimizdeki kaynaklar\u0131 olmas\u0131 gerekti\u011fi gibi kullanmazsak, 2030&#8217;dan sonra art\u0131k \u00e7ok daha ciddi bir tabloyla kar\u015f\u0131 kar\u015f\u0131ya kalmam\u0131z i\u00e7ten bile de\u011fil. Su merkezli bir \u00fcretim planlamas\u0131 e\u011fer hayata ge\u00e7irmemiz laz\u0131m.&#8221;<\/p>\n<p><img decoding=\"async\" alt=\"\" src=\"https:\/\/www.aa.com.tr\/uploads\/userFiles\/79121245-49cb-4f77-bd45-d9d308a833b3\/04_2023%2F03_Ekim%2F04%2FAA-32420738.jpg\"\/><\/p>\n<h3>&#8220;\u00dcreticilerimizin maliyetleri \u00e7al\u0131\u015fma ba\u015fl\u0131klar\u0131m\u0131zdan&#8221;<\/h3>\n<p>Su kaynaklar\u0131n\u0131n n\u00fcfus art\u0131\u015f\u0131 ve t\u00fcketim al\u0131\u015fkanl\u0131klar\u0131ndaki de\u011fi\u015fikliklerle bask\u0131 alt\u0131nda oldu\u011funu vurgulayan Yumakl\u0131, \u015funlar\u0131 kaydetti:<\/p>\n<p>&#8220;\u00dclkemiz Paris Antla\u015fmas\u0131&#8217;na taraf olduktan sonra Cumhurba\u015fkan\u0131m\u0131z\u0131n 2053 net s\u0131f\u0131r emisyon hedefiyle ye\u015fil kalk\u0131nma devrimi vizyonu ilan edilmi\u015f oldu. Bu ba\u011flamda iklim eyleminin g\u00fc\u00e7lendirilmesi Avrupa Ye\u015fil Mutabakat\u0131&#8217;na uyum ve kalk\u0131nma hedeflerine y\u00f6nelik yap\u0131lacak olan \u00e7al\u0131\u015fmalar da \u00f6n\u00fcm\u00fczdeki s\u00fcrece ili\u015fkin \u00f6nemli konu ba\u015fl\u0131klar\u0131m\u0131z olarak kar\u015f\u0131m\u0131zda duracak. \u00dcreticilerimizin maliyetleri, onlar\u0131n tar\u0131msal sulamayla ilgili bilin\u00e7lendirilmesi konusu da yine bizim \u00e7al\u0131\u015fma ba\u015fl\u0131klar\u0131m\u0131zdan.&#8221;<\/p>\n<p>Yumakl\u0131, su kaynaklar\u0131n\u0131n azalaca\u011f\u0131n\u0131n tahmin edildi\u011fine ve bu y\u00fczden suya g\u00f6re tar\u0131m ilkesini g\u00fcndeme getirdiklerine i\u015faret ederek, &#8220;Say\u0131n Emine Erdo\u011fan Han\u0131mefendi &#8216;suda s\u0131f\u0131r kay\u0131p&#8217; yakla\u015f\u0131m\u0131n\u0131 himayelerine ald\u0131 ve kendilerinin sayesinde ulusal su seferberli\u011fini ba\u015flatt\u0131k.&#8221; diye konu\u015ftu.<\/p>\n<h3>&#8220;\u00c7ift\u00e7iler suyun do\u011fru do\u011fru kullan\u0131m\u0131 i\u00e7in bilgilendirilmeli&#8221;<\/h3>\n<p>Birle\u015fmi\u015f Milletler G\u0131da ve Tar\u0131m \u00d6rg\u00fct\u00fc (FAO) Orta Asya Alt B\u00f6lge Koordinat\u00f6r\u00fc ve T\u00fcrkiye Temsilcisi Viorel Gutu da tar\u0131m sekt\u00f6r\u00fcn\u00fcn d\u00f6n\u00fc\u015ft\u00fcr\u00fclmesinin k\u00fcresel su krizine \u00e7\u00f6z\u00fcmler sunaca\u011f\u0131n\u0131 belirterek, \u00e7ift\u00e7ilerin suyun do\u011fru kullan\u0131m\u0131 i\u00e7in bilgilendirilmeleri gerekti\u011fini anlatt\u0131.<\/p>\n<p>T\u00fcrkiye G\u0131da ve \u0130\u00e7ecek Sanayii Dernekleri Federasyonu (TGDF) Ba\u015fkan\u0131 Demir \u015earman da su m\u00fccadelesinin temelinde yatan as\u0131l sebebin yoksul \u00fclkelerdeki n\u00fcfus art\u0131\u015f\u0131 de\u011fil, zengin \u00fclkelerdeki t\u00fcketim art\u0131\u015f\u0131 oldu\u011funu belirtti. \u015earman, &#8220;Su g\u00fcvenli\u011fi, T\u00fcrkiye i\u00e7in gelecek y\u0131llarda \u00f6nemli bir sorun olacak. Su riskini en aza indirmenin ve su direncini art\u0131rman\u0131n yan\u0131 s\u0131ra \u00fclkemizi k\u00fcresel ekonomide avantajl\u0131 bir konuma getirmek i\u00e7in \u00e7evresel, sosyal ve ekonomik s\u00fcrd\u00fcr\u00fclebilirlik, T\u00fcrkiye&#8217;nin su politikas\u0131n\u0131n ana unsuru haline gelmelidir.&#8221; ifadelerini kulland\u0131.<\/p>\n<p>Oyuncu ve FAO destek\u00e7isi Engin Altan D\u00fczyatan da suyun \u00f6nemini vurgulayan bir konu\u015fma yapt\u0131.<\/p>\n<p>A\u00e7\u0131l\u0131\u015f konu\u015fmalar\u0131n\u0131n ard\u0131ndan tar\u0131mda suyu verimli kullanan \u00fcreticilere plaket verildi.<\/p>\n<p>                            <span class=\"detay-foto-editor\">&#13;<br \/>\n                                <a href=\"https:\/\/www.aa.com.tr\/tr\/p\/abonelik-talep-formu\/1001\" target=\"_blank\" style=\"font-size:12px; color:#444; text-decoration:none;\" rel=\"noopener\">&#13;<br \/>\n                                    Anadolu Ajans\u0131 web sitesinde, AA Haber Ak\u0131\u015f Sistemi (HAS) \u00fczerinden abonelere sunulan haberler, \u00f6zetlenerek yay\u0131mlanmaktad\u0131r. <b style=\"color:#1897F7\">Abonelik i\u00e7in l\u00fctfen ileti\u015fime ge\u00e7iniz.<\/b>&#13;<br \/>\n                                <\/a>&#13;<br \/>\n                            <\/span>\n                        <\/div>\n<p><script>\n\t  window.fbAsyncInit = function() {\n\t\tFB.init({\n\t\t  appId: '1855843514662870',\n\t\t  status : true, \/\/ check login status\n\t\t  cookie : true, \/\/ enable cookies to allow the server to access the session\n\t\t  xfbml  : true  \/\/ parse XFBML\n\t\t});\n\t  };<\/p>\n<p>\t  (function() {\n\t\tvar e = document.createElement('script');\n\t\te.src=\"https:\/\/connect.facebook.net\/tr_TR\/all.js\";\n\t\te.async = true;\n\t\tdocument.getElementById('fb-root').appendChild(e);\n\t  }());\n    <\/script><\/p>\n","protected":false},"excerpt":{"rendered":"<p>Tar\u0131m ve Orman Bakan\u0131 \u0130brahim Yumakl\u0131, \u0130srail-Filistin \u00e7at\u0131\u015fmas\u0131 nedeniyle son 10 g\u00fcnd\u00fcr Gazze&#8217;de ya\u015fanan durumlardan dolay\u0131 b\u00f6lgedeki insanlar\u0131n g\u0131daya ula\u015fmalar\u0131n\u0131n yan\u0131nda hayat haklar\u0131n\u0131n da ellerinden al\u0131nd\u0131\u011f\u0131n\u0131 belirterek, &#8220;Orada maalesef bir ya\u015fam m\u00fccadelesi s\u00f6z konusu. \u0130nsanlar\u0131n en temel haklar\u0131ndan yoksun b\u0131rak\u0131lmas\u0131 hi\u00e7bir \u015fekilde kabul edilebilir bir durum de\u011fildir.&#8221; dedi. Yumakl\u0131, Orman Genel M\u00fcd\u00fcrl\u00fc\u011f\u00fc Konferans Salonu&#8217;nda D\u00fcnya [&hellip;]<\/p>\n","protected":false},"author":1,"featured_media":17792,"comment_status":"","ping_status":"","sticky":false,"template":"","format":"standard","meta":[],"categories":[47],"tags":[],"_links":{"self":[{"href":"https:\/\/kraios.app\/news\/wp-json\/wp\/v2\/posts\/17791"}],"collection":[{"href":"https:\/\/kraios.app\/news\/wp-json\/wp\/v2\/posts"}],"about":[{"href":"https:\/\/kraios.app\/news\/wp-json\/wp\/v2\/types\/post"}],"author":[{"embeddable":true,"href":"https:\/\/kraios.app\/news\/wp-json\/wp\/v2\/users\/1"}],"replies":[{"embeddable":true,"href":"https:\/\/kraios.app\/news\/wp-json\/wp\/v2\/comments?post=17791"}],"version-history":[{"count":0,"href":"https:\/\/kraios.app\/news\/wp-json\/wp\/v2\/posts\/17791\/revisions"}],"wp:featuredmedia":[{"embeddable":true,"href":"https:\/\/kraios.app\/news\/wp-json\/wp\/v2\/media\/17792"}],"wp:attachment":[{"href":"https:\/\/kraios.app\/news\/wp-json\/wp\/v2\/media?parent=17791"}],"wp:term":[{"taxonomy":"category","embeddable":true,"href":"https:\/\/kraios.app\/news\/wp-json\/wp\/v2\/categories?post=17791"},{"taxonomy":"post_tag","embeddable":true,"href":"https:\/\/kraios.app\/news\/wp-json\/wp\/v2\/tags?post=17791"}],"curies":[{"name":"wp","href":"https:\/\/api.w.org\/{rel}","templated":true}]}}