{"id":17690,"date":"2023-10-15T19:17:39","date_gmt":"2023-10-15T19:17:39","guid":{"rendered":"https:\/\/kraios.app\/news\/siyaset\/2023\/10\/15\/bakan-fidan-abd-disisleri-bakani-blinken-ile-telefonda-gorustu-2\/"},"modified":"2023-10-15T19:17:39","modified_gmt":"2023-10-15T19:17:39","slug":"bakan-fidan-abd-disisleri-bakani-blinken-ile-telefonda-gorustu-2","status":"publish","type":"post","link":"https:\/\/kraios.app\/news\/siyaset\/2023\/10\/15\/bakan-fidan-abd-disisleri-bakani-blinken-ile-telefonda-gorustu-2\/","title":{"rendered":"Bakan Fidan, ABD D\u0131\u015fi\u015fleri Bakan\u0131 Blinken ile telefonda g\u00f6r\u00fc\u015ft\u00fc"},"content":{"rendered":"<p>D\u0131\u015fi\u015fleri Bakan\u0131 Hakan Fidan, ABD D\u0131\u015fi\u015fleri Bakan\u0131 Antony Blinken ile telefon g\u00f6r\u00fc\u015fmesi ger\u00e7ekle\u015ftirdi.<\/p>\n","protected":false},"excerpt":{"rendered":"<p>D\u0131\u015fi\u015fleri Bakan\u0131 Hakan Fidan, ABD D\u0131\u015fi\u015fleri Bakan\u0131 Antony Blinken ile telefon g\u00f6r\u00fc\u015fmesi ger\u00e7ekle\u015ftirdi.<\/p>\n","protected":false},"author":1,"featured_media":17691,"comment_status":"","ping_status":"","sticky":false,"template":"","format":"standard","meta":[],"categories":[47],"tags":[],"_links":{"self":[{"href":"https:\/\/kraios.app\/news\/wp-json\/wp\/v2\/posts\/17690"}],"collection":[{"href":"https:\/\/kraios.app\/news\/wp-json\/wp\/v2\/posts"}],"about":[{"href":"https:\/\/kraios.app\/news\/wp-json\/wp\/v2\/types\/post"}],"author":[{"embeddable":true,"href":"https:\/\/kraios.app\/news\/wp-json\/wp\/v2\/users\/1"}],"replies":[{"embeddable":true,"href":"https:\/\/kraios.app\/news\/wp-json\/wp\/v2\/comments?post=17690"}],"version-history":[{"count":0,"href":"https:\/\/kraios.app\/news\/wp-json\/wp\/v2\/posts\/17690\/revisions"}],"wp:featuredmedia":[{"embeddable":true,"href":"https:\/\/kraios.app\/news\/wp-json\/wp\/v2\/media\/17691"}],"wp:attachment":[{"href":"https:\/\/kraios.app\/news\/wp-json\/wp\/v2\/media?parent=17690"}],"wp:term":[{"taxonomy":"category","embeddable":true,"href":"https:\/\/kraios.app\/news\/wp-json\/wp\/v2\/categories?post=17690"},{"taxonomy":"post_tag","embeddable":true,"href":"https:\/\/kraios.app\/news\/wp-json\/wp\/v2\/tags?post=17690"}],"curies":[{"name":"wp","href":"https:\/\/api.w.org\/{rel}","templated":true}]}}