{"id":17680,"date":"2023-10-15T17:24:38","date_gmt":"2023-10-15T17:24:38","guid":{"rendered":"https:\/\/kraios.app\/news\/siyaset\/2023\/10\/15\/mhp-ankara-il-kongresi-yapildi\/"},"modified":"2023-10-15T17:24:38","modified_gmt":"2023-10-15T17:24:38","slug":"mhp-ankara-il-kongresi-yapildi","status":"publish","type":"post","link":"https:\/\/kraios.app\/news\/siyaset\/2023\/10\/15\/mhp-ankara-il-kongresi-yapildi\/","title":{"rendered":"MHP Ankara \u0130l Kongresi yap\u0131ld\u0131"},"content":{"rendered":"<p><\/p>\n<div>\n<p>Milliyet\u00e7i Hareket Partisi (MHP) Genel Ba\u015fkan Yard\u0131mc\u0131s\u0131 Ya\u015far Y\u0131ld\u0131r\u0131m, \u0130srail-Filistin gerilimine ili\u015fkin, &#8220;Ne zaman ki Filistin devleti hak ve hukukuna uygun \u015fekilde kurulur, o zaman problemin bir k\u0131sm\u0131 biter. Ba\u015fkenti Kud\u00fcs olmak \u015fart\u0131yla.&#8221; dedi.<\/p>\n<p>MHP Ankara \u0130l Ba\u015fkanl\u0131\u011f\u0131n\u0131n 14. Ola\u011fan Kongresi, ATO Kongre ve Sergi Merkezi&#8217;nde yap\u0131ld\u0131.<\/p>\n<p>Sayg\u0131 duru\u015funda bulunulmas\u0131 ve \u0130stiklal Mar\u015f\u0131&#8217;n\u0131n ard\u0131ndan MHP Genel Ba\u015fkan\u0131 Devlet Bah\u00e7eli&#8217;nin mesaj\u0131 okundu.<\/p>\n<p>Kongrenin Divan Ba\u015fkanl\u0131\u011f\u0131n\u0131 MHP Genel Ba\u015fkan Yard\u0131mc\u0131s\u0131 Ya\u015far Y\u0131ld\u0131r\u0131m yapt\u0131.<\/p>\n<p><img decoding=\"async\" alt=\"\" src=\"https:\/\/www.aa.com.tr\/uploads\/userFiles\/7e80dc7f-a011-4033-a881-3a6b5b580d82\/20231015_2_60715360_93698484.jpg\"\/><\/p>\n<p>Y\u0131ld\u0131r\u0131m, Filistin ile \u0130srail aras\u0131ndaki gerilime ili\u015fkin, Gazze&#8217;de ya\u015fanan dram\u0131n insanl\u0131\u011f\u0131n bitti\u011fi noktada olundu\u011funu g\u00f6sterdi\u011fini s\u00f6yledi.<\/p>\n<p>Bu b\u00f6lgede M\u0131s\u0131r, \u00dcrd\u00fcn, Suriye, L\u00fcbnan ve Filistin&#8217;in bar\u0131\u015f, huzur ve g\u00fcvenlik \u00e7emberi olu\u015fturmas\u0131 gerekti\u011fini dile getiren Y\u0131ld\u0131r\u0131m, &#8220;Say\u0131n Genel Ba\u015fkan\u0131m\u0131z\u0131n d\u00fcn a\u00e7\u0131klad\u0131\u011f\u0131 gibi bir teklifimiz var. Ba\u015fta iki devlet olmas\u0131 \u015fartt\u0131r. Ne zaman ki Filistin devleti hak ve hukukuna uygun \u015fekilde kurulur, o zaman problemin bir k\u0131sm\u0131 biter. Ba\u015fkenti Kud\u00fcs olmak \u015fart\u0131yla.&#8221; dedi.<\/p>\n<p>Y\u0131ld\u0131r\u0131m, gelecek y\u0131l yap\u0131lacak yerel se\u00e7imlere haz\u0131r olduklar\u0131n\u0131 s\u00f6yledi.<\/p>\n<p>Cumhur \u0130ttifak\u0131&#8217;n\u0131 milletin kurdu\u011funu, bir gecede \u00fclkeyi Amerika&#8217;n\u0131n u\u015faklar\u0131na vermemek i\u00e7in \u00e7\u0131plak elle tanklara sald\u0131r\u0131ld\u0131\u011f\u0131n\u0131 belirten Y\u0131ld\u0131r\u0131m, &#8220;Hepsinin bir gayesi vard\u0131. Vatana, bayra\u011fa, ezana, devlete ve oyuna sahip \u00e7\u0131kmakt\u0131. Netice itibar\u0131yla sahip \u00e7\u0131k\u0131lm\u0131\u015ft\u0131r.&#8221; \u015feklinde konu\u015ftu.<\/p>\n<p><img decoding=\"async\" alt=\"\" src=\"https:\/\/www.aa.com.tr\/uploads\/userFiles\/7e80dc7f-a011-4033-a881-3a6b5b580d82\/20231015_2_60715360_93698480.jpg\"\/><\/p>\n<h3>&#8220;Yerel se\u00e7imler, Ankara i\u00e7in \u00e7ok \u00f6nemli&#8221;<\/h3>\n<p>MHP Ankara \u0130l Ba\u015fkan\u0131 Alparslan Do\u011fan da 15 Temmuz hain darbe giri\u015fimi sonucu olu\u015fan siyasi ve sosyal iklimin neticesi olarak Cumhur \u0130ttifak\u0131&#8217;n\u0131n do\u011fdu\u011funu ve T\u00fcrk milletinin g\u00f6nl\u00fcnde b\u00fcy\u00fcd\u00fc\u011f\u00fcn\u00fc belirterek, Cumhur \u0130ttifak\u0131 kurulu\u011fundan bug\u00fcne milletin \u00fczerine kurgulanan kirli oyunlar\u0131n a\u00e7\u0131\u011fa \u00e7\u0131kar\u0131ld\u0131\u011f\u0131n\u0131 s\u00f6yledi.<\/p>\n<p>T\u00fcrkiye Cumhuriyeti&#8217;nin kurulu\u015funun 100. y\u0131l\u0131n\u0131n kutland\u0131\u011f\u0131 bug\u00fcnlerde heyecanlar\u0131n\u0131n \u00e7ok b\u00fcy\u00fck oldu\u011funu ifade eden Do\u011fan, \u00e7al\u0131\u015fmalar\u0131n\u0131 karal\u0131l\u0131kla s\u00fcrd\u00fcrd\u00fcklerini vurgulad\u0131.<\/p>\n<p>Cumhur \u0130ttifak\u0131 ve MHP olarak ge\u00e7en se\u00e7imlerde b\u00fcy\u00fck ba\u015far\u0131 elde ettiklerini dile getiren Do\u011fan, gelecek yerel se\u00e7imlerin Ankara i\u00e7i\u00e7ok \u00f6nemli oldu\u011funu kaydetti.<br \/>MHP \u0130l Ba\u015fkan\u0131 Do\u011fan, Ankaral\u0131lar\u0131n \u00e7al\u0131\u015fkan, gecesi g\u00fcnd\u00fcz\u00fc Ankara olan hizmet odakl\u0131 d\u00fcr\u00fcst bir y\u00f6netim istedi\u011fini kaydetti.<\/p>\n<p>Se\u00e7ime tek aday olarak kat\u0131lan mevcut ba\u015fkan Alparslan Do\u011fan, 540 delegenin oy kulland\u0131\u011f\u0131 kongrede\u00a0 537 ge\u00e7erli oyu alarak yeniden ba\u015fkan se\u00e7ildi. 3 oy ise ge\u00e7ersiz say\u0131ld\u0131.<\/p>\n<p>Kongreye MHP Genel Ba\u015fkan Yard\u0131mc\u0131s\u0131 Mevl\u00fct Karakaya, baz\u0131 belediye ba\u015fkanlar\u0131 ve partililer kat\u0131ld\u0131.<\/p>\n<p>                            <span class=\"detay-foto-editor\">&#13;<br \/>\n                                <a href=\"https:\/\/www.aa.com.tr\/tr\/p\/abonelik-talep-formu\/1001\" target=\"_blank\" style=\"font-size:12px; color:#444; text-decoration:none;\" rel=\"noopener\">&#13;<br \/>\n                                    Anadolu Ajans\u0131 web sitesinde, AA Haber Ak\u0131\u015f Sistemi (HAS) \u00fczerinden abonelere sunulan haberler, \u00f6zetlenerek yay\u0131mlanmaktad\u0131r. <b style=\"color:#1897F7\">Abonelik i\u00e7in l\u00fctfen ileti\u015fime ge\u00e7iniz.<\/b>&#13;<br \/>\n                                <\/a>&#13;<br \/>\n                            <\/span>\n                        <\/div>\n<p><script>\n\t  window.fbAsyncInit = function() {\n\t\tFB.init({\n\t\t  appId: '1855843514662870',\n\t\t  status : true, \/\/ check login status\n\t\t  cookie : true, \/\/ enable cookies to allow the server to access the session\n\t\t  xfbml  : true  \/\/ parse XFBML\n\t\t});\n\t  };<\/p>\n<p>\t  (function() {\n\t\tvar e = document.createElement('script');\n\t\te.src=\"https:\/\/connect.facebook.net\/tr_TR\/all.js\";\n\t\te.async = true;\n\t\tdocument.getElementById('fb-root').appendChild(e);\n\t  }());\n    <\/script><\/p>\n","protected":false},"excerpt":{"rendered":"<p>Milliyet\u00e7i Hareket Partisi (MHP) Genel Ba\u015fkan Yard\u0131mc\u0131s\u0131 Ya\u015far Y\u0131ld\u0131r\u0131m, \u0130srail-Filistin gerilimine ili\u015fkin, &#8220;Ne zaman ki Filistin devleti hak ve hukukuna uygun \u015fekilde kurulur, o zaman problemin bir k\u0131sm\u0131 biter. Ba\u015fkenti Kud\u00fcs olmak \u015fart\u0131yla.&#8221; dedi. MHP Ankara \u0130l Ba\u015fkanl\u0131\u011f\u0131n\u0131n 14. Ola\u011fan Kongresi, ATO Kongre ve Sergi Merkezi&#8217;nde yap\u0131ld\u0131. Sayg\u0131 duru\u015funda bulunulmas\u0131 ve \u0130stiklal Mar\u015f\u0131&#8217;n\u0131n ard\u0131ndan MHP [&hellip;]<\/p>\n","protected":false},"author":1,"featured_media":17681,"comment_status":"","ping_status":"","sticky":false,"template":"","format":"standard","meta":[],"categories":[47],"tags":[],"_links":{"self":[{"href":"https:\/\/kraios.app\/news\/wp-json\/wp\/v2\/posts\/17680"}],"collection":[{"href":"https:\/\/kraios.app\/news\/wp-json\/wp\/v2\/posts"}],"about":[{"href":"https:\/\/kraios.app\/news\/wp-json\/wp\/v2\/types\/post"}],"author":[{"embeddable":true,"href":"https:\/\/kraios.app\/news\/wp-json\/wp\/v2\/users\/1"}],"replies":[{"embeddable":true,"href":"https:\/\/kraios.app\/news\/wp-json\/wp\/v2\/comments?post=17680"}],"version-history":[{"count":0,"href":"https:\/\/kraios.app\/news\/wp-json\/wp\/v2\/posts\/17680\/revisions"}],"wp:featuredmedia":[{"embeddable":true,"href":"https:\/\/kraios.app\/news\/wp-json\/wp\/v2\/media\/17681"}],"wp:attachment":[{"href":"https:\/\/kraios.app\/news\/wp-json\/wp\/v2\/media?parent=17680"}],"wp:term":[{"taxonomy":"category","embeddable":true,"href":"https:\/\/kraios.app\/news\/wp-json\/wp\/v2\/categories?post=17680"},{"taxonomy":"post_tag","embeddable":true,"href":"https:\/\/kraios.app\/news\/wp-json\/wp\/v2\/tags?post=17680"}],"curies":[{"name":"wp","href":"https:\/\/api.w.org\/{rel}","templated":true}]}}