{"id":17542,"date":"2023-10-14T16:40:10","date_gmt":"2023-10-14T16:40:10","guid":{"rendered":"https:\/\/kraios.app\/news\/siyaset\/2023\/10\/14\/disisleri-bakani-fidan-misirda-temaslarda-bulunuyor\/"},"modified":"2023-10-14T16:40:10","modified_gmt":"2023-10-14T16:40:10","slug":"disisleri-bakani-fidan-misirda-temaslarda-bulunuyor","status":"publish","type":"post","link":"https:\/\/kraios.app\/news\/siyaset\/2023\/10\/14\/disisleri-bakani-fidan-misirda-temaslarda-bulunuyor\/","title":{"rendered":"D\u0131\u015fi\u015fleri Bakan\u0131 Fidan, M\u0131s\u0131r&#8217;da temaslarda bulunuyor"},"content":{"rendered":"<p><\/p>\n<div>\n<p>D\u0131\u015fi\u015fleri Bakanl\u0131\u011f\u0131,\u00a0<strong>X sosyal medya<\/strong>\u00a0platformundan yapt\u0131\u011f\u0131 payla\u015f\u0131mda, Bakan\u00a0<strong>Fidan<\/strong>\u00a0ve M\u0131s\u0131r Cumhurba\u015fkan\u0131\u00a0<strong>Sisi<\/strong>&#8216;nin Kahire&#8217;de g\u00f6r\u00fc\u015ft\u00fcklerini duyurdu.<\/p>\n<blockquote class=\"twitter-tweet\">\n<p dir=\"ltr\" lang=\"tr\">Bakan\u0131m\u0131z\u00a0<a href=\"https:\/\/twitter.com\/HakanFidan?ref_src=twsrc%5Etfw\">@HakanFidan<\/a>,\u00a0<a href=\"https:\/\/twitter.com\/hashtag\/Kahire?src=hash&amp;ref_src=twsrc%5Etfw\">#Kahire<\/a>&#8216;de\u00a0<a href=\"https:\/\/twitter.com\/hashtag\/M%C4%B1s%C4%B1r?src=hash&amp;ref_src=twsrc%5Etfw\">#M\u0131s\u0131r<\/a>\u00a0Cumhurba\u015fkan\u0131 Abdel Fattah El-Sisi\u2019yle g\u00f6r\u00fc\u015ft\u00fc.&#x1f1f9;&#x1f1f7;&#x1f1ea;&#x1f1ec;\u00a0<a href=\"https:\/\/t.co\/A9gdoG79PT\">pic.twitter.com\/A9gdoG79PT<\/a><\/p>\n<p>\u2014 T.C. D\u0131\u015fi\u015fleri Bakanl\u0131\u011f\u0131 (@TC_Disisleri)\u00a0<a href=\"https:\/\/twitter.com\/TC_Disisleri\/status\/1713131594397933673?ref_src=twsrc%5Etfw\">October 14, 2023<\/a><\/p><\/blockquote>\n<p>Payla\u015f\u0131mda, &#8220;Bakan\u0131m\u0131z Hakan Fidan, Kahire&#8217;de M\u0131s\u0131r Cumhurba\u015fkan\u0131 Abdel Fattah El-Sisi&#8217;yle g\u00f6r\u00fc\u015ft\u00fc.&#8221; ifadesi kullan\u0131ld\u0131.<\/p>\n<p>Ayr\u0131ca payla\u015f\u0131mda g\u00f6r\u00fc\u015fmeye ili\u015fkin foto\u011frafa da yer verildi.<\/p>\n<h3>M\u0131s\u0131r Cumhurba\u015fkanl\u0131\u011f\u0131: &#8220;Gazze halk\u0131n\u0131n insani yard\u0131ma g\u00fcvenli ve acil eri\u015fiminin sa\u011flanmas\u0131 \u00fczerinde duruldu&#8221;<\/h3>\n<p>M\u0131s\u0131r Cumhurba\u015fkan\u0131 Abdulfettah es-Sisi, D\u0131\u015fi\u015fleri Bakan\u0131 Hakan Fidan ile ikili ili\u015fkilerin yan\u0131 s\u0131ra Gazze&#8217;deki son geli\u015fmeleri de\u011ferlendirdi.<\/p>\n<p>M\u0131s\u0131r Cumhurba\u015fkanl\u0131\u011f\u0131ndan yap\u0131lan yaz\u0131l\u0131 a\u00e7\u0131klamaya g\u00f6re Sisi, resmi ziyaret kapsam\u0131nda ba\u015fkent Kahire\u2019de bulunan Bakan Fidan\u2019\u0131 kabul etti.<\/p>\n<p>Gazze \u015eeridi\u2019nde y\u00fckselen askeri gerilime y\u00f6nelik geli\u015fmelerin masaya yat\u0131r\u0131ld\u0131\u011f\u0131 g\u00f6r\u00fc\u015fmede taraflar, \u201cmevcut durumun b\u00f6lgenin g\u00fcvenli\u011fi ve istikrar\u0131na y\u00f6nelik tehdit olu\u015fturdu\u011fu, \u015fiddetin derhal durdurulmas\u0131, s\u00fckunetin sa\u011flanmas\u0131na y\u00f6nelik uluslararas\u0131 \u00e7abalar\u0131n art\u0131r\u0131lmas\u0131\u201d konusunda fikir birli\u011fine vard\u0131.<\/p>\n<p>Taraflar\u0131n, b\u00f6lgedeki sivillerin korunmas\u0131, yerlerinden edilmesi risklerine kar\u015f\u0131 acil ve etkili tedbirlerin al\u0131nmas\u0131 konusunda mutab\u0131k kald\u0131\u011f\u0131 g\u00f6r\u00fc\u015fmede, \u201cGazze halk\u0131n\u0131n a\u00e7 b\u0131rak\u0131lma, yerinden edilme gibi toplu cezaland\u0131rma politikalar\u0131na maruz kalmamas\u0131 gerekti\u011fi\u201d vurguland\u0131.<\/p>\n<p>Taraflar ayr\u0131ca &#8220;Gazze halk\u0131n\u0131n insani yard\u0131ma g\u00fcvenli ve acil eri\u015fiminin sa\u011flanmas\u0131 gerekti\u011fini&#8221; vurgulad\u0131.<\/p>\n<p>M\u0131s\u0131r-T\u00fcrkiye aras\u0131ndaki i\u015fbirli\u011fine ili\u015fkin geli\u015fmelerin de ele al\u0131nd\u0131\u011f\u0131 g\u00f6r\u00fc\u015fmede Sisi, ikili ili\u015fkilerde kar\u015f\u0131l\u0131kl\u0131 sayg\u0131 ve ortak \u00e7\u0131karlar \u00e7er\u00e7evesinde g\u00f6r\u00fclen geli\u015fmelerden memnuniyetini dile getirdi.<\/p>\n<p>M\u0131s\u0131r Cumhurba\u015fkan\u0131, ilerleyen s\u00fcre\u00e7te iki \u00fclke aras\u0131ndaki ili\u015fkileri geli\u015ftirmek ve yeni bir a\u015famaya ta\u015f\u0131mak i\u00e7in \u00e7al\u0131\u015fmaya devam etmenin, \u00e7e\u015fitli ikili i\u015fbirli\u011fi mekanizmalar\u0131n\u0131 harekete ge\u00e7irmek i\u00e7in kar\u015f\u0131l\u0131kl\u0131 ad\u0131mlar\u0131n s\u00fcrd\u00fcr\u00fclmesinin ve somut ilerlemelerin sa\u011flanmas\u0131n\u0131n \u00f6nemine dikkati \u00e7ekti.<\/p>\n<h3>D\u0131\u015fi\u015fleri Bakan\u0131 Fidan, M\u0131s\u0131r&#8217;da Alman mevkida\u015f\u0131 Baerbock ile g\u00f6r\u00fc\u015ft\u00fc<\/h3>\n<p>D\u0131\u015fi\u015fleri Bakan\u0131 Hakan Fidan, M\u0131s\u0131r&#8217;\u0131n ba\u015fkenti Kahire&#8217;de Almanya D\u0131\u015fi\u015fleri Bakan\u0131 Annalena Baerbock&#8217;la \u0130srail\u2019in Gazze\u2019ye sald\u0131r\u0131lar\u0131, Gazze\u2019ye y\u00f6nelik insani yard\u0131mlar ve Gazze\u2019den tahliyeleri g\u00f6r\u00fc\u015ft\u00fc.<\/p>\n<blockquote class=\"twitter-tweet\">\n<p dir=\"ltr\" lang=\"tr\">M\u0131s\u0131r\u2019a resmi ziyaret ger\u00e7ekle\u015ftirmekte olan Bakan\u0131m\u0131z <a href=\"https:\/\/twitter.com\/HakanFidan?ref_src=twsrc%5Etfw\">@HakanFidan<\/a>, ba\u015fkent <a href=\"https:\/\/twitter.com\/hashtag\/Kahire?src=hash&amp;ref_src=twsrc%5Etfw\">#Kahire<\/a>&#8216;de <a href=\"https:\/\/twitter.com\/hashtag\/Almanya?src=hash&amp;ref_src=twsrc%5Etfw\">#Almanya<\/a> D\u0131\u015fi\u015fleri Bakan\u0131 Annalena Baerbock\u2019la g\u00f6r\u00fc\u015ft\u00fc. &#x1f1f9;&#x1f1f7;&#x1f1e9;&#x1f1ea; <a href=\"https:\/\/t.co\/Tt3fyW6d7V\">pic.twitter.com\/Tt3fyW6d7V<\/a><\/p>\n<p>\u2014 T.C. D\u0131\u015fi\u015fleri Bakanl\u0131\u011f\u0131 (@TC_Disisleri) <a href=\"https:\/\/twitter.com\/TC_Disisleri\/status\/1713097661480350151?ref_src=twsrc%5Etfw\">October 14, 2023<\/a><\/p><\/blockquote>\n<p>Diplomatik kaynaklardan edinilen bilgiye g\u00f6re <strong>Fidan<\/strong>, resmi ziyaret i\u00e7in bulundu\u011fu Kahire\u2019de Alman mevkida\u015f\u0131 <strong>Baerbock <\/strong>ile g\u00f6r\u00fc\u015fme ger\u00e7ekle\u015ftirdi.<\/p>\n<p>G\u00f6r\u00fc\u015fmede \u0130srail&#8217;in <strong>Gazze<\/strong>&#8216;ye y\u00f6nelik sald\u0131r\u0131lar\u0131, Gazze&#8217;ye insani yard\u0131mlar ve Gazze&#8217;den tahliyeler ele al\u0131nd\u0131.<\/p>\n<p>\u0130kili, Ukrayna ve Karaba\u011f&#8217;daki durumu da g\u00f6r\u00fc\u015ft\u00fc.<\/p>\n<p>D\u0131\u015fi\u015fleri Bakan\u0131 Fidan, M\u0131s\u0131rl\u0131 mevkida\u015f\u0131 Samih \u015eukri&#8217;nin davetine icabetle 13-14 Ekim&#8217;de M\u0131s\u0131r\u2019a iki g\u00fcnl\u00fck resmi ziyaret ger\u00e7ekle\u015ftiriyor.<\/p>\n<h3>D\u0131\u015fi\u015fleri Bakan\u0131 Fidan, Arap Birli\u011fi Genel Sekreteri Gayt ile g\u00f6r\u00fc\u015ft\u00fc<\/h3>\n<p>D\u0131\u015fi\u015fleri Bakan\u0131 Hakan Fidan, Kahire&#8217;de Arap Birli\u011fi Genel Sekreteri Ahmed Ebu Gayt\u200b\u200b\u200b\u200b\u200b\u200b\u200b ile g\u00f6r\u00fc\u015ft\u00fc.<\/p>\n<blockquote class=\"twitter-tweet\">\n<p dir=\"ltr\" lang=\"tr\">Bakan\u0131m\u0131z <a href=\"https:\/\/twitter.com\/HakanFidan?ref_src=twsrc%5Etfw\">@HakanFidan<\/a>, <a href=\"https:\/\/twitter.com\/hashtag\/Kahire?src=hash&amp;ref_src=twsrc%5Etfw\">#Kahire<\/a>&#8216;de Arap Devletleri Ligi Genel Sekreteri Ahmed Aboul Gheit&#8217;le g\u00f6r\u00fc\u015ft\u00fc. <a href=\"https:\/\/t.co\/OmCrzY65VK\">pic.twitter.com\/OmCrzY65VK<\/a><\/p>\n<p>\u2014 T.C. D\u0131\u015fi\u015fleri Bakanl\u0131\u011f\u0131 (@TC_Disisleri) <a href=\"https:\/\/twitter.com\/TC_Disisleri\/status\/1713173958722244825?ref_src=twsrc%5Etfw\">October 14, 2023<\/a><\/p><\/blockquote>\n<p>D\u0131\u015fi\u015fleri Bakanl\u0131\u011f\u0131n\u0131n X sosyal medya platformundan yap\u0131lan payla\u015f\u0131mda, Bakan Fidan&#8217;\u0131n, resmi ziyaret kapsam\u0131nda bulundu\u011fu Kahire&#8217;de Gayt ile bir araya geldi\u011fi belirtildi.<\/p>\n<p>Payla\u015f\u0131mda, g\u00f6r\u00fc\u015fmeye ili\u015fkin foto\u011frafa da yer verildi.<\/p>\n<p>D\u0131\u015fi\u015fleri Bakan\u0131 Fidan, M\u0131s\u0131rl\u0131 mevkida\u015f\u0131 Samih \u015eukri&#8217;nin davetine icabetle 13 ve 14 Ekim&#8217;de M\u0131s\u0131r&#8217;a iki g\u00fcnl\u00fck resmi ziyarette bulunuyor.<\/p>\n<p>Bakan Fidan&#8217;\u0131n, M\u0131s\u0131r D\u0131\u015fi\u015fleri Bakan\u0131 \u015eukri ile g\u00f6r\u00fc\u015fmesi ve ortak bas\u0131n toplant\u0131s\u0131 d\u00fczenlenmesi bekleniyor.<\/p>\n<p>Fidan, Kahire&#8217;de Alman mevkida\u015f\u0131 Annalena Baerbock ile de g\u00f6r\u00fc\u015fm\u00fc\u015ft\u00fc.<\/p>\n<p>                            <span class=\"detay-foto-editor\">&#13;<br \/>\n                                <a href=\"https:\/\/www.aa.com.tr\/tr\/p\/abonelik-talep-formu\/1001\" target=\"_blank\" style=\"font-size:12px; color:#444; text-decoration:none;\" rel=\"noopener\">&#13;<br \/>\n                                    Anadolu Ajans\u0131 web sitesinde, AA Haber Ak\u0131\u015f Sistemi (HAS) \u00fczerinden abonelere sunulan haberler, \u00f6zetlenerek yay\u0131mlanmaktad\u0131r. <b style=\"color:#1897F7\">Abonelik i\u00e7in l\u00fctfen ileti\u015fime ge\u00e7iniz.<\/b>&#13;<br \/>\n                                <\/a>&#13;<br \/>\n                            <\/span>\n                        <\/div>\n<p><script async src=\"\/\/platform.twitter.com\/widgets.js\" charset=\"utf-8\"><\/script><script>\n\t  window.fbAsyncInit = function() {\n\t\tFB.init({\n\t\t  appId: '1855843514662870',\n\t\t  status : true, \/\/ check login status\n\t\t  cookie : true, \/\/ enable cookies to allow the server to access the session\n\t\t  xfbml  : true  \/\/ parse XFBML\n\t\t});\n\t  };<\/p>\n<p>\t  (function() {\n\t\tvar e = document.createElement('script');\n\t\te.src=\"https:\/\/connect.facebook.net\/tr_TR\/all.js\";\n\t\te.async = true;\n\t\tdocument.getElementById('fb-root').appendChild(e);\n\t  }());\n    <\/script><\/p>\n","protected":false},"excerpt":{"rendered":"<p>D\u0131\u015fi\u015fleri Bakanl\u0131\u011f\u0131,\u00a0X sosyal medya\u00a0platformundan yapt\u0131\u011f\u0131 payla\u015f\u0131mda, Bakan\u00a0Fidan\u00a0ve M\u0131s\u0131r Cumhurba\u015fkan\u0131\u00a0Sisi&#8216;nin Kahire&#8217;de g\u00f6r\u00fc\u015ft\u00fcklerini duyurdu. Bakan\u0131m\u0131z\u00a0@HakanFidan,\u00a0#Kahire&#8216;de\u00a0#M\u0131s\u0131r\u00a0Cumhurba\u015fkan\u0131 Abdel Fattah El-Sisi\u2019yle g\u00f6r\u00fc\u015ft\u00fc.&#x1f1f9;&#x1f1f7;&#x1f1ea;&#x1f1ec;\u00a0pic.twitter.com\/A9gdoG79PT \u2014 T.C. D\u0131\u015fi\u015fleri Bakanl\u0131\u011f\u0131 (@TC_Disisleri)\u00a0October 14, 2023 Payla\u015f\u0131mda, &#8220;Bakan\u0131m\u0131z Hakan Fidan, Kahire&#8217;de M\u0131s\u0131r Cumhurba\u015fkan\u0131 Abdel Fattah El-Sisi&#8217;yle g\u00f6r\u00fc\u015ft\u00fc.&#8221; ifadesi kullan\u0131ld\u0131. Ayr\u0131ca payla\u015f\u0131mda g\u00f6r\u00fc\u015fmeye ili\u015fkin foto\u011frafa da yer verildi. M\u0131s\u0131r Cumhurba\u015fkanl\u0131\u011f\u0131: &#8220;Gazze halk\u0131n\u0131n insani yard\u0131ma g\u00fcvenli ve acil eri\u015fiminin [&hellip;]<\/p>\n","protected":false},"author":1,"featured_media":17543,"comment_status":"","ping_status":"","sticky":false,"template":"","format":"standard","meta":[],"categories":[47],"tags":[],"_links":{"self":[{"href":"https:\/\/kraios.app\/news\/wp-json\/wp\/v2\/posts\/17542"}],"collection":[{"href":"https:\/\/kraios.app\/news\/wp-json\/wp\/v2\/posts"}],"about":[{"href":"https:\/\/kraios.app\/news\/wp-json\/wp\/v2\/types\/post"}],"author":[{"embeddable":true,"href":"https:\/\/kraios.app\/news\/wp-json\/wp\/v2\/users\/1"}],"replies":[{"embeddable":true,"href":"https:\/\/kraios.app\/news\/wp-json\/wp\/v2\/comments?post=17542"}],"version-history":[{"count":0,"href":"https:\/\/kraios.app\/news\/wp-json\/wp\/v2\/posts\/17542\/revisions"}],"wp:featuredmedia":[{"embeddable":true,"href":"https:\/\/kraios.app\/news\/wp-json\/wp\/v2\/media\/17543"}],"wp:attachment":[{"href":"https:\/\/kraios.app\/news\/wp-json\/wp\/v2\/media?parent=17542"}],"wp:term":[{"taxonomy":"category","embeddable":true,"href":"https:\/\/kraios.app\/news\/wp-json\/wp\/v2\/categories?post=17542"},{"taxonomy":"post_tag","embeddable":true,"href":"https:\/\/kraios.app\/news\/wp-json\/wp\/v2\/tags?post=17542"}],"curies":[{"name":"wp","href":"https:\/\/api.w.org\/{rel}","templated":true}]}}