{"id":17488,"date":"2023-10-14T10:51:22","date_gmt":"2023-10-14T10:51:22","guid":{"rendered":"https:\/\/kraios.app\/news\/siyaset\/2023\/10\/14\/gazzenin-en-temel-haklarindan-mahrum-birakilmasi-her-turlu-insani-degere-aykiridir\/"},"modified":"2023-10-14T10:51:22","modified_gmt":"2023-10-14T10:51:22","slug":"gazzenin-en-temel-haklarindan-mahrum-birakilmasi-her-turlu-insani-degere-aykiridir","status":"publish","type":"post","link":"https:\/\/kraios.app\/news\/siyaset\/2023\/10\/14\/gazzenin-en-temel-haklarindan-mahrum-birakilmasi-her-turlu-insani-degere-aykiridir\/","title":{"rendered":"Gazze&#8217;nin en temel haklar\u0131ndan mahrum b\u0131rak\u0131lmas\u0131 her t\u00fcrl\u00fc insani de\u011fere ayk\u0131r\u0131d\u0131r"},"content":{"rendered":"<p><\/p>\n<div>\n<p>Y\u0131lmaz, Van&#8217;daki programlar\u0131 kapsam\u0131nda, Y\u00fcz\u00fcnc\u00fc Y\u0131l \u00dcniversitesi (YY\u00dc) Akademik Y\u0131l\u0131 A\u00e7\u0131l\u0131\u015f\u0131 ve Fahri Doktora Tevdi T\u00f6reni&#8217;ne kat\u0131ld\u0131.<\/p>\n<p>Cengiz Andi\u00e7 K\u00fclt\u00fcr Merkezi&#8217;nde foto\u011fraf sanat\u00e7\u0131s\u0131 Murat Cacim&#8217;in sergisini gezen Y\u0131lmaz, t\u00f6rende yapt\u0131\u011f\u0131 konu\u015fmada, 2023-2024 akademik y\u0131l\u0131n\u0131n hay\u0131rl\u0131 olmas\u0131n\u0131 diledi, fahri doktora \u00fcnvan\u0131 i\u00e7in \u00fcniversite senatosuna te\u015fekk\u00fcr etti.<\/p>\n<p>\u00dcniversitelerin ekonomik ve sosyal kalk\u0131nman\u0131n itici g\u00fcc\u00fc olarak toplumun ve hayat\u0131n tam merkezinde yer ald\u0131\u011f\u0131n\u0131 belirten Y\u0131lmaz, her alanda toplumsal seviyeyi y\u00fckseltme i\u015flevi g\u00f6ren \u00fcniversitelerin ayn\u0131 zamanda fikri in\u015fa zemini olu\u015fturdu\u011funu dile getirdi.<\/p>\n<p>\u00dcniversitelerin \u00f6nemli bir misyonunun da \u00f6\u011frencileri gelece\u011fe ve i\u015f g\u00fcc\u00fc piyasas\u0131na haz\u0131rlamalar\u0131 oldu\u011funu kaydeden Y\u0131lmaz, \u015f\u00f6yle konu\u015ftu:<\/p>\n<p>&#8220;Bizler de \u00fcniversitelerimizi, kaliteli be\u015feri sermayenin ve toplumsal refah\u0131n kayna\u011f\u0131 olarak g\u00f6r\u00fcyoruz. Her bir y\u00fcksek\u00f6\u011fretim kurumumuza bilimin toplum i\u00e7in faydal\u0131 bir \u00fcr\u00fcne d\u00f6n\u00fc\u015fmesine imkan veren, \u00f6nc\u00fc kurum olarak yakla\u015f\u0131yoruz. Y\u00fcksek\u00f6\u011fretim, Cumhurba\u015fkan\u0131&#8217;m\u0131z\u0131n liderli\u011finde \u00fczerinde hassasiyetle durdu\u011fumuz ve en \u00e7ok yat\u0131r\u0131m yapt\u0131\u011f\u0131m\u0131z alanlar\u0131n ba\u015f\u0131nda geliyor. \u00dcniversiteleri, do\u011fu bat\u0131 ay\u0131rmadan \u00fclkemizin d\u00f6rt bir yan\u0131nda yayg\u0131nla\u015ft\u0131r\u0131rken y\u00fcksek\u00f6\u011fretimde ihtisasla\u015fma ve g\u00fc\u00e7l\u00fc akademik performans\u0131 destekledik. Y\u00fcksek\u00f6\u011frenim dahil e\u011fitim \u00f6\u011fretim b\u00fct\u00e7esi 2002&#8217;de 10 milyar lira seviyesinden 720 milyar liral\u0131k seviyeye ula\u015fm\u0131\u015ft\u0131r. \u00dcniversite say\u0131m\u0131z 76&#8217;dan 208&#8217;e, \u00f6\u011fretim personeli say\u0131m\u0131z 70 binden 184 bine, \u00f6\u011frenci say\u0131m\u0131z ise 1,6 milyondan yakla\u015f\u0131k 8 milyona y\u00fckselmi\u015ftir. Bir d\u00f6nem gen\u00e7lerimiz k\u0131yafetlerinden dolay\u0131 \u00fcniversite kap\u0131s\u0131ndan geri \u00e7evrilirken bug\u00fcn herkes i\u00e7in demokratik, \u00f6zg\u00fcr ve bilim odakl\u0131 y\u00fcksek\u00f6\u011frenim yap\u0131s\u0131na kavu\u015fmu\u015f durumday\u0131z.&#8221;<\/p>\n<p><img decoding=\"async\" alt=\"\" src=\"https:\/\/www.aa.com.tr\/uploads\/userFiles\/c9f1ae26-3cf3-4ab4-9d72-230dedd01a4c\/AA-32401482.jpg\"\/><\/p>\n<p>\u00dcniversiteleri yayg\u0131nla\u015ft\u0131r\u0131rken, \u00f6\u011frencilerin bar\u0131nma ihtiya\u00e7lar\u0131n\u0131 da unutmad\u0131klar\u0131n\u0131, T\u00fcrkiye \u00e7ap\u0131nda yurtlar\u0131n yatak kapasitesini 954 bine \u00e7\u0131kard\u0131klar\u0131n\u0131, bu say\u0131y\u0131 yak\u0131n zamanda 1 milyona ta\u015f\u0131may\u0131 hedeflediklerini vurgulayan Y\u0131lmaz, y\u00fcksek\u00f6\u011fretimde har\u00e7lar\u0131 kald\u0131rd\u0131klar\u0131n\u0131, bunun yan\u0131nda, kredi veya burs olarak lisans \u00f6\u011frencilerine ayl\u0131k 1250 lira, y\u00fcksek lisans \u00f6\u011frencilerine 2 bin 500 lira ve doktora \u00f6\u011frencilerine 3 bin 750 lira destek verdiklerini anlatt\u0131.<\/p>\n<h3>&#8220;Y\u00fcksek\u00f6\u011frenimde \u00fclkemizin yakalad\u0131\u011f\u0131 ba\u015far\u0131y\u0131 uluslararas\u0131 raporlar da teyit ediyor&#8221;<\/h3>\n<p>\u00dcniversiteli gen\u00e7lere son d\u00f6nemlerde teknolojik cihaz deste\u011fi ve \u00fccretsiz internet desteklerini \u015fekillendirdiklerini ifade eden Y\u0131lmaz, di\u011fer taraftan bilim insan\u0131 desteklerini art\u0131rd\u0131klar\u0131n\u0131 ve akademisyenlerin \u00f6zl\u00fck haklar\u0131nda iyile\u015ftirmeler yapt\u0131klar\u0131n\u0131 kaydetti.<\/p>\n<p>\u00dcniversitelere Ar-Ge ve TEKNOKENT yat\u0131r\u0131mlar\u0131 i\u00e7in 10 milyar liran\u0131n \u00fczerinde te\u015fvik verildi\u011fini anlatan Y\u0131lmaz, &#8220;Akademisyenlerimizce \u00fcretilen makaleler bug\u00fcn d\u00fcnyan\u0131n \u00f6nde gelen bilimsel dergilerinde yay\u0131nlanmakta, \u00f6nemli bilim organizasyonlar\u0131nda T\u00fcrk akademisyenlerin bildirilerine yer verilmektedir. Y\u00fcksek\u00f6\u011fretimde \u00fclkemizin yakalad\u0131\u011f\u0131 ba\u015far\u0131y\u0131 uluslararas\u0131 raporlar da teyit ediyor. Uluslararas\u0131 y\u00fcksek\u00f6\u011fretim derecelendirme kurulu\u015fu Times Higher Education&#8217;\u0131n 2024 D\u00fcnya \u00dcniversiteler S\u0131ralamas\u0131nda ilk 400&#8217;e 3, ilk 1000&#8217;e 11 \u00fcniversitemiz girmeyi ba\u015fard\u0131. \u0130lk kez 3 \u00fcniversitemizin birden ilk 400&#8217;de yer alm\u0131\u015f olmas\u0131 \u00e7ok k\u0131ymetli. T\u00fcrkiye&#8217;den toplam 75 \u00fcniversite listeye girdi ve T\u00fcrkiye d\u00fcnyada en fazla temsil edilen 7. \u00fclke oldu. Van YY\u00dc&#8217;n\u00fcn s\u0131ralamada yer alan 75 \u00fcniversitemizden biri olmas\u0131 takdire \u015fayand\u0131r.&#8221; de\u011ferlendirmesinde bulundu.<\/p>\n<p>E\u011fitime yap\u0131lan yat\u0131r\u0131mlar\u0131n bir g\u00fcnde meyve vermedi\u011fini, bir s\u00fcre\u00e7 gerekti\u011fini vurgulayan Y\u0131lmaz, bu ba\u015far\u0131lar\u0131n 20 y\u0131lda yap\u0131lan \u00e7al\u0131\u015fmalar\u0131n, yat\u0131r\u0131mlar\u0131n sonucu oldu\u011funu ifade etti.<\/p>\n<p>\u0130stihdam odakl\u0131 program se\u00e7imi, akademik \u00fcretkenlik hedefleri, \u00fcniversite-sanayi i\u015fbirli\u011finde yeni modeller, teknoparklar ve dijital imkanlarla y\u00fcksek\u00f6\u011fretim sisteminde hep daha iyiye ilerlediklerini aktaran Y\u0131lmaz, T\u00fcrkiye Y\u00fczy\u0131l\u0131&#8217;nda, kalk\u0131nman\u0131n en \u00f6nemli unsuru olan e\u011fitimin en temel \u00f6ncelikleri olaca\u011f\u0131n\u0131 belirtti.<\/p>\n<p>Y\u00fcksek\u00f6\u011fretimde vizyonlar\u0131n\u0131n b\u00fct\u00fcn \u00fcniversitelerin \u00fcretkenlik, inovasyon ve s\u00fcrd\u00fcr\u00fclebilir ilerlemenin markala\u015fm\u0131\u015f birer merkezi haline gelmesi oldu\u011funun alt\u0131n\u0131 \u00e7izen Y\u0131lmaz, \u015f\u00f6yle devam etti:<\/p>\n<p>&#8220;\u00dcniversitelerimizin k\u00fcresel rekabet g\u00fcc\u00fcn\u00fc art\u0131r\u0131p ilk 500&#8217;e giren T\u00fcrk \u00fcniversitesi say\u0131s\u0131n\u0131 en az 10&#8217;a \u00e7\u0131karmak istiyoruz. \u00d6zellikle depremde zarar g\u00f6ren \u00fcniversite kamp\u00fcslerimizi eskisinden daha iyi hale getirmek i\u00e7in \u00e7al\u0131\u015fmaya devam edece\u011fiz. 2011 Van depreminden sonra uzun s\u00fcre burada g\u00f6rev yapm\u0131\u015ft\u0131m. O d\u00f6nemde YY\u00dc&#8217;ye b\u00fcy\u00fck yat\u0131r\u0131mlar yap\u0131ld\u0131. Hi\u00e7bir fedakarl\u0131ktan ka\u00e7\u0131n\u0131lmad\u0131. Bu da Van&#8217;\u0131n yeniden canlanmas\u0131nda \u00e7ok \u00f6nemli katk\u0131da bulundu. Bunu di\u011fer illerimizde de tekrarlayarak yolumuza devam edece\u011fiz. Y\u00fcksek\u00f6\u011fretim kurumlar\u0131m\u0131z\u0131n bulunduklar\u0131 \u015fehrin ve b\u00f6lgenin ihtiyac\u0131na g\u00f6re farkl\u0131 alanlarda b\u00f6lgesel kalk\u0131nmaya katk\u0131 sundu\u011funun bilincindeyiz. \u00d6zellikle B\u00f6lgesel ihtiya\u00e7lar\u0131 dikkate alarak \u00fcniversitelerin kapasitelerini g\u00fc\u00e7lendirece\u011fiz. \u00dcniversitelerimiz birbirinin kopyas\u0131 olmamal\u0131, farkl\u0131l\u0131klar olabilmeli. \u0130\u00e7inde bulundu\u011fu b\u00f6lgeye g\u00f6re kendisini farkl\u0131la\u015ft\u0131rabilen, b\u00f6lgenin kalk\u0131nma perspektifiyle kurumsal geli\u015fim stratejilerini \u00f6rt\u00fc\u015ft\u00fcren \u00fcniversitelerimiz \u00e7ok \u00f6nemli bir g\u00f6rev icra edeceklerdir.&#8221;<\/p>\n<p>&#8220;\u00dcniversiteler, etraf\u0131nda ne fiziki ne zihinsel duvarlar olmayan kurumlar olmal\u0131d\u0131r. \u00dcniversiteler a\u00e7\u0131k sistemler olmal\u0131d\u0131r&#8221; diyen Y\u0131lmaz, &#8220;\u00d6n lisans ve lisans programlar\u0131n\u0131n i\u00e7eriklerini meslek ve istihdam odakl\u0131 yenilemeye devam edecek, programlar\u0131 gelece\u011fin mesleklerine uyumlu hale getirece\u011fiz. \u00d6\u011frencilerimize sosyal adalet ve f\u0131rsat e\u015fitli\u011fi temelinde y\u00fcksek\u00f6\u011fretim hizmeti sunmay\u0131 s\u00fcrd\u00fcrece\u011fiz. Ben Bing\u00f6l Lisesi mezunuyum daha sonra da ODT\u00dc&#8217;de \u00f6\u011frenci oldum sonra e\u011fitim hayat\u0131m devam etti. E\u011fitim olmasa bug\u00fcn kar\u015f\u0131n\u0131zda Cumhurba\u015fkan\u0131 Yard\u0131mc\u0131s\u0131 olarak durmazd\u0131m. \u00dclkemizin d\u00f6rt bir yan\u0131nda bu \u00fcniversiteler gen\u00e7lerimize bu imkan\u0131 sunduklar\u0131 \u00f6l\u00e7\u00fcde sosyal adalet anlam\u0131nda da \u00e7ok \u00f6nemli g\u00f6rev icra ettiklerini g\u00f6r\u00fcyoruz.&#8221; ifadelerini kulland\u0131.<\/p>\n<h3>&#8220;Tek bir masumun dahi burnunun kanamas\u0131n\u0131 istemeyiz&#8221;<\/h3>\n<p>Akademik ba\u015far\u0131 kadar ahlaki ve insani de\u011ferleri i\u00e7selle\u015ftirmenin, bu de\u011ferleri \u00f6z\u00fcmsemenin de \u00f6nemli oldu\u011funu vurgulayan Y\u0131lmaz, d\u00fcnyan\u0131n d\u00f6rt bir yan\u0131nda \u00e7at\u0131\u015fmalar\u0131n ya\u015fand\u0131\u011f\u0131, k\u00fcresel adaletin olmad\u0131\u011f\u0131 bug\u00fcn\u00fcn d\u00fcnyas\u0131nda bu de\u011ferlerin her t\u00fcrl\u00fc k\u0131ymetin \u00fczerinde oldu\u011funa dikkati \u00e7ekti.<\/p>\n<p>\u0130srail ve Filistin ba\u011flam\u0131nda ya\u015fanan insani dram\u0131n sonu\u00e7lar\u0131n\u0131n ortada oldu\u011funu belirten Y\u0131lmaz, s\u00f6zlerini \u015f\u00f6yle s\u00fcrd\u00fcrd\u00fc:<\/p>\n<p>&#8220;Biz T\u00fcrkiye olarak tek bir masumun dahi burnunun kanamas\u0131n\u0131 istemeyiz. \u0130srail&#8217;in s\u00fcregiden i\u015fgali, Gazze&#8217;deki ya\u015fam ko\u015fullar\u0131n\u0131 her ge\u00e7en g\u00fcn daha da a\u011f\u0131r hale getirdi. Son sald\u0131r\u0131lar ise Gazze&#8217;deki durumun vahametini daha da art\u0131rm\u0131\u015f durumda. Camilerin ve sivil yerle\u015fim yerlerinin bombalanmas\u0131 kabul edilemez. Gazze&#8217;de ya\u015fayan toplumun izole edilmesi, en temel haklar\u0131ndan, sudan, g\u0131dadan, elektrikten mahrum b\u0131rak\u0131lmas\u0131 uluslararas\u0131 hukuka da temel hak ve \u00f6zg\u00fcrl\u00fckler anlay\u0131\u015f\u0131na da demokratik ve ahlaki de\u011ferlere de her t\u00fcrl\u00fc insani de\u011fere de ayk\u0131r\u0131d\u0131r. Buna sessiz kalan bir\u00e7ok uluslararas\u0131 \u00e7evreyi ve \u00fclkeyi ibretle takip ediyoruz. 2,5 milyonluk Gazze halk\u0131n\u0131n g\u00f6\u00e7e zorlanmas\u0131 da insan haklar\u0131 a\u00e7\u0131s\u0131ndan hi\u00e7bir \u015fekilde kabul edilemez.&#8221;<\/p>\n<p>Milyonlarca sivilin, kad\u0131n\u0131yla \u00e7ocu\u011fuyla a\u00e7l\u0131k tehlikesiyle kar\u015f\u0131 kar\u015f\u0131yayken b\u00f6lgeye insani yard\u0131mlar\u0131n kesilmesinin s\u00f6z\u00fcn bitti\u011fi yer oldu\u011funu ifade eden Y\u0131lmaz, \u015funlar\u0131 kaydetti:<\/p>\n<p>&#8220;Yard\u0131mlar\u0131n kesilmesi gibi ad\u0131mlar, mevcut \u00e7at\u0131\u015fmalar\u0131n zaten ma\u011fdur etti\u011fi sivillerin daha fazla ac\u0131 \u00e7ekmesine yol a\u00e7acakt\u0131r. Orant\u0131s\u0131z sald\u0131r\u0131lar, i\u00e7inde bulundu\u011fumuz durumu daha da \u00e7\u0131kmaza s\u00fcr\u00fckleyecektir. T\u0131rmanman\u0131n yay\u0131lmadan kontrol alt\u0131na al\u0131nmas\u0131 samimi temennimizdir. Taraflar\u0131n itidalle hareket ederek fevri ad\u0131mlardan uzak durmalar\u0131 son derece \u00f6nemlidir. \u00c7at\u0131\u015fmalar\u0131n durmas\u0131n\u0131 teminen temaslar\u0131m\u0131z\u0131 yo\u011fun bir \u015fekilde s\u00fcrd\u00fcr\u00fcyoruz. Say\u0131n Cumhurba\u015fkan\u0131&#8217;m\u0131z, d\u00fcnyadan bir\u00e7ok liderle yapt\u0131\u011f\u0131 g\u00f6r\u00fc\u015fmelerde bu ilkeli tutumumuzu ve itidal \u00e7a\u011fr\u0131m\u0131z\u0131 her defas\u0131nda ifade ediyor. T\u00fcrkiye olarak, taraflar\u0131n talep etmesi halinde esir takas\u0131 dahil her t\u00fcrl\u00fc arabuluculu\u011fa haz\u0131r oldu\u011fumuzu ifade ettik. 1967 s\u0131n\u0131rlar\u0131nda, ba\u015fkenti Do\u011fu Kud\u00fcs olan, co\u011frafi b\u00fct\u00fcnl\u00fc\u011fe sahip, ba\u011f\u0131ms\u0131z, egemen bir Filistin devleti kurulmadan, b\u00f6lgeye huzur gelmeyece\u011fine inan\u0131yoruz. Bu s\u00fcre\u00e7te Filistinli m\u00fclteciler ba\u015fta olmak \u00fczere Filistin halk\u0131na y\u00f6nelik yard\u0131mlar\u0131n devam etmesi kritiktir.&#8221;<\/p>\n<p>Gazze halk\u0131n\u0131n ihtiya\u00e7 duyaca\u011f\u0131 insani yard\u0131m malzemelerini, ila\u00e7tan dayan\u0131kl\u0131 g\u0131daya, konserveden \u00e7ocuk bezine kadar g\u00f6ndermeye ba\u015flad\u0131klar\u0131n\u0131 anlatan Y\u0131lmaz, &#8220;Baz\u0131 \u00fclkeler b\u00f6lgede tansiyonu daha da y\u00fckseltecek agresif hamleler pe\u015findeyken biz T\u00fcrkiye olarak bize yak\u0131\u015fan\u0131 yapt\u0131k. \u00c7at\u0131\u015fmalar\u0131n ve ac\u0131lar\u0131n sonland\u0131r\u0131lmas\u0131 i\u00e7in elimizden geleni yapmaya haz\u0131r oldu\u011fumuzu bir kez daha ifade etmek istiyorum.&#8221; dedi.<\/p>\n<p>Van YY\u00dc&#8217;n\u00fcn 41 y\u0131ll\u0131k k\u00f6kl\u00fc ge\u00e7mi\u015fe sahip ve b\u00f6lge baz\u0131nda da kalk\u0131nmaya y\u00f6nelik projelere destek veren \u00f6nemli bir kurum oldu\u011funu bildiren Y\u0131lmaz, \u015f\u00f6yle konu\u015ftu:<\/p>\n<p>&#8220;Hepiniz \u00fcniversiteli olman\u0131n anlam\u0131n\u0131 kavrayarak, kendi alanlar\u0131n\u0131zda hayallerinizi ger\u00e7ekle\u015ftirecek, ba\u015far\u0131dan ba\u015far\u0131ya ko\u015facaks\u0131n\u0131z. Sizlerden, \u00fcniversitede bulundu\u011funuz her an\u0131, bilimi, ara\u015ft\u0131rmay\u0131 ve kendinizi geli\u015ftirmeyi \u00f6nceleyerek vaktinizi en verimli \u015fekilde ge\u00e7irmenizi bekliyoruz. Gen\u00e7lik enerjinizi istismar etmek isteyen her t\u00fcrl\u00fc yap\u0131dan uzak, kar\u015f\u0131l\u0131kl\u0131 sayg\u0131 ve karde\u015fli\u011fin hakim oldu\u011fu bir atmosferde yeni d\u00fcnyalara kap\u0131 a\u00e7acaks\u0131n\u0131z.&#8221;<\/p>\n<p>Van YY\u00dc Rekt\u00f6r\u00fc Prof. Dr. Hamdullah \u015eevli ise \u00fcniversitelerinin k\u00f6kl\u00fc ve kurumsal kimli\u011fi, sa\u011flam bir zeminde i\u015fleyen idare ve y\u00f6netim sistemi, akademik sosyal ve k\u00fclt\u00fcrel olanaklar\u0131 ile T\u00fcrkiye&#8217;den ve yurt d\u0131\u015f\u0131ndan ba\u015far\u0131l\u0131 \u00f6\u011frenci ve \u00f6\u011fretim \u00fcyelerinin en \u00e7ok tercih etti\u011fi y\u00fcksek\u00f6\u011fretim kurumlar\u0131 aras\u0131nda yer ald\u0131\u011f\u0131n\u0131 vurgulad\u0131.<\/p>\n<p>Y\u0131lmaz&#8217;a diploma takdimi ve c\u00fcbbe giydirilmesiyle sona eren programa, Van Valisi ve B\u00fcy\u00fck\u015fehir Belediye Ba\u015fkan Vekili Ozan Balc\u0131, AK Parti Van Milletvekilleri Burhan Kayat\u00fcrk, Kayhan T\u00fcrkmeno\u011flu, Van Jandarma Asayi\u015f Kolordu Komutan\u0131 T\u00fcmgeneral Aykut Tanr\u0131verdi, Van Cumhuriyet Ba\u015fsavc\u0131s\u0131 Harun Karahan, vali yard\u0131mc\u0131lar\u0131, kaymakamlar, Emniyet M\u00fcd\u00fcr\u00fc Atanur Ayd\u0131n, dekanlar ve \u00fcniversite personeli kat\u0131ld\u0131.<\/p>\n<p>                            <span class=\"detay-foto-editor\">&#13;<br \/>\n                                <a href=\"https:\/\/www.aa.com.tr\/tr\/p\/abonelik-talep-formu\/1001\" target=\"_blank\" style=\"font-size:12px; color:#444; text-decoration:none;\" rel=\"noopener\">&#13;<br \/>\n                                    Anadolu Ajans\u0131 web sitesinde, AA Haber Ak\u0131\u015f Sistemi (HAS) \u00fczerinden abonelere sunulan haberler, \u00f6zetlenerek yay\u0131mlanmaktad\u0131r. <b style=\"color:#1897F7\">Abonelik i\u00e7in l\u00fctfen ileti\u015fime ge\u00e7iniz.<\/b>&#13;<br \/>\n                                <\/a>&#13;<br \/>\n                            <\/span>\n                        <\/div>\n<p><script>\n\t  window.fbAsyncInit = function() {\n\t\tFB.init({\n\t\t  appId: '1855843514662870',\n\t\t  status : true, \/\/ check login status\n\t\t  cookie : true, \/\/ enable cookies to allow the server to access the session\n\t\t  xfbml  : true  \/\/ parse XFBML\n\t\t});\n\t  };<\/p>\n<p>\t  (function() {\n\t\tvar e = document.createElement('script');\n\t\te.src=\"https:\/\/connect.facebook.net\/tr_TR\/all.js\";\n\t\te.async = true;\n\t\tdocument.getElementById('fb-root').appendChild(e);\n\t  }());\n    <\/script><\/p>\n","protected":false},"excerpt":{"rendered":"<p>Y\u0131lmaz, Van&#8217;daki programlar\u0131 kapsam\u0131nda, Y\u00fcz\u00fcnc\u00fc Y\u0131l \u00dcniversitesi (YY\u00dc) Akademik Y\u0131l\u0131 A\u00e7\u0131l\u0131\u015f\u0131 ve Fahri Doktora Tevdi T\u00f6reni&#8217;ne kat\u0131ld\u0131. Cengiz Andi\u00e7 K\u00fclt\u00fcr Merkezi&#8217;nde foto\u011fraf sanat\u00e7\u0131s\u0131 Murat Cacim&#8217;in sergisini gezen Y\u0131lmaz, t\u00f6rende yapt\u0131\u011f\u0131 konu\u015fmada, 2023-2024 akademik y\u0131l\u0131n\u0131n hay\u0131rl\u0131 olmas\u0131n\u0131 diledi, fahri doktora \u00fcnvan\u0131 i\u00e7in \u00fcniversite senatosuna te\u015fekk\u00fcr etti. \u00dcniversitelerin ekonomik ve sosyal kalk\u0131nman\u0131n itici g\u00fcc\u00fc olarak toplumun ve [&hellip;]<\/p>\n","protected":false},"author":1,"featured_media":17489,"comment_status":"","ping_status":"","sticky":false,"template":"","format":"standard","meta":[],"categories":[47],"tags":[],"_links":{"self":[{"href":"https:\/\/kraios.app\/news\/wp-json\/wp\/v2\/posts\/17488"}],"collection":[{"href":"https:\/\/kraios.app\/news\/wp-json\/wp\/v2\/posts"}],"about":[{"href":"https:\/\/kraios.app\/news\/wp-json\/wp\/v2\/types\/post"}],"author":[{"embeddable":true,"href":"https:\/\/kraios.app\/news\/wp-json\/wp\/v2\/users\/1"}],"replies":[{"embeddable":true,"href":"https:\/\/kraios.app\/news\/wp-json\/wp\/v2\/comments?post=17488"}],"version-history":[{"count":0,"href":"https:\/\/kraios.app\/news\/wp-json\/wp\/v2\/posts\/17488\/revisions"}],"wp:featuredmedia":[{"embeddable":true,"href":"https:\/\/kraios.app\/news\/wp-json\/wp\/v2\/media\/17489"}],"wp:attachment":[{"href":"https:\/\/kraios.app\/news\/wp-json\/wp\/v2\/media?parent=17488"}],"wp:term":[{"taxonomy":"category","embeddable":true,"href":"https:\/\/kraios.app\/news\/wp-json\/wp\/v2\/categories?post=17488"},{"taxonomy":"post_tag","embeddable":true,"href":"https:\/\/kraios.app\/news\/wp-json\/wp\/v2\/tags?post=17488"}],"curies":[{"name":"wp","href":"https:\/\/api.w.org\/{rel}","templated":true}]}}